{"id":21656,"date":"2013-09-25T12:33:43","date_gmt":"2013-09-25T10:33:43","guid":{"rendered":"http:\/\/www.wallendorff.com\/?p=21656"},"modified":"2013-09-25T12:33:43","modified_gmt":"2013-09-25T10:33:43","slug":"les-cieux-au-ciel","status":"publish","type":"post","link":"https:\/\/www.wallendorff.com\/belogue\/2013\/09\/25\/les-cieux-au-ciel\/","title":{"rendered":"Les cieux au ciel."},"content":{"rendered":"\n<div id=\"photo\">\n<p><img decoding=\"async\" src=\"https:\/\/www.wallendorff.com\/belogue\/photo\/2013\/09\/20130925.jpg\"><br \/>\nRue du Bac, Paris, 14 ao&ucirc;t.<\/p>\n<\/p><\/div>\n<div id=\"bandeson\">\n<p><img decoding=\"async\" src=\"https:\/\/www.wallendorff.com\/belogue\/photo\/pochettes\/g\/grouplove-spreading_rumours.jpg\" align=\"left\" \/><a style=\"font-weight:normal\" href=\"http:\/\/www.youtube.com\/watch?v=kgF9knPeReo\"><em>Borderlines and Aliens<\/em><\/a><br \/><a href=\"http:\/\/www.grouplovemusic.com\/\">Grouplove<\/a><\/p>\n<\/p><\/div>\n","protected":false},"excerpt":{"rendered":"<p>Rue du Bac, Paris, 14 ao&ucirc;t. Borderlines and AliensGrouplove<\/p>\n","protected":false},"author":1,"featured_media":26657,"comment_status":"open","ping_status":"open","sticky":false,"template":"","format":"standard","meta":{"_acf_changed":false,"ngg_post_thumbnail":0,"jetpack_post_was_ever_published":false,"_jetpack_newsletter_access":"","_jetpack_dont_email_post_to_subs":false,"_jetpack_newsletter_tier_id":0,"_jetpack_memberships_contains_paywalled_content":false,"_jetpack_memberships_contains_paid_content":false,"footnotes":"","jetpack_publicize_message":"","jetpack_publicize_feature_enabled":true,"jetpack_social_post_already_shared":true,"jetpack_social_options":{"image_generator_settings":{"template":"highway","default_image_id":0,"font":"","enabled":false},"version":2}},"categories":[3],"tags":[10235,8027,1016,6766,10144,10500,10620,10307,10120,10852,10121,10599,10098,7120],"class_list":["post-21656","post","type-post","status-publish","format-standard","has-post-thumbnail","hentry","category-dpc","tag-10235","tag-bordelines-and-aliens","tag-ef-15-mm-f28-fisheye","tag-eos-5d-mark-iii","tag-ciel","tag-contre-plongee","tag-cour","tag-fenetre","tag-france","tag-grouplove","tag-ile-de-france","tag-nuage","tag-paris","tag-rue-du-bac"],"acf":[],"geo":{"latitude":48.8569794,"longitude":2.3270121,"description":"Bureau de Poste de Paris Raspail, \u00cele-de-France, 75007, FR"},"jetpack_publicize_connections":[],"jetpack_featured_media_url":"https:\/\/www.wallendorff.com\/belogue\/wp-content\/uploads\/2015\/04\/201309251.jpg","jetpack_shortlink":"https:\/\/wp.me\/p3b35P-5Di","jetpack_sharing_enabled":true,"jetpack-related-posts":[{"id":132374,"url":"https:\/\/www.wallendorff.com\/belogue\/2025\/06\/01\/lenjouement\/","url_meta":{"origin":21656,"position":0},"title":"L&rsquo;enjouement.","author":"dpc","date":"1 juin 2025","format":false,"excerpt":"Paris, 31 mai 2025.","rel":"","context":"Dans &quot;DPC&quot;","block_context":{"text":"DPC","link":"https:\/\/www.wallendorff.com\/belogue\/category\/dpc\/"},"img":{"alt_text":"","src":"https:\/\/i0.wp.com\/www.wallendorff.com\/belogue\/wp-content\/uploads\/2025\/06\/20250601-26.jpg?resize=350%2C200&ssl=1","width":350,"height":200,"srcset":"https:\/\/i0.wp.com\/www.wallendorff.com\/belogue\/wp-content\/uploads\/2025\/06\/20250601-26.jpg?resize=350%2C200&ssl=1 1x, https:\/\/i0.wp.com\/www.wallendorff.com\/belogue\/wp-content\/uploads\/2025\/06\/20250601-26.jpg?resize=525%2C300&ssl=1 1.5x, https:\/\/i0.wp.com\/www.wallendorff.com\/belogue\/wp-content\/uploads\/2025\/06\/20250601-26.jpg?resize=700%2C400&ssl=1 2x, https:\/\/i0.wp.com\/www.wallendorff.com\/belogue\/wp-content\/uploads\/2025\/06\/20250601-26.jpg?resize=1050%2C600&ssl=1 3x"},"classes":[]},{"id":195,"url":"https:\/\/www.wallendorff.com\/belogue\/2006\/01\/04\/l-uf-et-les-ufs-au-ciel\/","url_meta":{"origin":21656,"position":1},"title":"L&rsquo;&oelig;uf et les &oelig;ufs [au ciel].","author":"dpc","date":"4 janvier 2006","format":false,"excerpt":"Rue Oberkampf, Paris, 31 d\u00e9cembre 2005, 08h25. \"(You're staring at the sun) Oh my own voice Cannot save me now It's just (standing in the sea) One more breath And then I go down\" \u00a0TV on the Radio \u2013 Staring at the Sun","rel":"","context":"Dans &quot;DPC&quot;","block_context":{"text":"DPC","link":"https:\/\/www.wallendorff.com\/belogue\/category\/dpc\/"},"img":{"alt_text":"","src":"https:\/\/i0.wp.com\/www.wallendorff.com\/belogue\/wp-content\/uploads\/2015\/04\/200601041.jpg?resize=350%2C200&ssl=1","width":350,"height":200},"classes":[]},{"id":7544,"url":"https:\/\/www.wallendorff.com\/belogue\/2010\/05\/17\/guess-i-died-a-while-ago\/","url_meta":{"origin":21656,"position":2},"title":"Guess I died a while ago.","author":"dpc","date":"17 mai 2010","format":false,"excerpt":"Rue Mahler, Paris, 10 avril. \u00a0The Veils \u2013 Nux Vomica","rel":"","context":"Dans &quot;DPC&quot;","block_context":{"text":"DPC","link":"https:\/\/www.wallendorff.com\/belogue\/category\/dpc\/"},"img":{"alt_text":"","src":"https:\/\/i0.wp.com\/www.wallendorff.com\/belogue\/wp-content\/uploads\/2015\/04\/201005171.jpg?resize=350%2C200&ssl=1","width":350,"height":200},"classes":[]},{"id":17151,"url":"https:\/\/www.wallendorff.com\/belogue\/2012\/05\/02\/1er-mai\/","url_meta":{"origin":21656,"position":3},"title":"1er mai.","author":"dpc","date":"2 mai 2012","format":false,"excerpt":"Rue Lamarck, Paris. Charli XCX \u2013 I'll Never Know [youtube]http:\/\/www.youtube.com\/watch?v=xBmQ9ZReJ_Q[\/youtube]","rel":"","context":"Dans &quot;DPC&quot;","block_context":{"text":"DPC","link":"https:\/\/www.wallendorff.com\/belogue\/category\/dpc\/"},"img":{"alt_text":"","src":"https:\/\/i0.wp.com\/www.wallendorff.com\/belogue\/wp-content\/uploads\/2015\/04\/201205021.jpg?resize=350%2C200&ssl=1","width":350,"height":200},"classes":[]},{"id":4924,"url":"https:\/\/www.wallendorff.com\/belogue\/2009\/10\/26\/chat-long-sur-sonne\/","url_meta":{"origin":21656,"position":4},"title":"Chat long, s\u00fbr, sonne.","author":"dpc","date":"26 octobre 2009","format":false,"excerpt":"Rue Gustave Geffroy, Paris, 22 mai. \u00a0The National \u2013 Lit Up (remix) Titre nase, oui, mais un peu oblig\u00e9 pour ne pas faire de jaloux apr\u00e8s celui d'hier. Et sinon ce site-l\u00e0 est chouette.","rel":"","context":"Dans &quot;DPC&quot;","block_context":{"text":"DPC","link":"https:\/\/www.wallendorff.com\/belogue\/category\/dpc\/"},"img":{"alt_text":"","src":"https:\/\/i0.wp.com\/www.wallendorff.com\/belogue\/wp-content\/uploads\/2015\/04\/200910261.jpg?resize=350%2C200&ssl=1","width":350,"height":200},"classes":[]},{"id":17458,"url":"https:\/\/www.wallendorff.com\/belogue\/2012\/05\/29\/beaucoup-de-pompes-2\/","url_meta":{"origin":21656,"position":5},"title":"[Beau]coup de pompes [I].","author":"dpc","date":"29 mai 2012","format":false,"excerpt":"Rue Rataud, Paris, 13 avril. The Ting Tings \u2013 Guggenheim [youtube]http:\/\/www.youtube.com\/watch?v=GKa3FQyehi0[\/youtube]","rel":"","context":"Dans &quot;DPC&quot;","block_context":{"text":"DPC","link":"https:\/\/www.wallendorff.com\/belogue\/category\/dpc\/"},"img":{"alt_text":"","src":"https:\/\/i0.wp.com\/www.wallendorff.com\/belogue\/wp-content\/uploads\/2015\/04\/201205291.jpg?resize=350%2C200&ssl=1","width":350,"height":200},"classes":[]}],"_links":{"self":[{"href":"https:\/\/www.wallendorff.com\/belogue\/wp-json\/wp\/v2\/posts\/21656","targetHints":{"allow":["GET"]}}],"collection":[{"href":"https:\/\/www.wallendorff.com\/belogue\/wp-json\/wp\/v2\/posts"}],"about":[{"href":"https:\/\/www.wallendorff.com\/belogue\/wp-json\/wp\/v2\/types\/post"}],"author":[{"embeddable":true,"href":"https:\/\/www.wallendorff.com\/belogue\/wp-json\/wp\/v2\/users\/1"}],"replies":[{"embeddable":true,"href":"https:\/\/www.wallendorff.com\/belogue\/wp-json\/wp\/v2\/comments?post=21656"}],"version-history":[{"count":5,"href":"https:\/\/www.wallendorff.com\/belogue\/wp-json\/wp\/v2\/posts\/21656\/revisions"}],"predecessor-version":[{"id":21661,"href":"https:\/\/www.wallendorff.com\/belogue\/wp-json\/wp\/v2\/posts\/21656\/revisions\/21661"}],"wp:featuredmedia":[{"embeddable":true,"href":"https:\/\/www.wallendorff.com\/belogue\/wp-json\/wp\/v2\/media\/26657"}],"wp:attachment":[{"href":"https:\/\/www.wallendorff.com\/belogue\/wp-json\/wp\/v2\/media?parent=21656"}],"wp:term":[{"taxonomy":"category","embeddable":true,"href":"https:\/\/www.wallendorff.com\/belogue\/wp-json\/wp\/v2\/categories?post=21656"},{"taxonomy":"post_tag","embeddable":true,"href":"https:\/\/www.wallendorff.com\/belogue\/wp-json\/wp\/v2\/tags?post=21656"}],"curies":[{"name":"wp","href":"https:\/\/api.w.org\/{rel}","templated":true}]}}