{"id":21635,"date":"2013-09-20T11:30:37","date_gmt":"2013-09-20T09:30:37","guid":{"rendered":"http:\/\/www.wallendorff.com\/?p=21635"},"modified":"2013-12-27T16:08:04","modified_gmt":"2013-12-27T14:08:04","slug":"a-butte-pourvoir","status":"publish","type":"post","link":"https:\/\/www.wallendorff.com\/belogue\/2013\/09\/20\/a-butte-pourvoir\/","title":{"rendered":"\u00c0 butte, pourvoir."},"content":{"rendered":"\n<div id=\"photo\">\n<p><img decoding=\"async\" src=\"https:\/\/www.wallendorff.com\/belogue\/photo\/2013\/09\/20130920.jpg\"><br \/>\nParis, 14 ao&ucirc;t.<\/p>\n<\/p><\/div>\n<div id=\"bandeson\">\n<p><img decoding=\"async\" src=\"https:\/\/www.wallendorff.com\/belogue\/photo\/pochettes\/n\/naked_and_famous_the-in_rolling_waves.jpg\" align=\"left\" \/><a style=\"font-weight:normal\" id=\"lienmp3\" href=\"http:\/\/www.youtube.com\/watch?v=yjbohVj2HSM\"><em>Hearts Like Ours<\/em><\/a><br \/><a href=\"https:\/\/www.thenakedandfamous.com\">The Naked and Famous<\/a><\/p>\n<p>        <iframe style=\"align:right\" width=\"400px\" height=\"55\" scrolling=\"no\" frameborder=\"no\" src=\"https:\/\/w.soundcloud.com\/player\/?url=http%3A%2F%2Fapi.soundcloud.com%2Ftracks%2F102288262&amp;color=ff6600&amp;auto_play=false&amp;show_artwork=false\"><\/iframe>\n      <\/div>\n","protected":false},"excerpt":{"rendered":"<p>Paris, 14 ao&ucirc;t. Hearts Like OursThe Naked and Famous<\/p>\n","protected":false},"author":1,"featured_media":26655,"comment_status":"open","ping_status":"open","sticky":false,"template":"","format":"standard","meta":{"_acf_changed":false,"ngg_post_thumbnail":0,"jetpack_post_was_ever_published":false,"_jetpack_newsletter_access":"","_jetpack_dont_email_post_to_subs":false,"_jetpack_newsletter_tier_id":0,"_jetpack_memberships_contains_paywalled_content":false,"_jetpack_memberships_contains_paid_content":false,"footnotes":"","jetpack_publicize_message":"","jetpack_publicize_feature_enabled":true,"jetpack_social_post_already_shared":true,"jetpack_social_options":{"image_generator_settings":{"template":"highway","default_image_id":0,"font":"","enabled":false},"version":2}},"categories":[3],"tags":[10182,10143,10487,6766,10120,7928,10121,8267,10142,10098,170,10865,10596],"class_list":["post-21635","post","type-post","status-publish","format-standard","has-post-thumbnail","hentry","category-dpc","tag-10182","tag-10143","tag-basilique-du-sacre-coeur","tag-eos-5d-mark-iii","tag-france","tag-hearts-like-ours","tag-ile-de-france","tag-in-rolling-waves","tag-montmartre","tag-paris","tag-sigma-70-300-mm-f4-56-dg-apo-macro","tag-the-naked-and-famous","tag-toit"],"acf":[],"geo":{"latitude":48.8637772,"longitude":2.3308585,"description":"Terrasse des Feuillants, 75001 Paris, France"},"jetpack_publicize_connections":[],"jetpack_featured_media_url":"https:\/\/www.wallendorff.com\/belogue\/wp-content\/uploads\/2015\/04\/201309201.jpg","jetpack_shortlink":"https:\/\/wp.me\/p3b35P-5CX","jetpack_sharing_enabled":true,"jetpack-related-posts":[{"id":22026,"url":"https:\/\/www.wallendorff.com\/belogue\/2013\/11\/20\/the-naked-and-famous-le-trabendo-paris-14-novembre\/","url_meta":{"origin":21635,"position":0},"title":"The Naked and Famous @ le Trabendo, Paris, 14 novembre.","author":"dpc","date":"20 novembre 2013","format":false,"excerpt":"A Stillness | Hearts Like Ours | Girls Like You | Rolling Waves | The Sun | Frayed | I Kill Giants | Grow Old | All of This | Punching in a Dream | Waltz | No Way || The Mess | Young Blood Ces gens sont vraiment, vraiment\u2026","rel":"","context":"Dans &quot;Alive&quot;","block_context":{"text":"Alive","link":"https:\/\/www.wallendorff.com\/belogue\/category\/alive\/"},"img":{"alt_text":"","src":"https:\/\/i0.wp.com\/www.wallendorff.com\/belogue\/wp-content\/uploads\/2015\/04\/201311181.jpg?resize=350%2C200&ssl=1","width":350,"height":200,"srcset":"https:\/\/i0.wp.com\/www.wallendorff.com\/belogue\/wp-content\/uploads\/2015\/04\/201311181.jpg?resize=350%2C200&ssl=1 1x, https:\/\/i0.wp.com\/www.wallendorff.com\/belogue\/wp-content\/uploads\/2015\/04\/201311181.jpg?resize=525%2C300&ssl=1 1.5x, https:\/\/i0.wp.com\/www.wallendorff.com\/belogue\/wp-content\/uploads\/2015\/04\/201311181.jpg?resize=700%2C400&ssl=1 2x"},"classes":[]},{"id":33551,"url":"https:\/\/www.wallendorff.com\/belogue\/2017\/02\/09\/the-naked-and-famous-le-trianon-paris\/","url_meta":{"origin":21635,"position":1},"title":"The Naked and Famous @ le Trianon, Paris.","author":"dpc","date":"9 f\u00e9vrier 2017","format":false,"excerpt":"Laid Low The Naked and Famous","rel":"","context":"Dans &quot;Alive&quot;","block_context":{"text":"Alive","link":"https:\/\/www.wallendorff.com\/belogue\/category\/alive\/"},"img":{"alt_text":"","src":"https:\/\/i0.wp.com\/www.wallendorff.com\/belogue\/wp-content\/uploads\/2017\/02\/20170209-02.jpg?resize=350%2C200&ssl=1","width":350,"height":200,"srcset":"https:\/\/i0.wp.com\/www.wallendorff.com\/belogue\/wp-content\/uploads\/2017\/02\/20170209-02.jpg?resize=350%2C200&ssl=1 1x, https:\/\/i0.wp.com\/www.wallendorff.com\/belogue\/wp-content\/uploads\/2017\/02\/20170209-02.jpg?resize=525%2C300&ssl=1 1.5x, https:\/\/i0.wp.com\/www.wallendorff.com\/belogue\/wp-content\/uploads\/2017\/02\/20170209-02.jpg?resize=700%2C400&ssl=1 2x"},"classes":[]},{"id":21792,"url":"https:\/\/www.wallendorff.com\/belogue\/2013\/10\/18\/here-we-glow\/","url_meta":{"origin":21635,"position":2},"title":"Here we glow.","author":"dpc","date":"18 octobre 2013","format":false,"excerpt":"Le Louvre, Paris, 9 septembre. A Stillness The Naked and Famous","rel":"","context":"Dans &quot;DPC&quot;","block_context":{"text":"DPC","link":"https:\/\/www.wallendorff.com\/belogue\/category\/dpc\/"},"img":{"alt_text":"","src":"https:\/\/i0.wp.com\/www.wallendorff.com\/belogue\/wp-content\/uploads\/2015\/04\/201310181.jpg?resize=350%2C200&ssl=1","width":350,"height":200,"srcset":"https:\/\/i0.wp.com\/www.wallendorff.com\/belogue\/wp-content\/uploads\/2015\/04\/201310181.jpg?resize=350%2C200&ssl=1 1x, https:\/\/i0.wp.com\/www.wallendorff.com\/belogue\/wp-content\/uploads\/2015\/04\/201310181.jpg?resize=525%2C300&ssl=1 1.5x, https:\/\/i0.wp.com\/www.wallendorff.com\/belogue\/wp-content\/uploads\/2015\/04\/201310181.jpg?resize=700%2C400&ssl=1 2x"},"classes":[]},{"id":48241,"url":"https:\/\/www.wallendorff.com\/belogue\/2021\/04\/14\/jusqua-la-fin-des-temples\/","url_meta":{"origin":21635,"position":3},"title":"Jusqu&rsquo;\u00e0 la fin des temples.","author":"dpc","date":"14 avril 2021","format":false,"excerpt":"Parc des Buttes-Chaumont, Paris, 31 d\u00e9cembre 2020. The Sound of My Voice The Naked and Famous","rel":"","context":"Dans &quot;DPC&quot;","block_context":{"text":"DPC","link":"https:\/\/www.wallendorff.com\/belogue\/category\/dpc\/"},"img":{"alt_text":"","src":"https:\/\/i0.wp.com\/www.wallendorff.com\/belogue\/wp-content\/uploads\/2021\/04\/20210414.jpg?resize=350%2C200&ssl=1","width":350,"height":200,"srcset":"https:\/\/i0.wp.com\/www.wallendorff.com\/belogue\/wp-content\/uploads\/2021\/04\/20210414.jpg?resize=350%2C200&ssl=1 1x, https:\/\/i0.wp.com\/www.wallendorff.com\/belogue\/wp-content\/uploads\/2021\/04\/20210414.jpg?resize=525%2C300&ssl=1 1.5x, https:\/\/i0.wp.com\/www.wallendorff.com\/belogue\/wp-content\/uploads\/2021\/04\/20210414.jpg?resize=700%2C400&ssl=1 2x"},"classes":[]},{"id":16458,"url":"https:\/\/www.wallendorff.com\/belogue\/2012\/03\/20\/maux-quon-ttriple\/","url_meta":{"origin":21635,"position":4},"title":"Maux qu&rsquo;on t&rsquo;triple.","author":"dpc","date":"20 mars 2012","format":false,"excerpt":"Pont des Arts, Paris, 24 janvier. Moralit\u00e9\u00a0: Ne jamais s'aventurer sur le pont des Arts sans sa cl\u00e9-de-13-\u00e0-d\u00e9monter-les-poubelles. The Naked and Famous \u2013 No Way (Echo Mountain Recording, 02\/03\/2012)","rel":"","context":"Dans &quot;DPC&quot;","block_context":{"text":"DPC","link":"https:\/\/www.wallendorff.com\/belogue\/category\/dpc\/"},"img":{"alt_text":"","src":"https:\/\/i0.wp.com\/www.wallendorff.com\/belogue\/wp-content\/uploads\/2015\/04\/201203201.jpg?resize=350%2C200&ssl=1","width":350,"height":200,"srcset":"https:\/\/i0.wp.com\/www.wallendorff.com\/belogue\/wp-content\/uploads\/2015\/04\/201203201.jpg?resize=350%2C200&ssl=1 1x, https:\/\/i0.wp.com\/www.wallendorff.com\/belogue\/wp-content\/uploads\/2015\/04\/201203201.jpg?resize=525%2C300&ssl=1 1.5x, https:\/\/i0.wp.com\/www.wallendorff.com\/belogue\/wp-content\/uploads\/2015\/04\/201203201.jpg?resize=700%2C400&ssl=1 2x"},"classes":[]},{"id":13052,"url":"https:\/\/www.wallendorff.com\/belogue\/2011\/07\/25\/palabres-a-seules-et-flots\/","url_meta":{"origin":21635,"position":5},"title":"Palabres \u00e0 seules et flots.","author":"dpc","date":"25 juillet 2011","format":false,"excerpt":"Le Louvre, Paris, 15 juin. La vid\u00e9o du nouveau Noel Gallagher est en ligne et, entre nous, c'est un peu trop dans la lign\u00e9e de The Importance of Being Idle \u00e0 mon go\u00fbt. L'album Noel Gallagher's High Flying Birds sort le 11 octobre. \u00a0The Joy Formidable \u2013 Austere (The Naked\u2026","rel":"","context":"Dans &quot;DPC&quot;","block_context":{"text":"DPC","link":"https:\/\/www.wallendorff.com\/belogue\/category\/dpc\/"},"img":{"alt_text":"","src":"https:\/\/i0.wp.com\/www.wallendorff.com\/belogue\/wp-content\/uploads\/2015\/04\/201107251.jpg?resize=350%2C200&ssl=1","width":350,"height":200},"classes":[]}],"_links":{"self":[{"href":"https:\/\/www.wallendorff.com\/belogue\/wp-json\/wp\/v2\/posts\/21635","targetHints":{"allow":["GET"]}}],"collection":[{"href":"https:\/\/www.wallendorff.com\/belogue\/wp-json\/wp\/v2\/posts"}],"about":[{"href":"https:\/\/www.wallendorff.com\/belogue\/wp-json\/wp\/v2\/types\/post"}],"author":[{"embeddable":true,"href":"https:\/\/www.wallendorff.com\/belogue\/wp-json\/wp\/v2\/users\/1"}],"replies":[{"embeddable":true,"href":"https:\/\/www.wallendorff.com\/belogue\/wp-json\/wp\/v2\/comments?post=21635"}],"version-history":[{"count":5,"href":"https:\/\/www.wallendorff.com\/belogue\/wp-json\/wp\/v2\/posts\/21635\/revisions"}],"predecessor-version":[{"id":22282,"href":"https:\/\/www.wallendorff.com\/belogue\/wp-json\/wp\/v2\/posts\/21635\/revisions\/22282"}],"wp:featuredmedia":[{"embeddable":true,"href":"https:\/\/www.wallendorff.com\/belogue\/wp-json\/wp\/v2\/media\/26655"}],"wp:attachment":[{"href":"https:\/\/www.wallendorff.com\/belogue\/wp-json\/wp\/v2\/media?parent=21635"}],"wp:term":[{"taxonomy":"category","embeddable":true,"href":"https:\/\/www.wallendorff.com\/belogue\/wp-json\/wp\/v2\/categories?post=21635"},{"taxonomy":"post_tag","embeddable":true,"href":"https:\/\/www.wallendorff.com\/belogue\/wp-json\/wp\/v2\/tags?post=21635"}],"curies":[{"name":"wp","href":"https:\/\/api.w.org\/{rel}","templated":true}]}}