{"id":21612,"date":"2013-09-17T12:50:42","date_gmt":"2013-09-17T10:50:42","guid":{"rendered":"http:\/\/www.wallendorff.com\/?p=21612"},"modified":"2018-05-23T08:13:25","modified_gmt":"2018-05-23T06:13:25","slug":"la-roue-quest-a-nu","status":"publish","type":"post","link":"https:\/\/www.wallendorff.com\/belogue\/2013\/09\/17\/la-roue-quest-a-nu\/","title":{"rendered":"La roue [qu&rsquo;est \u00e0 nu]."},"content":{"rendered":"\n<div id=\"photo\">\n<p><img decoding=\"async\" src=\"https:\/\/www.wallendorff.com\/belogue\/photo\/2013\/09\/20130917.jpg\"><br \/>\nJardin des Tuileries, Paris, 14 ao&ucirc;t.<\/p>\n<\/p><\/div>\n<div id=\"bandeson\">\n<p><img decoding=\"async\" src=\"https:\/\/www.wallendorff.com\/belogue\/photo\/pochettes\/t\/tv_on_the_radio-mercy.jpg\" align=\"left\" \/><a style=\"font-weight:normal\" id=\"lienmp3\" href=\"http:\/\/www.youtube.com\/watch?v=yjbohVj2HSM\"><em>Mercy<\/em><\/a><br \/><a href=\"https:\/\/www.facebook.com\/TvOnTheRadio\">TV on the Radio<\/a><\/p>\n<p>        <iframe style=\"align:right\" width=\"400px\" height=\"55\" scrolling=\"no\" frameborder=\"no\" src=\"https:\/\/w.soundcloud.com\/player\/?url=http%3A%2F%2Fapi.soundcloud.com%2Ftracks%2F103156502&amp;color=ff6600&amp;auto_play=false&amp;show_artwork=false\"><\/iframe>\n      <\/div>\n<p>&nbsp;<\/p>\n","protected":false},"excerpt":{"rendered":"<p>Jardin des Tuileries, Paris, 14 ao&ucirc;t. MercyTV on the Radio &nbsp;<\/p>\n","protected":false},"author":1,"featured_media":26652,"comment_status":"open","ping_status":"open","sticky":false,"template":"","format":"standard","meta":{"_acf_changed":false,"ngg_post_thumbnail":0,"jetpack_post_was_ever_published":false,"_jetpack_newsletter_access":"","_jetpack_dont_email_post_to_subs":false,"_jetpack_newsletter_tier_id":0,"_jetpack_memberships_contains_paywalled_content":false,"_jetpack_memberships_contains_paid_content":false,"footnotes":"","jetpack_publicize_message":"","jetpack_publicize_feature_enabled":true,"jetpack_social_post_already_shared":true,"jetpack_social_options":{"image_generator_settings":{"template":"highway","default_image_id":0,"font":"","enabled":false},"version":2}},"categories":[3],"tags":[10182,10345,2571,6766,10500,10120,3590,10121,10299,7998,10098,8024,10124],"class_list":["post-21612","post","type-post","status-publish","format-standard","has-post-thumbnail","hentry","category-dpc","tag-10182","tag-arbre","tag-ef-16-35-mm-f28l-ii-usm","tag-eos-5d-mark-iii","tag-contre-plongee","tag-france","tag-grande-roue","tag-ile-de-france","tag-jardin-des-tuileries","tag-mercy-tv-on-the-radio","tag-paris","tag-roue-de-paris","tag-tv-on-the-radio"],"acf":[],"geo":{"latitude":48.8637772,"longitude":2.3308585,"description":"Terrasse des Feuillants, 75001 Paris, France"},"jetpack_publicize_connections":[],"jetpack_featured_media_url":"https:\/\/www.wallendorff.com\/belogue\/wp-content\/uploads\/2015\/04\/201309171.jpg","jetpack_shortlink":"https:\/\/wp.me\/p3b35P-5CA","jetpack_sharing_enabled":true,"jetpack-related-posts":[{"id":21625,"url":"https:\/\/www.wallendorff.com\/belogue\/2013\/09\/18\/into-the-wide-20\/","url_meta":{"origin":21612,"position":0},"title":"Into the wide #20.","author":"dpc","date":"18 septembre 2013","format":false,"excerpt":"Jardin des Tuileries, Paris, 14 ao\u00fbt. The WireHaim","rel":"","context":"Dans &quot;Into the wide&quot;","block_context":{"text":"Into the wide","link":"https:\/\/www.wallendorff.com\/belogue\/category\/into-the-wide\/"},"img":{"alt_text":"","src":"https:\/\/i0.wp.com\/www.wallendorff.com\/belogue\/wp-content\/uploads\/2015\/04\/201309181.jpg?resize=350%2C200&ssl=1","width":350,"height":200,"srcset":"https:\/\/i0.wp.com\/www.wallendorff.com\/belogue\/wp-content\/uploads\/2015\/04\/201309181.jpg?resize=350%2C200&ssl=1 1x, https:\/\/i0.wp.com\/www.wallendorff.com\/belogue\/wp-content\/uploads\/2015\/04\/201309181.jpg?resize=525%2C300&ssl=1 1.5x, https:\/\/i0.wp.com\/www.wallendorff.com\/belogue\/wp-content\/uploads\/2015\/04\/201309181.jpg?resize=700%2C400&ssl=1 2x"},"classes":[]},{"id":322,"url":"https:\/\/www.wallendorff.com\/belogue\/2005\/07\/08\/maybe-jasper-does-the-aspro\/","url_meta":{"origin":21612,"position":1},"title":"&quot;Maybe Jasper does the Aspro&reg;&quot;.","author":"dpc","date":"8 juillet 2005","format":false,"excerpt":"Jardin des Tuileries, Paris, 17 juin. J'ai oubli\u00e9 mes lunettes. Dans 5 minutes, le mal de cr\u00e2ne va commencer \u00e0 m'envahir sournoisement. Ma journ\u00e9e sera un calvaire, et comme je ne suis pas myope, la douleur ne m'emp\u00eachera pas de voir ma chef1. Je lance un appel d\u00e9sesp\u00e9r\u00e9. Envoyez-moi des\u2026","rel":"","context":"Dans &quot;DPC&quot;","block_context":{"text":"DPC","link":"https:\/\/www.wallendorff.com\/belogue\/category\/dpc\/"},"img":{"alt_text":"","src":"https:\/\/i0.wp.com\/www.wallendorff.com\/belogue\/wp-content\/uploads\/2015\/04\/20050708.jpg?resize=350%2C200&ssl=1","width":350,"height":200},"classes":[]},{"id":21542,"url":"https:\/\/www.wallendorff.com\/belogue\/2013\/08\/31\/aout-2013\/","url_meta":{"origin":21612,"position":2},"title":"Ao\u00fbt 2013.","author":"dpc","date":"31 ao\u00fbt 2013","format":false,"excerpt":"5 titres Ty Segall \u2013 The West Jagwar Ma \u2013 Man I Need The Vaccines \u2013 Melody Calling Mr. Little Jeans \u2013 Oh Sailor TV on the Radio \u2013 Mercy Albums The Icarus Line \u2013 Slave Vows Ty Segall \u2013 Sleeper Bastille \u2013 Bad Blood Franz Ferdinand \u2013 Right Thoughts,\u2026","rel":"","context":"Dans &quot;Blog-note&quot;","block_context":{"text":"Blog-note","link":"https:\/\/www.wallendorff.com\/belogue\/category\/blog-note\/"},"img":{"alt_text":"","src":"https:\/\/i0.wp.com\/www.wallendorff.com\/belogue\/wp-content\/uploads\/2015\/04\/20130903-251.jpg?resize=350%2C200&ssl=1","width":350,"height":200,"srcset":"https:\/\/i0.wp.com\/www.wallendorff.com\/belogue\/wp-content\/uploads\/2015\/04\/20130903-251.jpg?resize=350%2C200&ssl=1 1x, https:\/\/i0.wp.com\/www.wallendorff.com\/belogue\/wp-content\/uploads\/2015\/04\/20130903-251.jpg?resize=525%2C300&ssl=1 1.5x"},"classes":[]},{"id":14443,"url":"https:\/\/www.wallendorff.com\/belogue\/2011\/11\/10\/vites-et-bien\/","url_meta":{"origin":21612,"position":3},"title":"V\u00eetes [et bien].","author":"dpc","date":"10 novembre 2011","format":false,"excerpt":"Jardin des Tuileries, Paris, 30 ao\u00fbt. Florence and the Machine \u2013 No Light, No Light [youtube]http:\/\/www.youtube.com\/watch?v=qOB3G6WeZrQ[\/youtube]","rel":"","context":"Dans &quot;DPC&quot;","block_context":{"text":"DPC","link":"https:\/\/www.wallendorff.com\/belogue\/category\/dpc\/"},"img":{"alt_text":"","src":"https:\/\/i0.wp.com\/www.wallendorff.com\/belogue\/wp-content\/uploads\/2015\/04\/201111101.jpg?resize=350%2C200&ssl=1","width":350,"height":200,"srcset":"https:\/\/i0.wp.com\/www.wallendorff.com\/belogue\/wp-content\/uploads\/2015\/04\/201111101.jpg?resize=350%2C200&ssl=1 1x, https:\/\/i0.wp.com\/www.wallendorff.com\/belogue\/wp-content\/uploads\/2015\/04\/201111101.jpg?resize=525%2C300&ssl=1 1.5x, https:\/\/i0.wp.com\/www.wallendorff.com\/belogue\/wp-content\/uploads\/2015\/04\/201111101.jpg?resize=700%2C400&ssl=1 2x"},"classes":[]},{"id":201,"url":"https:\/\/www.wallendorff.com\/belogue\/2006\/01\/10\/gros-rhume-dans-l-abri\/","url_meta":{"origin":21612,"position":4},"title":"Gros rhume dans l&rsquo;abri.","author":"dpc","date":"10 janvier 2006","format":false,"excerpt":"Jardin des Tuileries, Paris, 5 janvier, 18h45. \u201cTin Tin tin tin Tin tin tin tin tiiiiiiiiiiin\u201d [C'est frustrant, de passer une heure \u00e0 chercher des paroles et de ne pas les trouver.] \u00a0The Warlocks \u2013 Inside Outside","rel":"","context":"Dans &quot;DPC&quot;","block_context":{"text":"DPC","link":"https:\/\/www.wallendorff.com\/belogue\/category\/dpc\/"},"img":{"alt_text":"","src":"https:\/\/i0.wp.com\/www.wallendorff.com\/belogue\/wp-content\/uploads\/2015\/04\/200601101.jpg?resize=350%2C200&ssl=1","width":350,"height":200},"classes":[]},{"id":174,"url":"https:\/\/www.wallendorff.com\/belogue\/2006\/06\/16\/all-is-quiet-now\/","url_meta":{"origin":21612,"position":5},"title":"All is quiet now.","author":"dpc","date":"16 juin 2006","format":false,"excerpt":"Jardin des Tuileries, Paris, 5 juin. Je ne sais pas pourquoi \u00e7a remarche1, mais \u00e7a remarche. \u00a0Ben Kweller \u2013 Down _____ 1 Tout comme je ne sais pas pourquoi \u00e7a ne marchait plus, d'ailleurs.","rel":"","context":"Dans &quot;DPC&quot;","block_context":{"text":"DPC","link":"https:\/\/www.wallendorff.com\/belogue\/category\/dpc\/"},"img":{"alt_text":"","src":"https:\/\/i0.wp.com\/www.wallendorff.com\/belogue\/wp-content\/uploads\/2015\/04\/200606161.jpg?resize=350%2C200&ssl=1","width":350,"height":200},"classes":[]}],"_links":{"self":[{"href":"https:\/\/www.wallendorff.com\/belogue\/wp-json\/wp\/v2\/posts\/21612","targetHints":{"allow":["GET"]}}],"collection":[{"href":"https:\/\/www.wallendorff.com\/belogue\/wp-json\/wp\/v2\/posts"}],"about":[{"href":"https:\/\/www.wallendorff.com\/belogue\/wp-json\/wp\/v2\/types\/post"}],"author":[{"embeddable":true,"href":"https:\/\/www.wallendorff.com\/belogue\/wp-json\/wp\/v2\/users\/1"}],"replies":[{"embeddable":true,"href":"https:\/\/www.wallendorff.com\/belogue\/wp-json\/wp\/v2\/comments?post=21612"}],"version-history":[{"count":5,"href":"https:\/\/www.wallendorff.com\/belogue\/wp-json\/wp\/v2\/posts\/21612\/revisions"}],"predecessor-version":[{"id":38244,"href":"https:\/\/www.wallendorff.com\/belogue\/wp-json\/wp\/v2\/posts\/21612\/revisions\/38244"}],"wp:featuredmedia":[{"embeddable":true,"href":"https:\/\/www.wallendorff.com\/belogue\/wp-json\/wp\/v2\/media\/26652"}],"wp:attachment":[{"href":"https:\/\/www.wallendorff.com\/belogue\/wp-json\/wp\/v2\/media?parent=21612"}],"wp:term":[{"taxonomy":"category","embeddable":true,"href":"https:\/\/www.wallendorff.com\/belogue\/wp-json\/wp\/v2\/categories?post=21612"},{"taxonomy":"post_tag","embeddable":true,"href":"https:\/\/www.wallendorff.com\/belogue\/wp-json\/wp\/v2\/tags?post=21612"}],"curies":[{"name":"wp","href":"https:\/\/api.w.org\/{rel}","templated":true}]}}