{"id":216,"date":"2005-06-14T00:27:04","date_gmt":"2005-06-14T00:27:04","guid":{"rendered":"http:\/\/www.po-l.com\/wordpress\/?p=216"},"modified":"2012-05-05T22:18:07","modified_gmt":"2012-05-05T20:18:07","slug":"on-the-road-since-a-long-time","status":"publish","type":"post","link":"https:\/\/www.wallendorff.com\/belogue\/2005\/06\/14\/on-the-road-since-a-long-time\/","title":{"rendered":"On the road [Since a long time]."},"content":{"rendered":"\n<div id=\"photo\">\n<p><img decoding=\"async\" src=\"http:\/\/www.po-L.com\/belogue\/photo\/2005\/06\/20050614.jpg\" \/><br \/>\n          L&rsquo;Ardenne, 4 juin.<\/p>\n<\/p><\/div>\n<p style=\"text-align:right\">&quot;<em>You&rsquo;re out of here, wondering how to conjugate the word loneliness.<br \/>\n        All you really wanna do is to go home. But as soon as you get home,<br \/>\n        You wanna come out of here again, start all over again.<\/em>&quot;<\/p>\n<div id=\"bandeson\">\n<p><img decoding=\"async\" src=\"https:\/\/www.wallendorff.com\/belogue\/photo\/pochettes\/e\/eicher_stephan-non_ci_badar_guarda_e_pasa.jpg\" align=\"left\" \/>&nbsp;<a href=\"http:\/\/stephaneicher.artistes.universalmusic.fr\/\">Stephan Eicher<\/a> &mdash; <em>Lament<\/em><\/p>\n<\/p><\/div>\n","protected":false},"excerpt":{"rendered":"<p>L&rsquo;Ardenne, 4 juin. &quot;You&rsquo;re out of here, wondering how to conjugate the word loneliness. All you really wanna do is to go home. But as soon as you get home, You wanna come out of here again, start all over again.&quot; &nbsp;Stephan Eicher &mdash; Lament<\/p>\n","protected":false},"author":1,"featured_media":24153,"comment_status":"open","ping_status":"open","sticky":false,"template":"","format":"standard","meta":{"_acf_changed":false,"ngg_post_thumbnail":0,"jetpack_post_was_ever_published":false,"_jetpack_newsletter_access":"","_jetpack_dont_email_post_to_subs":false,"_jetpack_newsletter_tier_id":0,"_jetpack_memberships_contains_paywalled_content":false,"_jetpack_memberships_contains_paid_content":false,"footnotes":"","jetpack_publicize_message":"","jetpack_publicize_feature_enabled":true,"jetpack_social_post_already_shared":false,"jetpack_social_options":{"image_generator_settings":{"template":"highway","default_image_id":0,"font":"","enabled":false},"version":2}},"categories":[3],"tags":[10255,155,132,10254,1069,10120,1068,10622,449,4497,143,1067,10150],"class_list":["post-216","post","type-post","status-publish","format-standard","has-post-thumbnail","hentry","category-dpc","tag-ardenne","tag-ef-s-18-55-mm-f35-56-ii","tag-eos-20d","tag-champagne-ardenne","tag-clope","tag-france","tag-lament","tag-main","tag-moi","tag-montigny-sur-meuse","tag-noir-et-blanc","tag-stephan-eicher","tag-train"],"acf":[],"geo":{"latitude":50.0377388,"longitude":4.726181,"description":"D8051, 08170 Montigny-sur-Meuse, France"},"jetpack_publicize_connections":[],"jetpack_featured_media_url":"https:\/\/www.wallendorff.com\/belogue\/wp-content\/uploads\/2015\/04\/200506141.jpg","jetpack_shortlink":"https:\/\/wp.me\/p3b35P-3u","jetpack_sharing_enabled":true,"jetpack-related-posts":[{"id":49441,"url":"https:\/\/www.wallendorff.com\/belogue\/2021\/08\/31\/festival-face-b-charleville-mezieres-29-aout-2021\/","url_meta":{"origin":216,"position":0},"title":"Festival Face B, Charleville-M\u00e9zi\u00e8res, 29 ao\u00fbt 2021.","author":"dpc","date":"31 ao\u00fbt 2021","format":false,"excerpt":"Avec Delgr\u00e8s, Pomme et Stephan Eicher. Delgr\u00e8s @ Festival Face B, Charleville-M\u00e9zi\u00e8res, 29\/08\/2021 Festival Face B, Charleville-M\u00e9zi\u00e8res, 29\/08\/2021 Delgr\u00e8s @ Festival Face B, Charleville-M\u00e9zi\u00e8res, 29\/08\/2021 Festival Face B, Charleville-M\u00e9zi\u00e8res, 29\/08\/2021 Delgr\u00e8s @ Festival Face B, Charleville-M\u00e9zi\u00e8res, 29\/08\/2021 Festival Face B, Charleville-M\u00e9zi\u00e8res, 29\/08\/2021 Delgr\u00e8s @ Festival Face B, Charleville-M\u00e9zi\u00e8res, 29\/08\/2021 Delgr\u00e8s\u2026","rel":"","context":"Dans &quot;Alive&quot;","block_context":{"text":"Alive","link":"https:\/\/www.wallendorff.com\/belogue\/category\/alive\/"},"img":{"alt_text":"","src":"https:\/\/i0.wp.com\/www.wallendorff.com\/belogue\/wp-content\/uploads\/2021\/08\/20210830-36.jpg?resize=350%2C200&ssl=1","width":350,"height":200,"srcset":"https:\/\/i0.wp.com\/www.wallendorff.com\/belogue\/wp-content\/uploads\/2021\/08\/20210830-36.jpg?resize=350%2C200&ssl=1 1x, https:\/\/i0.wp.com\/www.wallendorff.com\/belogue\/wp-content\/uploads\/2021\/08\/20210830-36.jpg?resize=525%2C300&ssl=1 1.5x, https:\/\/i0.wp.com\/www.wallendorff.com\/belogue\/wp-content\/uploads\/2021\/08\/20210830-36.jpg?resize=700%2C400&ssl=1 2x, https:\/\/i0.wp.com\/www.wallendorff.com\/belogue\/wp-content\/uploads\/2021\/08\/20210830-36.jpg?resize=1050%2C600&ssl=1 3x"},"classes":[]},{"id":135486,"url":"https:\/\/www.wallendorff.com\/belogue\/2026\/03\/11\/air-sur-meuse\/","url_meta":{"origin":216,"position":1},"title":"Air sur Meuse.","author":"dpc","date":"11 mars 2026","format":false,"excerpt":"Givet, 24 d\u00e9cembre 2025.","rel":"","context":"Dans &quot;DPC&quot;","block_context":{"text":"DPC","link":"https:\/\/www.wallendorff.com\/belogue\/category\/dpc\/"},"img":{"alt_text":"","src":"https:\/\/i0.wp.com\/www.wallendorff.com\/belogue\/wp-content\/uploads\/2026\/03\/20260311.jpg?resize=350%2C200&ssl=1","width":350,"height":200,"srcset":"https:\/\/i0.wp.com\/www.wallendorff.com\/belogue\/wp-content\/uploads\/2026\/03\/20260311.jpg?resize=350%2C200&ssl=1 1x, https:\/\/i0.wp.com\/www.wallendorff.com\/belogue\/wp-content\/uploads\/2026\/03\/20260311.jpg?resize=525%2C300&ssl=1 1.5x, https:\/\/i0.wp.com\/www.wallendorff.com\/belogue\/wp-content\/uploads\/2026\/03\/20260311.jpg?resize=700%2C400&ssl=1 2x, https:\/\/i0.wp.com\/www.wallendorff.com\/belogue\/wp-content\/uploads\/2026\/03\/20260311.jpg?resize=1050%2C600&ssl=1 3x"},"classes":[]},{"id":43122,"url":"https:\/\/www.wallendorff.com\/belogue\/2019\/07\/29\/paleo-festival-2019-nyon-jour-5\/","url_meta":{"origin":216,"position":2},"title":"Pal\u00e9o Festival 2019, Nyon, jour 5.","author":"dpc","date":"29 juillet 2019","format":false,"excerpt":"","rel":"","context":"Dans &quot;Alive&quot;","block_context":{"text":"Alive","link":"https:\/\/www.wallendorff.com\/belogue\/category\/alive\/"},"img":{"alt_text":"","src":"https:\/\/i0.wp.com\/www.wallendorff.com\/belogue\/wp-content\/uploads\/2019\/07\/20190729-40.jpg?resize=350%2C200&ssl=1","width":350,"height":200,"srcset":"https:\/\/i0.wp.com\/www.wallendorff.com\/belogue\/wp-content\/uploads\/2019\/07\/20190729-40.jpg?resize=350%2C200&ssl=1 1x, https:\/\/i0.wp.com\/www.wallendorff.com\/belogue\/wp-content\/uploads\/2019\/07\/20190729-40.jpg?resize=525%2C300&ssl=1 1.5x, https:\/\/i0.wp.com\/www.wallendorff.com\/belogue\/wp-content\/uploads\/2019\/07\/20190729-40.jpg?resize=700%2C400&ssl=1 2x, https:\/\/i0.wp.com\/www.wallendorff.com\/belogue\/wp-content\/uploads\/2019\/07\/20190729-40.jpg?resize=1050%2C600&ssl=1 3x"},"classes":[]},{"id":46270,"url":"https:\/\/www.wallendorff.com\/belogue\/2020\/07\/23\/8-ans-de-paleo-festival-2016\/","url_meta":{"origin":216,"position":3},"title":"8 ans de Pal\u00e9o Festival : 2016","author":"dpc","date":"23 juillet 2020","format":false,"excerpt":"","rel":"","context":"Dans &quot;Alive&quot;","block_context":{"text":"Alive","link":"https:\/\/www.wallendorff.com\/belogue\/category\/alive\/"},"img":{"alt_text":"","src":"https:\/\/i0.wp.com\/www.wallendorff.com\/belogue\/wp-content\/uploads\/2020\/07\/20200723-04.jpg?resize=350%2C200&ssl=1","width":350,"height":200,"srcset":"https:\/\/i0.wp.com\/www.wallendorff.com\/belogue\/wp-content\/uploads\/2020\/07\/20200723-04.jpg?resize=350%2C200&ssl=1 1x, https:\/\/i0.wp.com\/www.wallendorff.com\/belogue\/wp-content\/uploads\/2020\/07\/20200723-04.jpg?resize=525%2C300&ssl=1 1.5x, https:\/\/i0.wp.com\/www.wallendorff.com\/belogue\/wp-content\/uploads\/2020\/07\/20200723-04.jpg?resize=700%2C400&ssl=1 2x, https:\/\/i0.wp.com\/www.wallendorff.com\/belogue\/wp-content\/uploads\/2020\/07\/20200723-04.jpg?resize=1050%2C600&ssl=1 3x"},"classes":[]},{"id":302,"url":"https:\/\/www.wallendorff.com\/belogue\/2005\/08\/01\/temps-passe-et-des-m-ailleurs\/","url_meta":{"origin":216,"position":4},"title":"Temps passe et des m&rsquo;ailleurs.","author":"dpc","date":"1 ao\u00fbt 2005","format":false,"excerpt":"Mus\u00e9e d'Orsay, Paris, 20 juillet. \u00c0 force de tourner, squatter, voyager, partir, revenir, passer, laisser, [re]trouver, d\u00e9coller et arriver, On finit par se demander o\u00f9 l'on sera le mieux. Ou \u00e0 parfaitement conna\u00eetre la r\u00e9ponse de cette question. Ce qui est, apr\u00e8s ces deux ann\u00e9es d'a\u00e9roports, d'autoroutes et de gares,\u2026","rel":"","context":"Dans &quot;DPC&quot;","block_context":{"text":"DPC","link":"https:\/\/www.wallendorff.com\/belogue\/category\/dpc\/"},"img":{"alt_text":"","src":"https:\/\/i0.wp.com\/www.wallendorff.com\/belogue\/wp-content\/uploads\/2015\/04\/200508011.jpg?resize=350%2C200&ssl=1","width":350,"height":200,"srcset":"https:\/\/i0.wp.com\/www.wallendorff.com\/belogue\/wp-content\/uploads\/2015\/04\/200508011.jpg?resize=350%2C200&ssl=1 1x, https:\/\/i0.wp.com\/www.wallendorff.com\/belogue\/wp-content\/uploads\/2015\/04\/200508011.jpg?resize=525%2C300&ssl=1 1.5x"},"classes":[]},{"id":46364,"url":"https:\/\/www.wallendorff.com\/belogue\/2020\/07\/26\/8-ans-de-paleo-festival-2019\/","url_meta":{"origin":216,"position":5},"title":"8 ans de Pal\u00e9o Festival : 2019.","author":"dpc","date":"26 juillet 2020","format":false,"excerpt":"","rel":"","context":"Dans &quot;Alive&quot;","block_context":{"text":"Alive","link":"https:\/\/www.wallendorff.com\/belogue\/category\/alive\/"},"img":{"alt_text":"","src":"https:\/\/i0.wp.com\/www.wallendorff.com\/belogue\/wp-content\/uploads\/2020\/07\/20200726-15.jpg?resize=350%2C200&ssl=1","width":350,"height":200,"srcset":"https:\/\/i0.wp.com\/www.wallendorff.com\/belogue\/wp-content\/uploads\/2020\/07\/20200726-15.jpg?resize=350%2C200&ssl=1 1x, https:\/\/i0.wp.com\/www.wallendorff.com\/belogue\/wp-content\/uploads\/2020\/07\/20200726-15.jpg?resize=525%2C300&ssl=1 1.5x, https:\/\/i0.wp.com\/www.wallendorff.com\/belogue\/wp-content\/uploads\/2020\/07\/20200726-15.jpg?resize=700%2C400&ssl=1 2x, https:\/\/i0.wp.com\/www.wallendorff.com\/belogue\/wp-content\/uploads\/2020\/07\/20200726-15.jpg?resize=1050%2C600&ssl=1 3x"},"classes":[]}],"_links":{"self":[{"href":"https:\/\/www.wallendorff.com\/belogue\/wp-json\/wp\/v2\/posts\/216","targetHints":{"allow":["GET"]}}],"collection":[{"href":"https:\/\/www.wallendorff.com\/belogue\/wp-json\/wp\/v2\/posts"}],"about":[{"href":"https:\/\/www.wallendorff.com\/belogue\/wp-json\/wp\/v2\/types\/post"}],"author":[{"embeddable":true,"href":"https:\/\/www.wallendorff.com\/belogue\/wp-json\/wp\/v2\/users\/1"}],"replies":[{"embeddable":true,"href":"https:\/\/www.wallendorff.com\/belogue\/wp-json\/wp\/v2\/comments?post=216"}],"version-history":[{"count":2,"href":"https:\/\/www.wallendorff.com\/belogue\/wp-json\/wp\/v2\/posts\/216\/revisions"}],"predecessor-version":[{"id":1906,"href":"https:\/\/www.wallendorff.com\/belogue\/wp-json\/wp\/v2\/posts\/216\/revisions\/1906"}],"wp:featuredmedia":[{"embeddable":true,"href":"https:\/\/www.wallendorff.com\/belogue\/wp-json\/wp\/v2\/media\/24153"}],"wp:attachment":[{"href":"https:\/\/www.wallendorff.com\/belogue\/wp-json\/wp\/v2\/media?parent=216"}],"wp:term":[{"taxonomy":"category","embeddable":true,"href":"https:\/\/www.wallendorff.com\/belogue\/wp-json\/wp\/v2\/categories?post=216"},{"taxonomy":"post_tag","embeddable":true,"href":"https:\/\/www.wallendorff.com\/belogue\/wp-json\/wp\/v2\/tags?post=216"}],"curies":[{"name":"wp","href":"https:\/\/api.w.org\/{rel}","templated":true}]}}