{"id":21585,"date":"2013-09-10T11:38:05","date_gmt":"2013-09-10T09:38:05","guid":{"rendered":"http:\/\/www.wallendorff.com\/?p=21585"},"modified":"2018-05-23T08:13:25","modified_gmt":"2018-05-23T06:13:25","slug":"dome-a-hommes","status":"publish","type":"post","link":"https:\/\/www.wallendorff.com\/belogue\/2013\/09\/10\/dome-a-hommes\/","title":{"rendered":"D\u00f4me \u00e0 hommes."},"content":{"rendered":"\n<div id=\"photo\">\n<p><img decoding=\"async\" src=\"https:\/\/www.wallendorff.com\/belogue\/photo\/2013\/09\/20130910.jpg\"><br \/>\nAvenue de Breteuil, Paris, 5 ao&ucirc;t.<\/p>\n<\/p><\/div>\n<p>Et Arcade Fire d&eacute;voile un nouveau titre. Et j&rsquo;en ressors sceptique et partag&eacute; entre sa pochette affreuse, son d&eacute;but bizarre et sa fin bien plus accrocheuse. Puis je me souviens que j&rsquo;avais d&eacute;j&agrave; dit &ccedil;a la derni&egrave;re fois, qu&rsquo;<a href=\"https:\/\/www.wallendorff.com\/belogue\/2010\/12\/29\/2010en-4\/#suburbs\">on sait bien comment &ccedil;a avait fini<\/a> et que mieux vaut laisser le temps faire son &oelig;uvre. Laisser chaque morceau trouver sa place. &Ccedil;a aussi, <a href=\"https:\/\/www.wallendorff.com\/belogue\/2007\/10\/09\/so-ternes\/\">j&rsquo;en avais d&eacute;j&agrave; parl&eacute;<\/a>.<\/p>\n<p style=\"text-align:right\">En musique, c&rsquo;est souvent la derni&egrave;re impression qui est la bonne.<\/p>\n<p style=\"text-align:right\">Tout cela n&rsquo;a d&eacute;cid&eacute;ment rien &agrave; voir avec le d&ocirc;me des Invalides.<\/p>\n<div id=\"bandeson\">\n<p><img decoding=\"async\" src=\"https:\/\/www.wallendorff.com\/belogue\/photo\/pochettes\/a\/arcade_fire-reflektor.jpg\" align=\"left\" \/><a style=\"font-weight:normal\" href=\"http:\/\/www.youtube.com\/watch?v=7E0fVfectDo\"><em>Reflektor<\/em><\/a><br \/><a href=\"http:\/\/www.arcadefire.com\/\">Arcade Fire<\/a><\/p>\n<\/p><\/div>\n","protected":false},"excerpt":{"rendered":"<p>Avenue de Breteuil, Paris, 5 ao&ucirc;t. Et Arcade Fire d&eacute;voile un nouveau titre. Et j&rsquo;en ressors sceptique et partag&eacute; entre sa pochette affreuse, son d&eacute;but bizarre et sa fin bien plus accrocheuse. Puis je me souviens que j&rsquo;avais d&eacute;j&agrave; dit &ccedil;a la derni&egrave;re fois, qu&rsquo;on sait bien comment &ccedil;a avait fini et que mieux vaut&hellip;<\/p>\n","protected":false},"author":1,"featured_media":26647,"comment_status":"open","ping_status":"open","sticky":false,"template":"","format":"standard","meta":{"_acf_changed":false,"ngg_post_thumbnail":0,"jetpack_post_was_ever_published":false,"_jetpack_newsletter_access":"","_jetpack_dont_email_post_to_subs":false,"_jetpack_newsletter_tier_id":0,"_jetpack_memberships_contains_paywalled_content":false,"_jetpack_memberships_contains_paid_content":false,"footnotes":"","jetpack_publicize_message":"","jetpack_publicize_feature_enabled":true,"jetpack_social_post_already_shared":true,"jetpack_social_options":{"image_generator_settings":{"template":"highway","default_image_id":0,"font":"","enabled":false},"version":2}},"categories":[3],"tags":[10235,10263,11657,2571,6766,10326,11365,10238,7931,10120,11172,10121,10098,10592,8018,8262,10262],"class_list":["post-21585","post","type-post","status-publish","format-standard","has-post-thumbnail","hentry","category-dpc","tag-10235","tag-arcade-fire","tag-avenue-de-breteuil","tag-ef-16-35-mm-f28l-ii-usm","tag-eos-5d-mark-iii","tag-crepuscule","tag-dome","tag-eglise","tag-eglise-saint-louis-des-invalides","tag-france","tag-hotel-des-invalides","tag-ile-de-france","tag-paris","tag-pose-longue","tag-reflektor","tag-reflektor-album","tag-reflet"],"acf":[],"geo":{"latitude":48.8522148,"longitude":2.3122144,"description":"Bureau de Poste de Paris Segur, \u00cele-de-France, 75007, FR"},"jetpack_publicize_connections":[],"jetpack_featured_media_url":"https:\/\/www.wallendorff.com\/belogue\/wp-content\/uploads\/2015\/04\/201309101.jpg","jetpack_shortlink":"https:\/\/wp.me\/p3b35P-5C9","jetpack_sharing_enabled":true,"jetpack-related-posts":[{"id":21442,"url":"https:\/\/www.wallendorff.com\/belogue\/2013\/08\/17\/into-the-wide-15\/","url_meta":{"origin":21585,"position":0},"title":"Into the wide #15.","author":"dpc","date":"17 ao\u00fbt 2013","format":false,"excerpt":"\u00c9glise Saint-Louis-des-Invalides, Paris, 8 juin. It's Alright Weekend","rel":"","context":"Dans &quot;Into the wide&quot;","block_context":{"text":"Into the wide","link":"https:\/\/www.wallendorff.com\/belogue\/category\/into-the-wide\/"},"img":{"alt_text":"","src":"https:\/\/i0.wp.com\/www.wallendorff.com\/belogue\/wp-content\/uploads\/2015\/04\/201308171.jpg?resize=350%2C200&ssl=1","width":350,"height":200,"srcset":"https:\/\/i0.wp.com\/www.wallendorff.com\/belogue\/wp-content\/uploads\/2015\/04\/201308171.jpg?resize=350%2C200&ssl=1 1x, https:\/\/i0.wp.com\/www.wallendorff.com\/belogue\/wp-content\/uploads\/2015\/04\/201308171.jpg?resize=525%2C300&ssl=1 1.5x, https:\/\/i0.wp.com\/www.wallendorff.com\/belogue\/wp-content\/uploads\/2015\/04\/201308171.jpg?resize=700%2C400&ssl=1 2x"},"classes":[]},{"id":130396,"url":"https:\/\/www.wallendorff.com\/belogue\/2024\/08\/22\/les-toits-moussent-que-terre\/","url_meta":{"origin":21585,"position":1},"title":"Les toits moussent que terre.","author":"dpc","date":"22 ao\u00fbt 2024","format":false,"excerpt":"Tour Montparnasse, Paris, 18 avril 2024. Merci \u00e0 Lala, Leffe\u00ae et Twinuts\u00ae.","rel":"","context":"Dans &quot;DPC&quot;","block_context":{"text":"DPC","link":"https:\/\/www.wallendorff.com\/belogue\/category\/dpc\/"},"img":{"alt_text":"","src":"https:\/\/i0.wp.com\/www.wallendorff.com\/belogue\/wp-content\/uploads\/2024\/08\/20240822-07.jpg?resize=350%2C200&ssl=1","width":350,"height":200,"srcset":"https:\/\/i0.wp.com\/www.wallendorff.com\/belogue\/wp-content\/uploads\/2024\/08\/20240822-07.jpg?resize=350%2C200&ssl=1 1x, https:\/\/i0.wp.com\/www.wallendorff.com\/belogue\/wp-content\/uploads\/2024\/08\/20240822-07.jpg?resize=525%2C300&ssl=1 1.5x, https:\/\/i0.wp.com\/www.wallendorff.com\/belogue\/wp-content\/uploads\/2024\/08\/20240822-07.jpg?resize=700%2C400&ssl=1 2x, https:\/\/i0.wp.com\/www.wallendorff.com\/belogue\/wp-content\/uploads\/2024\/08\/20240822-07.jpg?resize=1050%2C600&ssl=1 3x"},"classes":[]},{"id":22892,"url":"https:\/\/www.wallendorff.com\/belogue\/2014\/06\/04\/arcade-fire-le-zenith-paris\/","url_meta":{"origin":21585,"position":2},"title":"Arcade Fire @ le Z\u00e9nith, Paris.","author":"dpc","date":"4 juin 2014","format":false,"excerpt":"Reflektor | Flashbulb Eyes | Neighborhood #3 (Power Out) \/ Rebellion (Lies) | Joan of Arc | Rococo | Month of May | The Suburbs | The Suburbs (Continued) | Ready to Start | Neighborhood #1 (Tunnels) | Ocean of Noise \/ My Body Is a Cage | We Exist\u2026","rel":"","context":"Dans &quot;Alive&quot;","block_context":{"text":"Alive","link":"https:\/\/www.wallendorff.com\/belogue\/category\/alive\/"},"img":{"alt_text":"","src":"https:\/\/i0.wp.com\/www.wallendorff.com\/belogue\/wp-content\/uploads\/2015\/04\/201406042.jpg?resize=350%2C200&ssl=1","width":350,"height":200,"srcset":"https:\/\/i0.wp.com\/www.wallendorff.com\/belogue\/wp-content\/uploads\/2015\/04\/201406042.jpg?resize=350%2C200&ssl=1 1x, https:\/\/i0.wp.com\/www.wallendorff.com\/belogue\/wp-content\/uploads\/2015\/04\/201406042.jpg?resize=525%2C300&ssl=1 1.5x, https:\/\/i0.wp.com\/www.wallendorff.com\/belogue\/wp-content\/uploads\/2015\/04\/201406042.jpg?resize=700%2C400&ssl=1 2x"},"classes":[]},{"id":41774,"url":"https:\/\/www.wallendorff.com\/belogue\/2019\/04\/30\/avril-2019\/","url_meta":{"origin":21585,"position":3},"title":"Avril 2019.","author":"dpc","date":"30 avril 2019","format":false,"excerpt":"Une paire de lunettes, un concert, un d\u00f4me, un troph\u00e9e, un anniversaire, un m\u00e9tro, une pizza, une f\u00eate des disquaires, un bateau, un m\u00e9tro, un quai, une cath\u00e9drale, un banc, une soir\u00e9e, un anniversaire, un cr\u00e9puscule, un incendie, des \u00e9chafaudages, un concert, une autoroute, un avion, des rochers, une mouette,\u2026","rel":"","context":"Dans &quot;Blog-note&quot;","block_context":{"text":"Blog-note","link":"https:\/\/www.wallendorff.com\/belogue\/category\/blog-note\/"},"img":{"alt_text":"","src":"https:\/\/i0.wp.com\/www.wallendorff.com\/belogue\/wp-content\/uploads\/2019\/05\/20190513-34.jpg?resize=350%2C200&ssl=1","width":350,"height":200,"srcset":"https:\/\/i0.wp.com\/www.wallendorff.com\/belogue\/wp-content\/uploads\/2019\/05\/20190513-34.jpg?resize=350%2C200&ssl=1 1x, https:\/\/i0.wp.com\/www.wallendorff.com\/belogue\/wp-content\/uploads\/2019\/05\/20190513-34.jpg?resize=525%2C300&ssl=1 1.5x, https:\/\/i0.wp.com\/www.wallendorff.com\/belogue\/wp-content\/uploads\/2019\/05\/20190513-34.jpg?resize=700%2C400&ssl=1 2x, https:\/\/i0.wp.com\/www.wallendorff.com\/belogue\/wp-content\/uploads\/2019\/05\/20190513-34.jpg?resize=1050%2C600&ssl=1 3x"},"classes":[]},{"id":999,"url":"https:\/\/www.wallendorff.com\/belogue\/2007\/07\/24\/le-dement-chat-boit-ma-kro\/","url_meta":{"origin":21585,"position":4},"title":"Le d\u00e9ment chat boit ma Kro.","author":"dpc","date":"24 juillet 2007","format":false,"excerpt":"\u00c9glise Sainte-Mireille, Haybes, 7 juillet. Finalement, les gens de dos, \u00e7a marche aussi bien dans les \u00e9glises que dans les ruelles. Sans compter que dans une \u00e9glise, il y a des orgues, alors que dans les ruelles non, donc avec une ruelle on ne peut poster de bande-son \u00e0 orgue\u2026","rel":"","context":"Dans &quot;DPC&quot;","block_context":{"text":"DPC","link":"https:\/\/www.wallendorff.com\/belogue\/category\/dpc\/"},"img":{"alt_text":"","src":"https:\/\/i0.wp.com\/www.wallendorff.com\/belogue\/wp-content\/uploads\/2015\/04\/200707241.jpg?resize=350%2C200&ssl=1","width":350,"height":200,"srcset":"https:\/\/i0.wp.com\/www.wallendorff.com\/belogue\/wp-content\/uploads\/2015\/04\/200707241.jpg?resize=350%2C200&ssl=1 1x, https:\/\/i0.wp.com\/www.wallendorff.com\/belogue\/wp-content\/uploads\/2015\/04\/200707241.jpg?resize=525%2C300&ssl=1 1.5x"},"classes":[]},{"id":22421,"url":"https:\/\/www.wallendorff.com\/belogue\/2014\/01\/16\/a-question-of-lustre\/","url_meta":{"origin":21585,"position":5},"title":"A question of lustre.","author":"dpc","date":"16 janvier 2014","format":false,"excerpt":"\u00c9glise Notre-Dame, Metz, 26 d\u00e9cembre 2013. Here Comes the Night Time II Arcade Fire","rel":"","context":"Dans &quot;DPC&quot;","block_context":{"text":"DPC","link":"https:\/\/www.wallendorff.com\/belogue\/category\/dpc\/"},"img":{"alt_text":"","src":"https:\/\/i0.wp.com\/www.wallendorff.com\/belogue\/wp-content\/uploads\/2015\/04\/201401161.jpg?resize=350%2C200&ssl=1","width":350,"height":200,"srcset":"https:\/\/i0.wp.com\/www.wallendorff.com\/belogue\/wp-content\/uploads\/2015\/04\/201401161.jpg?resize=350%2C200&ssl=1 1x, https:\/\/i0.wp.com\/www.wallendorff.com\/belogue\/wp-content\/uploads\/2015\/04\/201401161.jpg?resize=525%2C300&ssl=1 1.5x"},"classes":[]}],"_links":{"self":[{"href":"https:\/\/www.wallendorff.com\/belogue\/wp-json\/wp\/v2\/posts\/21585","targetHints":{"allow":["GET"]}}],"collection":[{"href":"https:\/\/www.wallendorff.com\/belogue\/wp-json\/wp\/v2\/posts"}],"about":[{"href":"https:\/\/www.wallendorff.com\/belogue\/wp-json\/wp\/v2\/types\/post"}],"author":[{"embeddable":true,"href":"https:\/\/www.wallendorff.com\/belogue\/wp-json\/wp\/v2\/users\/1"}],"replies":[{"embeddable":true,"href":"https:\/\/www.wallendorff.com\/belogue\/wp-json\/wp\/v2\/comments?post=21585"}],"version-history":[{"count":5,"href":"https:\/\/www.wallendorff.com\/belogue\/wp-json\/wp\/v2\/posts\/21585\/revisions"}],"predecessor-version":[{"id":22250,"href":"https:\/\/www.wallendorff.com\/belogue\/wp-json\/wp\/v2\/posts\/21585\/revisions\/22250"}],"wp:featuredmedia":[{"embeddable":true,"href":"https:\/\/www.wallendorff.com\/belogue\/wp-json\/wp\/v2\/media\/26647"}],"wp:attachment":[{"href":"https:\/\/www.wallendorff.com\/belogue\/wp-json\/wp\/v2\/media?parent=21585"}],"wp:term":[{"taxonomy":"category","embeddable":true,"href":"https:\/\/www.wallendorff.com\/belogue\/wp-json\/wp\/v2\/categories?post=21585"},{"taxonomy":"post_tag","embeddable":true,"href":"https:\/\/www.wallendorff.com\/belogue\/wp-json\/wp\/v2\/tags?post=21585"}],"curies":[{"name":"wp","href":"https:\/\/api.w.org\/{rel}","templated":true}]}}