{"id":21552,"date":"2013-09-06T11:27:58","date_gmt":"2013-09-06T09:27:58","guid":{"rendered":"http:\/\/www.wallendorff.com\/?p=21552"},"modified":"2018-05-23T08:13:25","modified_gmt":"2018-05-23T06:13:25","slug":"into-the-wide-17","status":"publish","type":"post","link":"https:\/\/www.wallendorff.com\/belogue\/2013\/09\/06\/into-the-wide-17\/","title":{"rendered":"Into the wide #17."},"content":{"rendered":"\n<div id=\"photo\">\n<p><img decoding=\"async\" src=\"https:\/\/www.wallendorff.com\/belogue\/photo\/2013\/09\/20130906.jpg\"><br \/>\nMus&eacute;e Carnavalet, Paris, 21 juillet.<\/p>\n<\/p><\/div>\n<p>Carnavalet est mon mus&eacute;e pr&eacute;f&eacute;r&eacute; de Paris. Ce n&rsquo;est ni le plus grand, ni le plus grandiose, mais le plus &agrave; part. Carnavalet est mon mus&eacute;e pr&eacute;f&eacute;r&eacute; de Paris parce que l&rsquo;on y trouve tout un bric-&agrave;-brac organis&eacute; par p&eacute;riodes et r&eacute;cup&eacute;r&eacute;  au fur et &agrave; mesure que les strates de l&rsquo;histoire venaient recouvrir la ville, mais aussi parce qu&rsquo;il est gratuit.<\/p>\n<p>Le mus&eacute;e gratuit est un mus&eacute;e pas comme les autres. Puisque le mus&eacute;e gratuit est gratuit, il ne se visite pas religieusement tous les 10 ans&nbsp;; on y entre quand on passe dans le quartier, parce qu&rsquo;on a d&eacute;cid&eacute; sur un coup de t&ecirc;te de venir [re]voir le gros po&euml;le en forme de Bastille, les souvenirs du Temple ou le portrait d&rsquo;Eug&egrave;ne S&uuml;e ou que l&rsquo;on souhaite montrer &agrave; quelqu&rsquo;un le portrait de la comtesse de Castiglione, la maquette de la Cit&eacute; durant la construction du pont Neuf ou la chambre de Proust. Le mus&eacute;e gratuit n&rsquo;a pas besoin d&rsquo;&ecirc;tre admir&eacute; &oelig;uvre &agrave; &oelig;uvre, minutieusement, pr&eacute;cautionneusement, &agrave; deux &agrave; l&rsquo;heure, durant une journ&eacute;e enti&egrave;re, jusqu&rsquo;&agrave; l&rsquo;&eacute;c&oelig;urement. Le mus&eacute;e gratuit se picore. Dans le mus&eacute;e gratuit, on peut aller droit au but, traverser les pi&egrave;ces au pas de course et  se planter devant ce que l&rsquo;on &eacute;tait venu voir&nbsp;;  y rester 2 minutes ou 2 heures, comme on veut, puis repartir aussi sec. On reviendra dans une semaine ou dans un mois, pour y voir ceci ou y revoir cela. Arpenter le mus&eacute;e gratuit en y entrant comme dans un moulin le rend plus vivant et plus familier. Puisque le mus&eacute;e gratuit est public, chacun en poss&egrave;de un soixante-millioni&egrave;me. Le mus&eacute;e gratuit, c&rsquo;est un peu la maison.<\/p>\n<div id=\"bandeson\">\n<p><img decoding=\"async\" src=\"https:\/\/www.wallendorff.com\/belogue\/photo\/pochettes\/m\/menace_beach-drops_out.jpg\" align=\"left\" \/><a style=\"font-weight:normal\" id=\"lienmp3\" href=\"http:\/\/www.youtube.com\/watch?v=CmzGjx8Ny0A\"><em>Tastes Like Medicine<\/em><\/a><br \/><a href=\"http:\/\/www.menacebeach.co.uk\/\">Menace Beach<\/a><\/p>\n<p>                <iframe style=\"align:right\" width=\"400px\" height=\"55\" scrolling=\"no\" frameborder=\"no\" src=\"https:\/\/w.soundcloud.com\/player\/?url=http%3A%2F%2Fapi.soundcloud.com%2Ftracks%2F79306558&amp;color=ff6600&amp;auto_play=false&amp;show_artwork=false\"><\/iframe>\n      <\/div>\n","protected":false},"excerpt":{"rendered":"<p>Mus&eacute;e Carnavalet, Paris, 21 juillet. Carnavalet est mon mus&eacute;e pr&eacute;f&eacute;r&eacute; de Paris. Ce n&rsquo;est ni le plus grand, ni le plus grandiose, mais le plus &agrave; part. Carnavalet est mon mus&eacute;e pr&eacute;f&eacute;r&eacute; de Paris parce que l&rsquo;on y trouve tout un bric-&agrave;-brac organis&eacute; par p&eacute;riodes et r&eacute;cup&eacute;r&eacute; au fur et &agrave; mesure que les strates&hellip;<\/p>\n","protected":false},"author":1,"featured_media":26645,"comment_status":"open","ping_status":"open","sticky":false,"template":"","format":"standard","meta":{"_acf_changed":false,"ngg_post_thumbnail":0,"jetpack_post_was_ever_published":false,"_jetpack_newsletter_access":"","_jetpack_dont_email_post_to_subs":false,"_jetpack_newsletter_tier_id":0,"_jetpack_memberships_contains_paywalled_content":false,"_jetpack_memberships_contains_paid_content":false,"footnotes":"","jetpack_publicize_message":"","jetpack_publicize_feature_enabled":true,"jetpack_social_post_already_shared":true,"jetpack_social_options":{"image_generator_settings":{"template":"highway","default_image_id":0,"font":"","enabled":false},"version":2}},"categories":[7356],"tags":[10336,2571,6766,10120,10121,7677,10232,10647,11323,10098,11618,8014],"class_list":["post-21552","post","type-post","status-publish","format-standard","has-post-thumbnail","hentry","category-into-the-wide","tag-10336","tag-ef-16-35-mm-f28l-ii-usm","tag-eos-5d-mark-iii","tag-france","tag-ile-de-france","tag-menace-beach","tag-musee","tag-musee-carnavalet","tag-panoramique","tag-paris","tag-rue-de-sevigne","tag-tastes-like-medicine"],"acf":[],"geo":{"latitude":48.8572731,"longitude":2.3625526,"description":"16 Rue des Francs Bourgeois, 75004 Paris, France"},"jetpack_publicize_connections":[],"jetpack_featured_media_url":"https:\/\/www.wallendorff.com\/belogue\/wp-content\/uploads\/2015\/04\/201309061.jpg","jetpack_shortlink":"https:\/\/wp.me\/p3b35P-5BC","jetpack_sharing_enabled":true,"jetpack-related-posts":[{"id":7164,"url":"https:\/\/www.wallendorff.com\/belogue\/2010\/03\/12\/les-trams-ou-cque-terres\/","url_meta":{"origin":21552,"position":0},"title":"Les trams o\u00f9 c&rsquo;que t&rsquo;erres.","author":"dpc","date":"12 mars 2010","format":false,"excerpt":"Mus\u00e9e Carnavalet, Paris, 20 f\u00e9vrier. [F\u00e9vrier passe bigrement vite je trouve.] \u00a0Ash \u2013 Arcadia","rel":"","context":"Dans &quot;DPC&quot;","block_context":{"text":"DPC","link":"https:\/\/www.wallendorff.com\/belogue\/category\/dpc\/"},"img":{"alt_text":"","src":"https:\/\/i0.wp.com\/www.wallendorff.com\/belogue\/wp-content\/uploads\/2015\/04\/201003121.jpg?resize=350%2C200&ssl=1","width":350,"height":200},"classes":[]},{"id":7206,"url":"https:\/\/www.wallendorff.com\/belogue\/2010\/03\/15\/helice-in-wonderland\/","url_meta":{"origin":21552,"position":1},"title":"H\u00e9lice [in wonderland].","author":"dpc","date":"15 mars 2010","format":false,"excerpt":"Mus\u00e9e Carnavalet, Paris, 20 f\u00e9vrier. [Faut que j'arr\u00eate avec les escaliers vides] [Faut que j'arr\u00eate avec les escaliers vides] [Faut que j'arr\u00eate avec les escaliers vides] \u00a0Ted Leo and the Pharmacists \u2013 The Mighty Sparrow","rel":"","context":"Dans &quot;DPC&quot;","block_context":{"text":"DPC","link":"https:\/\/www.wallendorff.com\/belogue\/category\/dpc\/"},"img":{"alt_text":"","src":"https:\/\/i0.wp.com\/www.wallendorff.com\/belogue\/wp-content\/uploads\/2015\/04\/201003151.jpg?resize=350%2C200&ssl=1","width":350,"height":200,"srcset":"https:\/\/i0.wp.com\/www.wallendorff.com\/belogue\/wp-content\/uploads\/2015\/04\/201003151.jpg?resize=350%2C200&ssl=1 1x, https:\/\/i0.wp.com\/www.wallendorff.com\/belogue\/wp-content\/uploads\/2015\/04\/201003151.jpg?resize=525%2C300&ssl=1 1.5x"},"classes":[]},{"id":5985,"url":"https:\/\/www.wallendorff.com\/belogue\/2010\/01\/09\/tondu-bi-cuite\/","url_meta":{"origin":21552,"position":2},"title":"Tondu bi cuit\u00e9.","author":"dpc","date":"9 janvier 2010","format":false,"excerpt":"Mus\u00e9e Carnavalet, Paris, 22 novembre 2009. \u00a0The Pains of Being Pure at Heart \u2013 Everything With You","rel":"","context":"Dans &quot;DPC&quot;","block_context":{"text":"DPC","link":"https:\/\/www.wallendorff.com\/belogue\/category\/dpc\/"},"img":{"alt_text":"","src":"https:\/\/i0.wp.com\/www.wallendorff.com\/belogue\/wp-content\/uploads\/2015\/04\/201001091.jpg?resize=350%2C200&ssl=1","width":350,"height":200},"classes":[]},{"id":21429,"url":"https:\/\/www.wallendorff.com\/belogue\/2013\/07\/31\/juillet-2013\/","url_meta":{"origin":21552,"position":3},"title":"Juillet 2013.","author":"dpc","date":"31 juillet 2013","format":false,"excerpt":"5 titres Pixies \u2013 Bagboy The Naked and Famous \u2013 Hearts Like Ours Palma Violets \u2013 Best of Friends Filligar \u2013 New Local Smallpools \u2013 Mason Jar Et en bonus parce que tout le monde l'a tellement chant\u00e9e \u00e0 Belfort qu'elle en est rest\u00e9e coinc\u00e9e dans mon oreille le mois\u2026","rel":"","context":"Dans &quot;Blog-note&quot;","block_context":{"text":"Blog-note","link":"https:\/\/www.wallendorff.com\/belogue\/category\/blog-note\/"},"img":{"alt_text":"","src":"https:\/\/i0.wp.com\/www.wallendorff.com\/belogue\/wp-content\/uploads\/2015\/04\/20130809-801.jpg?resize=350%2C200&ssl=1","width":350,"height":200,"srcset":"https:\/\/i0.wp.com\/www.wallendorff.com\/belogue\/wp-content\/uploads\/2015\/04\/20130809-801.jpg?resize=350%2C200&ssl=1 1x, https:\/\/i0.wp.com\/www.wallendorff.com\/belogue\/wp-content\/uploads\/2015\/04\/20130809-801.jpg?resize=525%2C300&ssl=1 1.5x, https:\/\/i0.wp.com\/www.wallendorff.com\/belogue\/wp-content\/uploads\/2015\/04\/20130809-801.jpg?resize=700%2C400&ssl=1 2x"},"classes":[]},{"id":48506,"url":"https:\/\/www.wallendorff.com\/belogue\/2021\/05\/31\/mai-2021\/","url_meta":{"origin":21552,"position":4},"title":"Mai 2021.","author":"dpc","date":"31 mai 2021","format":false,"excerpt":"Une fontaine, un oiseau, un cadenas, un chapeau, un tas de ballons, une sieste, un balcon, un coucher de soleil, un m\u00e9tro, une verri\u00e8re, une tour, un op\u00e9ra, un soleil bien dans l'axe, un m\u00e9tro, un quai, un tour, une passerelle, un pont, un chat pr\u00e9nomm\u00e9 Gretzky, un jardin, un\u2026","rel":"","context":"Dans &quot;Blog-note&quot;","block_context":{"text":"Blog-note","link":"https:\/\/www.wallendorff.com\/belogue\/category\/blog-note\/"},"img":{"alt_text":"","src":"https:\/\/i0.wp.com\/www.wallendorff.com\/belogue\/wp-content\/uploads\/2021\/06\/20210609-49.jpg?resize=350%2C200&ssl=1","width":350,"height":200,"srcset":"https:\/\/i0.wp.com\/www.wallendorff.com\/belogue\/wp-content\/uploads\/2021\/06\/20210609-49.jpg?resize=350%2C200&ssl=1 1x, https:\/\/i0.wp.com\/www.wallendorff.com\/belogue\/wp-content\/uploads\/2021\/06\/20210609-49.jpg?resize=525%2C300&ssl=1 1.5x, https:\/\/i0.wp.com\/www.wallendorff.com\/belogue\/wp-content\/uploads\/2021\/06\/20210609-49.jpg?resize=700%2C400&ssl=1 2x, https:\/\/i0.wp.com\/www.wallendorff.com\/belogue\/wp-content\/uploads\/2021\/06\/20210609-49.jpg?resize=1050%2C600&ssl=1 3x"},"classes":[]},{"id":303,"url":"https:\/\/www.wallendorff.com\/belogue\/2005\/07\/30\/charpente-savonneuse\/","url_meta":{"origin":21552,"position":5},"title":"Charpente savonneuse.","author":"dpc","date":"30 juillet 2005","format":false,"excerpt":"Mus\u00e9e d'Orsay, Paris, 20 juillet. (merde c'\u00e9tait l'anniversaire de mon cousin) (ah non, c'est en ao\u00fbt, l'anniversaire du cousin. Fausse alerte.) Nous dirons qu'au vu de mon grammage actuel, pas si \u00e9lev\u00e9 que \u00e7a mais all\u00e8grement assaisonn\u00e9 \u00e0 grands coups de fatigue inh\u00e9rente \u00e0 un rallye p\u00e9destre parisien et un\u2026","rel":"","context":"Dans &quot;DPC&quot;","block_context":{"text":"DPC","link":"https:\/\/www.wallendorff.com\/belogue\/category\/dpc\/"},"img":{"alt_text":"","src":"https:\/\/i0.wp.com\/www.wallendorff.com\/belogue\/wp-content\/uploads\/2015\/04\/200507301.jpg?resize=350%2C200&ssl=1","width":350,"height":200},"classes":[]}],"_links":{"self":[{"href":"https:\/\/www.wallendorff.com\/belogue\/wp-json\/wp\/v2\/posts\/21552","targetHints":{"allow":["GET"]}}],"collection":[{"href":"https:\/\/www.wallendorff.com\/belogue\/wp-json\/wp\/v2\/posts"}],"about":[{"href":"https:\/\/www.wallendorff.com\/belogue\/wp-json\/wp\/v2\/types\/post"}],"author":[{"embeddable":true,"href":"https:\/\/www.wallendorff.com\/belogue\/wp-json\/wp\/v2\/users\/1"}],"replies":[{"embeddable":true,"href":"https:\/\/www.wallendorff.com\/belogue\/wp-json\/wp\/v2\/comments?post=21552"}],"version-history":[{"count":8,"href":"https:\/\/www.wallendorff.com\/belogue\/wp-json\/wp\/v2\/posts\/21552\/revisions"}],"predecessor-version":[{"id":38245,"href":"https:\/\/www.wallendorff.com\/belogue\/wp-json\/wp\/v2\/posts\/21552\/revisions\/38245"}],"wp:featuredmedia":[{"embeddable":true,"href":"https:\/\/www.wallendorff.com\/belogue\/wp-json\/wp\/v2\/media\/26645"}],"wp:attachment":[{"href":"https:\/\/www.wallendorff.com\/belogue\/wp-json\/wp\/v2\/media?parent=21552"}],"wp:term":[{"taxonomy":"category","embeddable":true,"href":"https:\/\/www.wallendorff.com\/belogue\/wp-json\/wp\/v2\/categories?post=21552"},{"taxonomy":"post_tag","embeddable":true,"href":"https:\/\/www.wallendorff.com\/belogue\/wp-json\/wp\/v2\/tags?post=21552"}],"curies":[{"name":"wp","href":"https:\/\/api.w.org\/{rel}","templated":true}]}}