{"id":21531,"date":"2013-09-02T15:20:39","date_gmt":"2013-09-02T13:20:39","guid":{"rendered":"http:\/\/www.wallendorff.com\/?p=21531"},"modified":"2018-05-23T08:13:25","modified_gmt":"2018-05-23T06:13:25","slug":"later-on-that-night","status":"publish","type":"post","link":"https:\/\/www.wallendorff.com\/belogue\/2013\/09\/02\/later-on-that-night\/","title":{"rendered":"Later on that night."},"content":{"rendered":"\n<div id=\"photo\">\n<p><img decoding=\"async\" src=\"https:\/\/www.wallendorff.com\/belogue\/photo\/2013\/09\/20130902.jpg\"><br \/>\nAire de Tardenois Nord, 14 juillet.<\/p>\n<\/p><\/div>\n<div id=\"bandeson\">\n<p><img decoding=\"async\" src=\"https:\/\/www.wallendorff.com\/belogue\/photo\/pochettes\/b\/big_scary-not_art.jpg\" align=\"left\" \/><a style=\"font-weight:normal\" id=\"lienmp3\" href=\"http:\/\/www.youtube.com\/watch?v=ELvtQ9ytpsU\"><em>Lay Me Down<\/em><\/a><br \/><a href=\"http:\/\/www.bigscary.net\/\">Big Scary<\/a><\/p>\n<\/p><\/div>\n","protected":false},"excerpt":{"rendered":"<p>Aire de Tardenois Nord, 14 juillet. Lay Me DownBig Scary<\/p>\n","protected":false},"author":1,"featured_media":26643,"comment_status":"open","ping_status":"open","sticky":false,"template":"","format":"standard","meta":{"_acf_changed":false,"ngg_post_thumbnail":0,"jetpack_post_was_ever_published":false,"_jetpack_newsletter_access":"","_jetpack_dont_email_post_to_subs":false,"_jetpack_newsletter_tier_id":0,"_jetpack_memberships_contains_paywalled_content":false,"_jetpack_memberships_contains_paid_content":false,"footnotes":"","jetpack_publicize_message":"","jetpack_publicize_feature_enabled":true,"jetpack_social_post_already_shared":true,"jetpack_social_options":{"image_generator_settings":{"template":"highway","default_image_id":0,"font":"","enabled":false},"version":2}},"categories":[3],"tags":[10443,7972,10631,10841,7837,2571,6766,10120,7973,7974,10147,10632,10103,11514,10171],"class_list":["post-21531","post","type-post","status-publish","format-standard","has-post-thumbnail","hentry","category-dpc","tag-a4","tag-aire-de-tardenois","tag-aisne","tag-autoroute","tag-big-scary","tag-ef-16-35-mm-f28l-ii-usm","tag-eos-5d-mark-iii","tag-france","tag-fresnes-en-tardenois","tag-lay-me-down","tag-nuit","tag-picardie","tag-route","tag-station-service","tag-voiture"],"acf":[],"geo":{"latitude":49.1271057,"longitude":3.5381341,"description":"Le Charmel, Picardie, 02850, FR"},"jetpack_publicize_connections":[],"jetpack_featured_media_url":"https:\/\/www.wallendorff.com\/belogue\/wp-content\/uploads\/2015\/04\/20130902.jpg","jetpack_shortlink":"https:\/\/wp.me\/p3b35P-5Bh","jetpack_sharing_enabled":true,"jetpack-related-posts":[{"id":405,"url":"https:\/\/www.wallendorff.com\/belogue\/2005\/04\/15\/highway-truelle\/","url_meta":{"origin":21531,"position":0},"title":"Highway truelle.","author":"dpc","date":"15 avril 2005","format":false,"excerpt":"Autoroute A4, 10 avril. \"I went out into the night, I went out to find some light. Kids are swingin' from the power lines, Nobody's home, so nobody minds.\" \/Edit\u00a0: Encore du White Stripes, l\u00e0. \u00a0Arcade Fire \u2013 Neighborhood #3 (Power Out)","rel":"","context":"Dans &quot;DPC&quot;","block_context":{"text":"DPC","link":"https:\/\/www.wallendorff.com\/belogue\/category\/dpc\/"},"img":{"alt_text":"","src":"https:\/\/i0.wp.com\/www.wallendorff.com\/belogue\/wp-content\/uploads\/2015\/04\/200504151.jpg?resize=350%2C200&ssl=1","width":350,"height":200},"classes":[]},{"id":5321,"url":"https:\/\/www.wallendorff.com\/belogue\/2009\/12\/13\/retors-a-lents-voyeurs\/","url_meta":{"origin":21531,"position":1},"title":"Retors \u00e0 lents voyeurs.","author":"dpc","date":"13 d\u00e9cembre 2009","format":false,"excerpt":"Ch\u00e2teau de F\u00e8re, F\u00e8re-en-Tardenois, 26 septembre. \u00a0Flogging Molly \u2013 Us of Lesser Gods","rel":"","context":"Dans &quot;DPC&quot;","block_context":{"text":"DPC","link":"https:\/\/www.wallendorff.com\/belogue\/category\/dpc\/"},"img":{"alt_text":"","src":"https:\/\/i0.wp.com\/www.wallendorff.com\/belogue\/wp-content\/uploads\/2015\/04\/200912131.jpg?resize=350%2C200&ssl=1","width":350,"height":200},"classes":[]},{"id":5279,"url":"https:\/\/www.wallendorff.com\/belogue\/2009\/12\/11\/tchik\/","url_meta":{"origin":21531,"position":2},"title":"Tchik.","author":"dpc","date":"11 d\u00e9cembre 2009","format":false,"excerpt":"Ch\u00e2teau de F\u00e8re, F\u00e8re-en-Tardenois, 26 septembre. \u00a0Biffy Clyro \u2013 Booooom, Blast & Ruin \u00ab\u00a0Pourquoi Liam Gallagher ne se retourne-t-il jamais quand il marche dans la pr\u00e9fecture du Maine-et-Loire\u00a0? Parce que \u00e7a fait 15 ans qu'il entend son fr\u00e8re lui dire \u201cdon't look back in Angers\u201d.\u00a0\u00bb Ahah, ohoh, faut vraiment que\u2026","rel":"","context":"Dans &quot;DPC&quot;","block_context":{"text":"DPC","link":"https:\/\/www.wallendorff.com\/belogue\/category\/dpc\/"},"img":{"alt_text":"","src":"https:\/\/i0.wp.com\/www.wallendorff.com\/belogue\/wp-content\/uploads\/2015\/04\/200912111.jpg?resize=350%2C200&ssl=1","width":350,"height":200},"classes":[]},{"id":5260,"url":"https:\/\/www.wallendorff.com\/belogue\/2009\/12\/09\/cagnard-en-chai-nest\/","url_meta":{"origin":21531,"position":3},"title":"Cagnard en chai n&rsquo;est.","author":"dpc","date":"9 d\u00e9cembre 2009","format":false,"excerpt":"Ch\u00e2teau de F\u00e8re, F\u00e8re-en-Tardenois, 26 septembre. \u00a0Those Darlins \u2013 Who's That Knockin' at My Window? Y a des jours comme \u00e7a o\u00f9 paf sans rien demander tu tombes sur de vieux couloirs en forme de brownie g\u00e9ant. C'est quand m\u00eame fou, la vie.","rel":"","context":"Dans &quot;DPC&quot;","block_context":{"text":"DPC","link":"https:\/\/www.wallendorff.com\/belogue\/category\/dpc\/"},"img":{"alt_text":"","src":"https:\/\/i0.wp.com\/www.wallendorff.com\/belogue\/wp-content\/uploads\/2015\/04\/200912091.jpg?resize=350%2C200&ssl=1","width":350,"height":200},"classes":[]},{"id":5277,"url":"https:\/\/www.wallendorff.com\/belogue\/2009\/12\/10\/eteins-je-art-dun-est-ce-toi-aux-dix-nerfs\/","url_meta":{"origin":21531,"position":4},"title":"\u00c9teins-je art d&rsquo;un ? Est-ce toi aux dix nerfs ?","author":"dpc","date":"10 d\u00e9cembre 2009","format":false,"excerpt":"Ch\u00e2teau de F\u00e8re, F\u00e8re-en-Tardenois, 26 septembre. \u00a0U2 \u2013 A Sort of Homecoming (live) ... Puis tu d\u00e9cides un beau matin que tu es tomb\u00e9 sur le ch\u00e2teau de The Unforgettable Fire, et ce m\u00eame si Kikip\u00e9dia pr\u00e9tend qu'il s'agit en vrai d'un autre.","rel":"","context":"Dans &quot;DPC&quot;","block_context":{"text":"DPC","link":"https:\/\/www.wallendorff.com\/belogue\/category\/dpc\/"},"img":{"alt_text":"","src":"https:\/\/i0.wp.com\/www.wallendorff.com\/belogue\/wp-content\/uploads\/2015\/04\/200912101.jpg?resize=350%2C200&ssl=1","width":350,"height":200},"classes":[]},{"id":5410,"url":"https:\/\/www.wallendorff.com\/belogue\/2009\/12\/18\/a-lun-deux-lont\/","url_meta":{"origin":21531,"position":5},"title":"\u00c0 l&rsquo;un, deux l&rsquo;ont.","author":"dpc","date":"18 d\u00e9cembre 2009","format":false,"excerpt":"F\u00e8re-en-Tardenois, 27 septembre. \u00a0I Am Kloot \u2013 Avenue of Hope Les Lyonnais de The Fuzz proposent un chouette concours pour les gagner en concert chez toi dans ton salon1. C'est tr\u00e8s important que tu joues, le lecteur, car comme The Fuzz m'a promis une brouette de g\u00e2teaux, plein de b\u00e2dches\u2026","rel":"","context":"Dans &quot;DPC&quot;","block_context":{"text":"DPC","link":"https:\/\/www.wallendorff.com\/belogue\/category\/dpc\/"},"img":{"alt_text":"","src":"https:\/\/i0.wp.com\/www.wallendorff.com\/belogue\/wp-content\/uploads\/2015\/04\/200912181.jpg?resize=350%2C200&ssl=1","width":350,"height":200},"classes":[]}],"_links":{"self":[{"href":"https:\/\/www.wallendorff.com\/belogue\/wp-json\/wp\/v2\/posts\/21531","targetHints":{"allow":["GET"]}}],"collection":[{"href":"https:\/\/www.wallendorff.com\/belogue\/wp-json\/wp\/v2\/posts"}],"about":[{"href":"https:\/\/www.wallendorff.com\/belogue\/wp-json\/wp\/v2\/types\/post"}],"author":[{"embeddable":true,"href":"https:\/\/www.wallendorff.com\/belogue\/wp-json\/wp\/v2\/users\/1"}],"replies":[{"embeddable":true,"href":"https:\/\/www.wallendorff.com\/belogue\/wp-json\/wp\/v2\/comments?post=21531"}],"version-history":[{"count":8,"href":"https:\/\/www.wallendorff.com\/belogue\/wp-json\/wp\/v2\/posts\/21531\/revisions"}],"predecessor-version":[{"id":21541,"href":"https:\/\/www.wallendorff.com\/belogue\/wp-json\/wp\/v2\/posts\/21531\/revisions\/21541"}],"wp:featuredmedia":[{"embeddable":true,"href":"https:\/\/www.wallendorff.com\/belogue\/wp-json\/wp\/v2\/media\/26643"}],"wp:attachment":[{"href":"https:\/\/www.wallendorff.com\/belogue\/wp-json\/wp\/v2\/media?parent=21531"}],"wp:term":[{"taxonomy":"category","embeddable":true,"href":"https:\/\/www.wallendorff.com\/belogue\/wp-json\/wp\/v2\/categories?post=21531"},{"taxonomy":"post_tag","embeddable":true,"href":"https:\/\/www.wallendorff.com\/belogue\/wp-json\/wp\/v2\/tags?post=21531"}],"curies":[{"name":"wp","href":"https:\/\/api.w.org\/{rel}","templated":true}]}}