{"id":215,"date":"2005-03-18T01:26:50","date_gmt":"2005-03-18T01:26:50","guid":{"rendered":"http:\/\/www.po-l.com\/wordpress\/?p=215"},"modified":"2012-02-19T17:48:03","modified_gmt":"2012-02-19T15:48:03","slug":"cent-coups-fait-rire","status":"publish","type":"post","link":"https:\/\/www.wallendorff.com\/belogue\/2005\/03\/18\/cent-coups-fait-rire\/","title":{"rendered":"Cent coups fait rire."},"content":{"rendered":"\n<div id=\"photo\">\n<p><img decoding=\"async\" src=\"http:\/\/www.po-L.com\/belogue\/photo\/2005\/03\/20050318-01.jpg\" \/><br \/>\n          Quai F&eacute;lix Mar&eacute;chal, Metz, 11 mars.<\/p>\n<\/p><\/div>\n<p style=\"text-align:right\">[Taken from my favourite bench on Earth. Even if the picture sucks, it means a lot to me.]<\/p>\n<p style=\"text-align:right\">[And that&rsquo;s what counts.]<\/p>\n<div id=\"bandeson\">\n<p><img decoding=\"async\" src=\"https:\/\/www.wallendorff.com\/belogue\/photo\/pochettes\/v\/veils_the-the_runaway_found.jpg\" align=\"left\" \/>&nbsp;<a href=\"http:\/\/www.theveils.com\/\">The Veils<\/a> &ndash; <em>The Leavers Dance<\/em>       <\/p>\n<\/div>\n","protected":false},"excerpt":{"rendered":"<p>Quai F&eacute;lix Mar&eacute;chal, Metz, 11 mars. [Taken from my favourite bench on Earth. Even if the picture sucks, it means a lot to me.] [And that&rsquo;s what counts.] &nbsp;The Veils &ndash; The Leavers Dance<\/p>\n","protected":false},"author":1,"featured_media":24152,"comment_status":"open","ping_status":"open","sticky":false,"template":"","format":"standard","meta":{"_acf_changed":false,"ngg_post_thumbnail":0,"jetpack_post_was_ever_published":false,"_jetpack_newsletter_access":"","_jetpack_dont_email_post_to_subs":false,"_jetpack_newsletter_tier_id":0,"_jetpack_memberships_contains_paywalled_content":false,"_jetpack_memberships_contains_paid_content":false,"footnotes":"","jetpack_publicize_message":"","jetpack_publicize_feature_enabled":true,"jetpack_social_post_already_shared":false,"jetpack_social_options":{"image_generator_settings":{"template":"highway","default_image_id":0,"font":"","enabled":false},"version":2}},"categories":[3],"tags":[155,132,10743,417,10238,10120,10175,10173,10174,10147,5584,812,811],"class_list":["post-215","post","type-post","status-publish","format-standard","has-post-thumbnail","hentry","category-dpc","tag-ef-s-18-55-mm-f35-56-ii","tag-eos-20d","tag-cathedrale","tag-cathedrale-saint-etienne","tag-eglise","tag-france","tag-lorraine","tag-metz","tag-moselle","tag-nuit","tag-quai-felix-marechal","tag-the-leavers-dance","tag-the-veils"],"acf":[],"geo":{"latitude":49.1222725,"longitude":6.1762505,"description":"Metz, Lorraine, 57077 CEDEX 03, FR"},"jetpack_publicize_connections":[],"jetpack_featured_media_url":"https:\/\/www.wallendorff.com\/belogue\/wp-content\/uploads\/2015\/04\/20050318-011.jpg","jetpack_shortlink":"https:\/\/wp.me\/p3b35P-3t","jetpack_sharing_enabled":true,"jetpack-related-posts":[{"id":15889,"url":"https:\/\/www.wallendorff.com\/belogue\/2012\/02\/15\/que-fees-lapent-eau-lisse\/","url_meta":{"origin":215,"position":0},"title":"Que f\u00e9es lapent eau lisse.","author":"dpc","date":"15 f\u00e9vrier 2012","format":false,"excerpt":"Quai F\u00e9lix-Mar\u00e9chal, Metz, 27 d\u00e9cembre 2011. J'ai \u00e9t\u00e9 interview\u00e9 par Rock'n'Rolla \u00e0 propos de l'expo \u00e0 Montgallet [qui ne dure que jusqu'au 28, d\u00e9p\u00eachez-vous]. Premi\u00e8re fois que je me retrouve de ce c\u00f4t\u00e9-l\u00e0 de l'interview. Dr\u00f4le d'impression. L'article est l\u00e0. Merci \u00e0 elles. Chromatics \u2013 Into the Black (Neil Young\u2026","rel":"","context":"Dans &quot;DPC&quot;","block_context":{"text":"DPC","link":"https:\/\/www.wallendorff.com\/belogue\/category\/dpc\/"},"img":{"alt_text":"","src":"https:\/\/i0.wp.com\/www.wallendorff.com\/belogue\/wp-content\/uploads\/2015\/04\/201202151.jpg?resize=350%2C200&ssl=1","width":350,"height":200},"classes":[]},{"id":6561,"url":"https:\/\/www.wallendorff.com\/belogue\/2010\/02\/04\/quanesse-prisse-indes-en-cinq-oursins\/","url_meta":{"origin":215,"position":1},"title":"[Qu&rsquo;]\u00c2nesses prissent Indes en cinq oursins.","author":"dpc","date":"4 f\u00e9vrier 2010","format":false,"excerpt":"Metz, 28 d\u00e9cembre 2009. \u00a0Air \u2013 Highschool Lover [Faudrait peut-\u00eatre penser \u00e0 arr\u00eater avec Metz, un peu.]","rel":"","context":"Dans &quot;DPC&quot;","block_context":{"text":"DPC","link":"https:\/\/www.wallendorff.com\/belogue\/category\/dpc\/"},"img":{"alt_text":"","src":"https:\/\/i0.wp.com\/www.wallendorff.com\/belogue\/wp-content\/uploads\/2015\/04\/201002041.jpg?resize=350%2C200&ssl=1","width":350,"height":200},"classes":[]},{"id":135693,"url":"https:\/\/www.wallendorff.com\/belogue\/2026\/03\/27\/tcho-metz\/","url_meta":{"origin":215,"position":2},"title":"Tch\u00f4 Metz.","author":"dpc","date":"27 mars 2026","format":false,"excerpt":"","rel":"","context":"Dans &quot;DPC&quot;","block_context":{"text":"DPC","link":"https:\/\/www.wallendorff.com\/belogue\/category\/dpc\/"},"img":{"alt_text":"","src":"https:\/\/i0.wp.com\/www.wallendorff.com\/belogue\/wp-content\/uploads\/2026\/03\/20260327-10.jpg?resize=350%2C200&ssl=1","width":350,"height":200,"srcset":"https:\/\/i0.wp.com\/www.wallendorff.com\/belogue\/wp-content\/uploads\/2026\/03\/20260327-10.jpg?resize=350%2C200&ssl=1 1x, https:\/\/i0.wp.com\/www.wallendorff.com\/belogue\/wp-content\/uploads\/2026\/03\/20260327-10.jpg?resize=525%2C300&ssl=1 1.5x, https:\/\/i0.wp.com\/www.wallendorff.com\/belogue\/wp-content\/uploads\/2026\/03\/20260327-10.jpg?resize=700%2C400&ssl=1 2x, https:\/\/i0.wp.com\/www.wallendorff.com\/belogue\/wp-content\/uploads\/2026\/03\/20260327-10.jpg?resize=1050%2C600&ssl=1 3x"},"classes":[]},{"id":41584,"url":"https:\/\/www.wallendorff.com\/belogue\/2019\/04\/16\/lenfer\/","url_meta":{"origin":215,"position":3},"title":"L&rsquo;enfer.","author":"dpc","date":"16 avril 2019","format":false,"excerpt":"Je ne pouvais pas ne pas y aller\u00a0; je ne pouvais pas ne pas garder une trace de \u00e7a. Une fois sur place, j'ai tourn\u00e9 autour de l'\u00eele de la Cit\u00e9 sans pouvoir me r\u00e9soudre \u00e0 rentrer. Ces b\u00e2timents sont con\u00e7us pour rester debout quoi qu'il arrive [c'est la raison\u2026","rel":"","context":"Dans &quot;DPC&quot;","block_context":{"text":"DPC","link":"https:\/\/www.wallendorff.com\/belogue\/category\/dpc\/"},"img":{"alt_text":"","src":"https:\/\/i0.wp.com\/www.wallendorff.com\/belogue\/wp-content\/uploads\/2019\/04\/20190416-01.jpg?resize=350%2C200&ssl=1","width":350,"height":200,"srcset":"https:\/\/i0.wp.com\/www.wallendorff.com\/belogue\/wp-content\/uploads\/2019\/04\/20190416-01.jpg?resize=350%2C200&ssl=1 1x, https:\/\/i0.wp.com\/www.wallendorff.com\/belogue\/wp-content\/uploads\/2019\/04\/20190416-01.jpg?resize=525%2C300&ssl=1 1.5x, https:\/\/i0.wp.com\/www.wallendorff.com\/belogue\/wp-content\/uploads\/2019\/04\/20190416-01.jpg?resize=700%2C400&ssl=1 2x, https:\/\/i0.wp.com\/www.wallendorff.com\/belogue\/wp-content\/uploads\/2019\/04\/20190416-01.jpg?resize=1050%2C600&ssl=1 3x"},"classes":[]},{"id":126836,"url":"https:\/\/www.wallendorff.com\/belogue\/2023\/12\/08\/metz-du-dimanche\/","url_meta":{"origin":215,"position":4},"title":"Metz du dimanche.","author":"dpc","date":"8 d\u00e9cembre 2023","format":false,"excerpt":"","rel":"","context":"Dans &quot;DPC&quot;","block_context":{"text":"DPC","link":"https:\/\/www.wallendorff.com\/belogue\/category\/dpc\/"},"img":{"alt_text":"","src":"https:\/\/i0.wp.com\/www.wallendorff.com\/belogue\/wp-content\/uploads\/2023\/12\/20231208-02.jpg?resize=350%2C200&ssl=1","width":350,"height":200,"srcset":"https:\/\/i0.wp.com\/www.wallendorff.com\/belogue\/wp-content\/uploads\/2023\/12\/20231208-02.jpg?resize=350%2C200&ssl=1 1x, https:\/\/i0.wp.com\/www.wallendorff.com\/belogue\/wp-content\/uploads\/2023\/12\/20231208-02.jpg?resize=525%2C300&ssl=1 1.5x, https:\/\/i0.wp.com\/www.wallendorff.com\/belogue\/wp-content\/uploads\/2023\/12\/20231208-02.jpg?resize=700%2C400&ssl=1 2x"},"classes":[]},{"id":359,"url":"https:\/\/www.wallendorff.com\/belogue\/2005\/05\/31\/passe-l-apporte\/","url_meta":{"origin":215,"position":5},"title":"Pass\u00e9 l&rsquo;apporte.","author":"dpc","date":"31 mai 2005","format":false,"excerpt":"Cath\u00e9drale St-\u00c9tienne, Metz, 27 mai. \"Well I lost me a wife, so I found me a plane Flew all the way to California This mess in my head is a mess getting out Ya drink too much coffee, I drink too much stout But after a while, when my mouth's\u2026","rel":"","context":"Dans &quot;DPC&quot;","block_context":{"text":"DPC","link":"https:\/\/www.wallendorff.com\/belogue\/category\/dpc\/"},"img":{"alt_text":"","src":"https:\/\/i0.wp.com\/www.wallendorff.com\/belogue\/wp-content\/uploads\/2015\/04\/200505311.jpg?resize=350%2C200&ssl=1","width":350,"height":200},"classes":[]}],"_links":{"self":[{"href":"https:\/\/www.wallendorff.com\/belogue\/wp-json\/wp\/v2\/posts\/215","targetHints":{"allow":["GET"]}}],"collection":[{"href":"https:\/\/www.wallendorff.com\/belogue\/wp-json\/wp\/v2\/posts"}],"about":[{"href":"https:\/\/www.wallendorff.com\/belogue\/wp-json\/wp\/v2\/types\/post"}],"author":[{"embeddable":true,"href":"https:\/\/www.wallendorff.com\/belogue\/wp-json\/wp\/v2\/users\/1"}],"replies":[{"embeddable":true,"href":"https:\/\/www.wallendorff.com\/belogue\/wp-json\/wp\/v2\/comments?post=215"}],"version-history":[{"count":3,"href":"https:\/\/www.wallendorff.com\/belogue\/wp-json\/wp\/v2\/posts\/215\/revisions"}],"predecessor-version":[{"id":15940,"href":"https:\/\/www.wallendorff.com\/belogue\/wp-json\/wp\/v2\/posts\/215\/revisions\/15940"}],"wp:featuredmedia":[{"embeddable":true,"href":"https:\/\/www.wallendorff.com\/belogue\/wp-json\/wp\/v2\/media\/24152"}],"wp:attachment":[{"href":"https:\/\/www.wallendorff.com\/belogue\/wp-json\/wp\/v2\/media?parent=215"}],"wp:term":[{"taxonomy":"category","embeddable":true,"href":"https:\/\/www.wallendorff.com\/belogue\/wp-json\/wp\/v2\/categories?post=215"},{"taxonomy":"post_tag","embeddable":true,"href":"https:\/\/www.wallendorff.com\/belogue\/wp-json\/wp\/v2\/tags?post=215"}],"curies":[{"name":"wp","href":"https:\/\/api.w.org\/{rel}","templated":true}]}}