{"id":21481,"date":"2013-08-22T16:34:36","date_gmt":"2013-08-22T14:34:36","guid":{"rendered":"http:\/\/www.wallendorff.com\/?p=21481"},"modified":"2018-05-23T08:13:27","modified_gmt":"2018-05-23T06:13:27","slug":"unbekannt","status":"publish","type":"post","link":"https:\/\/www.wallendorff.com\/belogue\/2013\/08\/22\/unbekannt\/","title":{"rendered":"Unbekannt."},"content":{"rendered":"\n<div id=\"photo\">\n<p><img decoding=\"async\" src=\"https:\/\/www.wallendorff.com\/belogue\/photo\/2013\/08\/20130822.jpg\"><br \/>\nAmanvillers, 23 juin.<\/p>\n<\/p><\/div>\n<div id=\"bandeson\">\n<p><img decoding=\"async\" src=\"https:\/\/www.wallendorff.com\/belogue\/photo\/pochettes\/h\/harvey_pj-let_england_shake.jpg\" align=\"left\" \/><em>On Battleship Hill<\/em><br \/><a href=\"http:\/\/www.pjharvey.net\/\">PJ Harvey<\/a><\/p>\n<p>        <iframe style=\"align:right\" width=\"400px\" height=\"55\" scrolling=\"no\" frameborder=\"no\" src=\"https:\/\/w.soundcloud.com\/player\/?url=http%3A%2F%2Fapi.soundcloud.com%2Ftracks%2F23380696&amp;color=ff6600&amp;auto_play=false&amp;show_artwork=false\"><\/iframe>\n      <\/div>\n<p>&nbsp;<\/p>\n","protected":false},"excerpt":{"rendered":"<p>Amanvillers, 23 juin. On Battleship HillPJ Harvey &nbsp;<\/p>\n","protected":false},"author":1,"featured_media":26634,"comment_status":"open","ping_status":"open","sticky":false,"template":"","format":"standard","meta":{"_acf_changed":false,"ngg_post_thumbnail":0,"jetpack_post_was_ever_published":false,"_jetpack_newsletter_access":"","_jetpack_dont_email_post_to_subs":false,"_jetpack_newsletter_tier_id":0,"_jetpack_memberships_contains_paywalled_content":false,"_jetpack_memberships_contains_paid_content":false,"footnotes":"","jetpack_publicize_message":"","jetpack_publicize_feature_enabled":true,"jetpack_social_post_already_shared":true,"jetpack_social_options":{"image_generator_settings":{"template":"highway","default_image_id":0,"font":"","enabled":false},"version":2}},"categories":[3],"tags":[10953,10952,2571,2615,10207,10120,10619,5450,10175,7941,10174,7942,10180,10592,3810,10517],"class_list":["post-21481","post","type-post","status-publish","format-standard","has-post-thumbnail","hentry","category-dpc","tag-allemagne","tag-amanvillers","tag-ef-16-35-mm-f28l-ii-usm","tag-eos-5d-mark-ii","tag-cimetiere","tag-france","tag-jardin","tag-let-england-shake","tag-lorraine","tag-monument-au-morts","tag-moselle","tag-on-battleship-hill","tag-pj-harvey","tag-pose-longue","tag-square","tag-tombe"],"acf":[],"geo":{"latitude":49.1625137,"longitude":6.0343938,"description":"Amanvillers, Lorraine, 57865, FR"},"jetpack_publicize_connections":[],"jetpack_featured_media_url":"https:\/\/www.wallendorff.com\/belogue\/wp-content\/uploads\/2015\/04\/201308221.jpg","jetpack_shortlink":"https:\/\/wp.me\/p3b35P-5At","jetpack_sharing_enabled":true,"jetpack-related-posts":[{"id":16315,"url":"https:\/\/www.wallendorff.com\/belogue\/2012\/03\/11\/fond-de-tiroir-19\/","url_meta":{"origin":21481,"position":0},"title":"Fond de tiroir #19.","author":"dpc","date":"11 mars 2012","format":false,"excerpt":"Amanvillers, 12 f\u00e9vrier 2011. Eugene McGuinness \u2013 Lion [youtube]http:\/\/www.youtube.com\/watch?v=tfnsLACLbEc[\/youtube]","rel":"","context":"Dans &quot;DPC&quot;","block_context":{"text":"DPC","link":"https:\/\/www.wallendorff.com\/belogue\/category\/dpc\/"},"img":{"alt_text":"","src":"https:\/\/i0.wp.com\/www.wallendorff.com\/belogue\/wp-content\/uploads\/2015\/04\/201203111.jpg?resize=350%2C200&ssl=1","width":350,"height":200,"srcset":"https:\/\/i0.wp.com\/www.wallendorff.com\/belogue\/wp-content\/uploads\/2015\/04\/201203111.jpg?resize=350%2C200&ssl=1 1x, https:\/\/i0.wp.com\/www.wallendorff.com\/belogue\/wp-content\/uploads\/2015\/04\/201203111.jpg?resize=525%2C300&ssl=1 1.5x, https:\/\/i0.wp.com\/www.wallendorff.com\/belogue\/wp-content\/uploads\/2015\/04\/201203111.jpg?resize=700%2C400&ssl=1 2x"},"classes":[]},{"id":14407,"url":"https:\/\/www.wallendorff.com\/belogue\/2011\/11\/08\/de-stele\/","url_meta":{"origin":21481,"position":1},"title":"De st\u00e8le.","author":"dpc","date":"8 novembre 2011","format":false,"excerpt":"Amanvillers, 28 ao\u00fbt. Other Lives \u2013 For 12 [youtube]http:\/\/www.youtube.com\/watch?v=AWMqgeIDJs8[\/youtube]","rel":"","context":"Dans &quot;DPC&quot;","block_context":{"text":"DPC","link":"https:\/\/www.wallendorff.com\/belogue\/category\/dpc\/"},"img":{"alt_text":"","src":"https:\/\/i0.wp.com\/www.wallendorff.com\/belogue\/wp-content\/uploads\/2015\/04\/201111081.jpg?resize=350%2C200&ssl=1","width":350,"height":200,"srcset":"https:\/\/i0.wp.com\/www.wallendorff.com\/belogue\/wp-content\/uploads\/2015\/04\/201111081.jpg?resize=350%2C200&ssl=1 1x, https:\/\/i0.wp.com\/www.wallendorff.com\/belogue\/wp-content\/uploads\/2015\/04\/201111081.jpg?resize=525%2C300&ssl=1 1.5x, https:\/\/i0.wp.com\/www.wallendorff.com\/belogue\/wp-content\/uploads\/2015\/04\/201111081.jpg?resize=700%2C400&ssl=1 2x"},"classes":[]},{"id":21465,"url":"https:\/\/www.wallendorff.com\/belogue\/2013\/08\/21\/autoportrait-a-loseille-coupe\/","url_meta":{"origin":21481,"position":2},"title":"Autoportrait \u00e0 l&rsquo;oseille coup\u00e9.","author":"dpc","date":"21 ao\u00fbt 2013","format":false,"excerpt":"Amanvillers, 23 juin. Shooting people #107 [Danke f\u00fcr Irhe Hilfe.] The Oracle The Rumour Said Fire \u00a0","rel":"","context":"Dans &quot;Portraits&quot;","block_context":{"text":"Portraits","link":"https:\/\/www.wallendorff.com\/belogue\/category\/portraits\/"},"img":{"alt_text":"","src":"https:\/\/i0.wp.com\/www.wallendorff.com\/belogue\/wp-content\/uploads\/2015\/04\/201308211.jpg?resize=350%2C200&ssl=1","width":350,"height":200,"srcset":"https:\/\/i0.wp.com\/www.wallendorff.com\/belogue\/wp-content\/uploads\/2015\/04\/201308211.jpg?resize=350%2C200&ssl=1 1x, https:\/\/i0.wp.com\/www.wallendorff.com\/belogue\/wp-content\/uploads\/2015\/04\/201308211.jpg?resize=525%2C300&ssl=1 1.5x, https:\/\/i0.wp.com\/www.wallendorff.com\/belogue\/wp-content\/uploads\/2015\/04\/201308211.jpg?resize=700%2C400&ssl=1 2x"},"classes":[]},{"id":18850,"url":"https:\/\/www.wallendorff.com\/belogue\/2012\/08\/31\/tomorrow-well-be-castaway\/","url_meta":{"origin":21481,"position":3},"title":"Tomorrow we&rsquo;ll be castaway.","author":"dpc","date":"31 ao\u00fbt 2012","format":false,"excerpt":"Amanvillers, 16 juin. Oasis \u2013 Fade In-Out","rel":"","context":"Dans &quot;DPC&quot;","block_context":{"text":"DPC","link":"https:\/\/www.wallendorff.com\/belogue\/category\/dpc\/"},"img":{"alt_text":"","src":"https:\/\/i0.wp.com\/www.wallendorff.com\/belogue\/wp-content\/uploads\/2015\/04\/201208311.jpg?resize=350%2C200&ssl=1","width":350,"height":200,"srcset":"https:\/\/i0.wp.com\/www.wallendorff.com\/belogue\/wp-content\/uploads\/2015\/04\/201208311.jpg?resize=350%2C200&ssl=1 1x, https:\/\/i0.wp.com\/www.wallendorff.com\/belogue\/wp-content\/uploads\/2015\/04\/201208311.jpg?resize=525%2C300&ssl=1 1.5x, https:\/\/i0.wp.com\/www.wallendorff.com\/belogue\/wp-content\/uploads\/2015\/04\/201208311.jpg?resize=700%2C400&ssl=1 2x"},"classes":[]},{"id":18838,"url":"https:\/\/www.wallendorff.com\/belogue\/2012\/08\/30\/rainbows-vers-laisne\/","url_meta":{"origin":21481,"position":4},"title":"Rainbows, vers l&rsquo;Aisne.","author":"dpc","date":"30 ao\u00fbt 2012","format":false,"excerpt":"Amanvillers, 16 juin. Mon premier double arc-en-ciel. Pris au fichaille, redress\u00e9 avec la case \u00e0 cocher \u00ab\u00a0Activer les corrections de profil de l'objectif\u00a0\u00bb de CameraRaw. Elle est bath, la case \u00e0 cocher \u00ab\u00a0Activer les corrections de profil de l'objectif\u00a0\u00bb de CameraRaw. Oh et la photo est orient\u00e9e vers le sud-est,\u2026","rel":"","context":"Dans &quot;DPC&quot;","block_context":{"text":"DPC","link":"https:\/\/www.wallendorff.com\/belogue\/category\/dpc\/"},"img":{"alt_text":"","src":"https:\/\/i0.wp.com\/www.wallendorff.com\/belogue\/wp-content\/uploads\/2015\/04\/201208301.jpg?resize=350%2C200&ssl=1","width":350,"height":200,"srcset":"https:\/\/i0.wp.com\/www.wallendorff.com\/belogue\/wp-content\/uploads\/2015\/04\/201208301.jpg?resize=350%2C200&ssl=1 1x, https:\/\/i0.wp.com\/www.wallendorff.com\/belogue\/wp-content\/uploads\/2015\/04\/201208301.jpg?resize=525%2C300&ssl=1 1.5x, https:\/\/i0.wp.com\/www.wallendorff.com\/belogue\/wp-content\/uploads\/2015\/04\/201208301.jpg?resize=700%2C400&ssl=1 2x"},"classes":[]},{"id":23671,"url":"https:\/\/www.wallendorff.com\/belogue\/2014\/12\/25\/shalalalala-4\/","url_meta":{"origin":21481,"position":5},"title":"[Shalalalala.]","author":"dpc","date":"25 d\u00e9cembre 2014","format":false,"excerpt":"Yeah Yeah Yeahs \u2013 All I Want for Christmas","rel":"","context":"Dans &quot;DPC&quot;","block_context":{"text":"DPC","link":"https:\/\/www.wallendorff.com\/belogue\/category\/dpc\/"},"img":{"alt_text":"","src":"https:\/\/i0.wp.com\/www.wallendorff.com\/belogue\/wp-content\/uploads\/2015\/04\/201412251.jpg?resize=350%2C200&ssl=1","width":350,"height":200,"srcset":"https:\/\/i0.wp.com\/www.wallendorff.com\/belogue\/wp-content\/uploads\/2015\/04\/201412251.jpg?resize=350%2C200&ssl=1 1x, https:\/\/i0.wp.com\/www.wallendorff.com\/belogue\/wp-content\/uploads\/2015\/04\/201412251.jpg?resize=525%2C300&ssl=1 1.5x, https:\/\/i0.wp.com\/www.wallendorff.com\/belogue\/wp-content\/uploads\/2015\/04\/201412251.jpg?resize=700%2C400&ssl=1 2x"},"classes":[]}],"_links":{"self":[{"href":"https:\/\/www.wallendorff.com\/belogue\/wp-json\/wp\/v2\/posts\/21481","targetHints":{"allow":["GET"]}}],"collection":[{"href":"https:\/\/www.wallendorff.com\/belogue\/wp-json\/wp\/v2\/posts"}],"about":[{"href":"https:\/\/www.wallendorff.com\/belogue\/wp-json\/wp\/v2\/types\/post"}],"author":[{"embeddable":true,"href":"https:\/\/www.wallendorff.com\/belogue\/wp-json\/wp\/v2\/users\/1"}],"replies":[{"embeddable":true,"href":"https:\/\/www.wallendorff.com\/belogue\/wp-json\/wp\/v2\/comments?post=21481"}],"version-history":[{"count":3,"href":"https:\/\/www.wallendorff.com\/belogue\/wp-json\/wp\/v2\/posts\/21481\/revisions"}],"predecessor-version":[{"id":21484,"href":"https:\/\/www.wallendorff.com\/belogue\/wp-json\/wp\/v2\/posts\/21481\/revisions\/21484"}],"wp:featuredmedia":[{"embeddable":true,"href":"https:\/\/www.wallendorff.com\/belogue\/wp-json\/wp\/v2\/media\/26634"}],"wp:attachment":[{"href":"https:\/\/www.wallendorff.com\/belogue\/wp-json\/wp\/v2\/media?parent=21481"}],"wp:term":[{"taxonomy":"category","embeddable":true,"href":"https:\/\/www.wallendorff.com\/belogue\/wp-json\/wp\/v2\/categories?post=21481"},{"taxonomy":"post_tag","embeddable":true,"href":"https:\/\/www.wallendorff.com\/belogue\/wp-json\/wp\/v2\/tags?post=21481"}],"curies":[{"name":"wp","href":"https:\/\/api.w.org\/{rel}","templated":true}]}}