{"id":21465,"date":"2013-08-21T10:47:00","date_gmt":"2013-08-21T08:47:00","guid":{"rendered":"http:\/\/www.wallendorff.com\/?p=21465"},"modified":"2024-06-21T13:52:32","modified_gmt":"2024-06-21T11:52:32","slug":"autoportrait-a-loseille-coupe","status":"publish","type":"post","link":"https:\/\/www.wallendorff.com\/belogue\/2013\/08\/21\/autoportrait-a-loseille-coupe\/","title":{"rendered":"Autoportrait \u00e0 l&rsquo;oseille coup\u00e9."},"content":{"rendered":"<div id=\"photo\">\n<p><img decoding=\"async\" src=\"https:\/\/www.wallendorff.com\/belogue\/photo\/2013\/08\/20130821.jpg\"><br \/>\nAmanvillers, 23 juin.<\/p>\n<\/div>\n<p style=\"text-align:right\"><strong>Shooting people #107<\/strong><\/p>\n<p style=\"text-align:right\">[Danke f\u00fcr Irhe Hilfe.]<\/p>\n<div id=\"bandeson\">\n<p><img decoding=\"async\" src=\"https:\/\/www.wallendorff.com\/belogue\/photo\/pochettes\/r\/rumour_said_fire_the-dead_ends.jpg\" align=\"left\"><em>The Oracle<\/em><br \/>\n<a href=\"http:\/\/therumoursaidfire.com\/\">The Rumour Said Fire<\/a><\/p>\n<p><iframe style=\"align:right\" width=\"400px\" height=\"55\" scrolling=\"no\" frameborder=\"no\" src=\"https:\/\/w.soundcloud.com\/player\/?url=http%3A%2F%2Fapi.soundcloud.com%2Ftracks%2F84392301&amp;color=882929&amp;auto_play=false&amp;show_artwork=false\"><\/iframe><\/p>\n<\/div>\n<p>&nbsp;<\/p>\n","protected":false},"excerpt":{"rendered":"<p>Amanvillers, 23 juin. Shooting people #107 [Danke f\u00fcr Irhe Hilfe.] The Oracle The Rumour Said Fire &nbsp;<\/p>\n","protected":false},"author":1,"featured_media":26633,"comment_status":"open","ping_status":"open","sticky":false,"template":"","format":"standard","meta":{"_acf_changed":false,"ngg_post_thumbnail":0,"jetpack_post_was_ever_published":false,"_jetpack_newsletter_access":"","_jetpack_dont_email_post_to_subs":false,"_jetpack_newsletter_tier_id":0,"_jetpack_memberships_contains_paywalled_content":false,"_jetpack_memberships_contains_paid_content":false,"footnotes":"","jetpack_publicize_message":"","jetpack_publicize_feature_enabled":true,"jetpack_social_post_already_shared":true,"jetpack_social_options":{"image_generator_settings":{"template":"highway","default_image_id":0,"font":"","enabled":false},"version":2}},"categories":[8],"tags":[10952,11310,2571,6766,10473,10311,10120,10589,10175,449,10174,143,10514,10592,7730,11520],"class_list":["post-21465","post","type-post","status-publish","format-standard","has-post-thumbnail","hentry","category-portraits","tag-amanvillers","tag-autoportrait","tag-ef-16-35-mm-f28l-ii-usm","tag-eos-5d-mark-iii","tag-champ","tag-dos","tag-france","tag-homme","tag-lorraine","tag-moi","tag-moselle","tag-noir-et-blanc","tag-paysage","tag-pose-longue","tag-the-oracle","tag-the-rumour-said-fire"],"acf":[],"geo":{"latitude":49.1623497,"longitude":6.0357537,"description":"Amanvillers, Grand Est, 57865, FR"},"jetpack_publicize_connections":[],"jetpack_featured_media_url":"https:\/\/www.wallendorff.com\/belogue\/wp-content\/uploads\/2015\/04\/201308211.jpg","jetpack_shortlink":"https:\/\/wp.me\/p3b35P-5Ad","jetpack_sharing_enabled":true,"jetpack-related-posts":[{"id":21925,"url":"https:\/\/www.wallendorff.com\/belogue\/2013\/10\/28\/bombay-show-pig-the-rumour-said-fire-la-fleche-dor-paris-22-octobre\/","url_meta":{"origin":21465,"position":0},"title":"Bombay Show Pig + The Rumour Said Fire @ la Fl\u00e8che d&rsquo;Or, Paris, 22 octobre.","author":"dpc","date":"28 octobre 2013","format":false,"excerpt":"The OracleThe Rumour Said Fire \u00a0 The Rumour Said Fire \u00a0 Bombay Show Pig \u00a0","rel":"","context":"Dans &quot;Alive&quot;","block_context":{"text":"Alive","link":"https:\/\/www.wallendorff.com\/belogue\/category\/alive\/"},"img":{"alt_text":"","src":"https:\/\/i0.wp.com\/www.wallendorff.com\/belogue\/wp-content\/uploads\/2015\/04\/20131028.jpg?resize=350%2C200&ssl=1","width":350,"height":200,"srcset":"https:\/\/i0.wp.com\/www.wallendorff.com\/belogue\/wp-content\/uploads\/2015\/04\/20131028.jpg?resize=350%2C200&ssl=1 1x, https:\/\/i0.wp.com\/www.wallendorff.com\/belogue\/wp-content\/uploads\/2015\/04\/20131028.jpg?resize=525%2C300&ssl=1 1.5x, https:\/\/i0.wp.com\/www.wallendorff.com\/belogue\/wp-content\/uploads\/2015\/04\/20131028.jpg?resize=700%2C400&ssl=1 2x"},"classes":[]},{"id":126550,"url":"https:\/\/www.wallendorff.com\/belogue\/2023\/11\/02\/jeune-et-jauni-2\/","url_meta":{"origin":21465,"position":1},"title":"Jeune et jauni #2.","author":"dpc","date":"2 novembre 2023","format":false,"excerpt":"Les Escourmins, 14 ao\u00fbt 2023. Macomb, 15 janvier 2005. Deuxi\u00e8me \u00e9pisode de ma s\u00e9rie \u00ab\u00a0un autoportrait dans un r\u00e9troviseur de bus scolaire nord-am\u00e9ricain tout en fumant des trucs tous les 6\u00a0786 jours.\u00a0\u00bb Rendez-vous le 12 mars 2042 pour la suivante.","rel":"","context":"Dans &quot;DPC&quot;","block_context":{"text":"DPC","link":"https:\/\/www.wallendorff.com\/belogue\/category\/dpc\/"},"img":{"alt_text":"","src":"https:\/\/i0.wp.com\/www.wallendorff.com\/belogue\/wp-content\/uploads\/2023\/11\/20231102.jpg?resize=350%2C200&ssl=1","width":350,"height":200,"srcset":"https:\/\/i0.wp.com\/www.wallendorff.com\/belogue\/wp-content\/uploads\/2023\/11\/20231102.jpg?resize=350%2C200&ssl=1 1x, https:\/\/i0.wp.com\/www.wallendorff.com\/belogue\/wp-content\/uploads\/2023\/11\/20231102.jpg?resize=525%2C300&ssl=1 1.5x, https:\/\/i0.wp.com\/www.wallendorff.com\/belogue\/wp-content\/uploads\/2023\/11\/20231102.jpg?resize=700%2C400&ssl=1 2x, https:\/\/i0.wp.com\/www.wallendorff.com\/belogue\/wp-content\/uploads\/2023\/11\/20231102.jpg?resize=1050%2C600&ssl=1 3x"},"classes":[]},{"id":21481,"url":"https:\/\/www.wallendorff.com\/belogue\/2013\/08\/22\/unbekannt\/","url_meta":{"origin":21465,"position":2},"title":"Unbekannt.","author":"dpc","date":"22 ao\u00fbt 2013","format":false,"excerpt":"Amanvillers, 23 juin. On Battleship HillPJ Harvey \u00a0","rel":"","context":"Dans &quot;DPC&quot;","block_context":{"text":"DPC","link":"https:\/\/www.wallendorff.com\/belogue\/category\/dpc\/"},"img":{"alt_text":"","src":"https:\/\/i0.wp.com\/www.wallendorff.com\/belogue\/wp-content\/uploads\/2015\/04\/201308221.jpg?resize=350%2C200&ssl=1","width":350,"height":200,"srcset":"https:\/\/i0.wp.com\/www.wallendorff.com\/belogue\/wp-content\/uploads\/2015\/04\/201308221.jpg?resize=350%2C200&ssl=1 1x, https:\/\/i0.wp.com\/www.wallendorff.com\/belogue\/wp-content\/uploads\/2015\/04\/201308221.jpg?resize=525%2C300&ssl=1 1.5x, https:\/\/i0.wp.com\/www.wallendorff.com\/belogue\/wp-content\/uploads\/2015\/04\/201308221.jpg?resize=700%2C400&ssl=1 2x"},"classes":[]},{"id":16315,"url":"https:\/\/www.wallendorff.com\/belogue\/2012\/03\/11\/fond-de-tiroir-19\/","url_meta":{"origin":21465,"position":3},"title":"Fond de tiroir #19.","author":"dpc","date":"11 mars 2012","format":false,"excerpt":"Amanvillers, 12 f\u00e9vrier 2011. Eugene McGuinness \u2013 Lion [youtube]http:\/\/www.youtube.com\/watch?v=tfnsLACLbEc[\/youtube]","rel":"","context":"Dans &quot;DPC&quot;","block_context":{"text":"DPC","link":"https:\/\/www.wallendorff.com\/belogue\/category\/dpc\/"},"img":{"alt_text":"","src":"https:\/\/i0.wp.com\/www.wallendorff.com\/belogue\/wp-content\/uploads\/2015\/04\/201203111.jpg?resize=350%2C200&ssl=1","width":350,"height":200,"srcset":"https:\/\/i0.wp.com\/www.wallendorff.com\/belogue\/wp-content\/uploads\/2015\/04\/201203111.jpg?resize=350%2C200&ssl=1 1x, https:\/\/i0.wp.com\/www.wallendorff.com\/belogue\/wp-content\/uploads\/2015\/04\/201203111.jpg?resize=525%2C300&ssl=1 1.5x, https:\/\/i0.wp.com\/www.wallendorff.com\/belogue\/wp-content\/uploads\/2015\/04\/201203111.jpg?resize=700%2C400&ssl=1 2x"},"classes":[]},{"id":14407,"url":"https:\/\/www.wallendorff.com\/belogue\/2011\/11\/08\/de-stele\/","url_meta":{"origin":21465,"position":4},"title":"De st\u00e8le.","author":"dpc","date":"8 novembre 2011","format":false,"excerpt":"Amanvillers, 28 ao\u00fbt. Other Lives \u2013 For 12 [youtube]http:\/\/www.youtube.com\/watch?v=AWMqgeIDJs8[\/youtube]","rel":"","context":"Dans &quot;DPC&quot;","block_context":{"text":"DPC","link":"https:\/\/www.wallendorff.com\/belogue\/category\/dpc\/"},"img":{"alt_text":"","src":"https:\/\/i0.wp.com\/www.wallendorff.com\/belogue\/wp-content\/uploads\/2015\/04\/201111081.jpg?resize=350%2C200&ssl=1","width":350,"height":200,"srcset":"https:\/\/i0.wp.com\/www.wallendorff.com\/belogue\/wp-content\/uploads\/2015\/04\/201111081.jpg?resize=350%2C200&ssl=1 1x, https:\/\/i0.wp.com\/www.wallendorff.com\/belogue\/wp-content\/uploads\/2015\/04\/201111081.jpg?resize=525%2C300&ssl=1 1.5x, https:\/\/i0.wp.com\/www.wallendorff.com\/belogue\/wp-content\/uploads\/2015\/04\/201111081.jpg?resize=700%2C400&ssl=1 2x"},"classes":[]},{"id":18850,"url":"https:\/\/www.wallendorff.com\/belogue\/2012\/08\/31\/tomorrow-well-be-castaway\/","url_meta":{"origin":21465,"position":5},"title":"Tomorrow we&rsquo;ll be castaway.","author":"dpc","date":"31 ao\u00fbt 2012","format":false,"excerpt":"Amanvillers, 16 juin. Oasis \u2013 Fade In-Out","rel":"","context":"Dans &quot;DPC&quot;","block_context":{"text":"DPC","link":"https:\/\/www.wallendorff.com\/belogue\/category\/dpc\/"},"img":{"alt_text":"","src":"https:\/\/i0.wp.com\/www.wallendorff.com\/belogue\/wp-content\/uploads\/2015\/04\/201208311.jpg?resize=350%2C200&ssl=1","width":350,"height":200,"srcset":"https:\/\/i0.wp.com\/www.wallendorff.com\/belogue\/wp-content\/uploads\/2015\/04\/201208311.jpg?resize=350%2C200&ssl=1 1x, https:\/\/i0.wp.com\/www.wallendorff.com\/belogue\/wp-content\/uploads\/2015\/04\/201208311.jpg?resize=525%2C300&ssl=1 1.5x, https:\/\/i0.wp.com\/www.wallendorff.com\/belogue\/wp-content\/uploads\/2015\/04\/201208311.jpg?resize=700%2C400&ssl=1 2x"},"classes":[]}],"_links":{"self":[{"href":"https:\/\/www.wallendorff.com\/belogue\/wp-json\/wp\/v2\/posts\/21465","targetHints":{"allow":["GET"]}}],"collection":[{"href":"https:\/\/www.wallendorff.com\/belogue\/wp-json\/wp\/v2\/posts"}],"about":[{"href":"https:\/\/www.wallendorff.com\/belogue\/wp-json\/wp\/v2\/types\/post"}],"author":[{"embeddable":true,"href":"https:\/\/www.wallendorff.com\/belogue\/wp-json\/wp\/v2\/users\/1"}],"replies":[{"embeddable":true,"href":"https:\/\/www.wallendorff.com\/belogue\/wp-json\/wp\/v2\/comments?post=21465"}],"version-history":[{"count":17,"href":"https:\/\/www.wallendorff.com\/belogue\/wp-json\/wp\/v2\/posts\/21465\/revisions"}],"predecessor-version":[{"id":128545,"href":"https:\/\/www.wallendorff.com\/belogue\/wp-json\/wp\/v2\/posts\/21465\/revisions\/128545"}],"wp:featuredmedia":[{"embeddable":true,"href":"https:\/\/www.wallendorff.com\/belogue\/wp-json\/wp\/v2\/media\/26633"}],"wp:attachment":[{"href":"https:\/\/www.wallendorff.com\/belogue\/wp-json\/wp\/v2\/media?parent=21465"}],"wp:term":[{"taxonomy":"category","embeddable":true,"href":"https:\/\/www.wallendorff.com\/belogue\/wp-json\/wp\/v2\/categories?post=21465"},{"taxonomy":"post_tag","embeddable":true,"href":"https:\/\/www.wallendorff.com\/belogue\/wp-json\/wp\/v2\/tags?post=21465"}],"curies":[{"name":"wp","href":"https:\/\/api.w.org\/{rel}","templated":true}]}}