{"id":21456,"date":"2013-08-20T12:16:58","date_gmt":"2013-08-20T10:16:58","guid":{"rendered":"http:\/\/www.wallendorff.com\/?p=21456"},"modified":"2018-05-23T08:13:28","modified_gmt":"2018-05-23T06:13:28","slug":"culs-nuls-leau-nains-bussent","status":"publish","type":"post","link":"https:\/\/www.wallendorff.com\/belogue\/2013\/08\/20\/culs-nuls-leau-nains-bussent\/","title":{"rendered":"Culs nus, l&rsquo;eau nains bussent."},"content":{"rendered":"\n<div id=\"photo\">\n<p><img decoding=\"async\" src=\"https:\/\/www.wallendorff.com\/belogue\/photo\/2013\/08\/20130820.jpg\"><br \/>\nRue des Rosiers, Saint-Ouen, 16 juin.<\/p>\n<\/p><\/div>\n<p>Tout le monde &eacute;tant encore en vacances, &agrave; peu pr&egrave;s personne ne constatera que&nbsp;:<\/p>\n<ol>\n<li>Ce titre est pourri.<\/li>\n<li>L&#8217;emploi de l&rsquo;imp&rsquo; sub&rsquo; y est tout &agrave; fait discutable.<\/li>\n<li>&Agrave; vue de pif, il s&rsquo;agit plut&ocirc;t d&rsquo;un <a href=\"http:\/\/fr.wikipedia.org\/wiki\/Stratus_fractus\">fractus<\/a>.<\/li>\n<\/ol>\n<p style=\"text-align:right\">Et c&rsquo;est point plus mal.<\/p>\n<div id=\"bandeson\">\n<p><img decoding=\"async\" src=\"https:\/\/www.wallendorff.com\/belogue\/photo\/pochettes\/b\/black_angels_the-indigo_meadow.jpg\" align=\"left\" \/><a style=\"font-weight:normal\" href=\"http:\/\/www.youtube.com\/watch?v=aOR1Z1NHMls\"><em>Indigo Meadow<\/em><\/a><br \/><a href=\"http:\/\/theblackangels.com\/\">The Black Angels<\/a><\/p>\n<\/p><\/div>\n","protected":false},"excerpt":{"rendered":"<p>Rue des Rosiers, Saint-Ouen, 16 juin. Tout le monde &eacute;tant encore en vacances, &agrave; peu pr&egrave;s personne ne constatera que&nbsp;: Ce titre est pourri. L&#8217;emploi de l&rsquo;imp&rsquo; sub&rsquo; y est tout &agrave; fait discutable. &Agrave; vue de pif, il s&rsquo;agit plut&ocirc;t d&rsquo;un fractus. Et c&rsquo;est point plus mal. Indigo MeadowThe Black Angels<\/p>\n","protected":false},"author":1,"featured_media":26632,"comment_status":"open","ping_status":"open","sticky":false,"template":"","format":"standard","meta":{"_acf_changed":false,"ngg_post_thumbnail":0,"jetpack_post_was_ever_published":false,"_jetpack_newsletter_access":"","_jetpack_dont_email_post_to_subs":false,"_jetpack_newsletter_tier_id":0,"_jetpack_memberships_contains_paywalled_content":false,"_jetpack_memberships_contains_paid_content":false,"footnotes":"","jetpack_publicize_message":"","jetpack_publicize_feature_enabled":true,"jetpack_social_post_already_shared":true,"jetpack_social_options":{"image_generator_settings":{"template":"highway","default_image_id":0,"font":"","enabled":false},"version":2}},"categories":[3],"tags":[737,2571,6766,10144,10120,10121,7940,10485,10599,7939,10876,10398,10349,10596],"class_list":["post-21456","post","type-post","status-publish","format-standard","has-post-thumbnail","hentry","category-dpc","tag-bleu","tag-ef-16-35-mm-f28l-ii-usm","tag-eos-5d-mark-iii","tag-ciel","tag-france","tag-ile-de-france","tag-indigo-meadow","tag-maison","tag-nuage","tag-rue-des-rosiers","tag-saint-ouen","tag-seine-saint-denis","tag-the-black-angels","tag-toit"],"acf":[],"geo":{"latitude":48.9030609,"longitude":2.341166,"description":"Bureau de Poste de Saint Ouen Michelet, \u00cele-de-France, 93400, FR"},"jetpack_publicize_connections":[],"jetpack_featured_media_url":"https:\/\/www.wallendorff.com\/belogue\/wp-content\/uploads\/2015\/04\/201308201.jpg","jetpack_shortlink":"https:\/\/wp.me\/p3b35P-5A4","jetpack_sharing_enabled":true,"jetpack-related-posts":[{"id":12626,"url":"https:\/\/www.wallendorff.com\/belogue\/2011\/04\/11\/azur-rance-tout-rixe\/","url_meta":{"origin":21456,"position":0},"title":"Azur rance, tout rixe.","author":"dpc","date":"11 avril 2011","format":false,"excerpt":"Rue Paul Bert, Saint-Ouen, 20 mars. \u00a0The Go! Team \u2014 Back Like 8 Track [youtube]http:\/\/www.youtube.com\/watch?v=_l7FgzQxlU8[\/youtube]","rel":"","context":"Dans &quot;DPC&quot;","block_context":{"text":"DPC","link":"https:\/\/www.wallendorff.com\/belogue\/category\/dpc\/"},"img":{"alt_text":"","src":"https:\/\/i0.wp.com\/www.wallendorff.com\/belogue\/wp-content\/uploads\/2015\/04\/201104111.jpg?resize=350%2C200&ssl=1","width":350,"height":200},"classes":[]},{"id":29667,"url":"https:\/\/www.wallendorff.com\/belogue\/2015\/10\/31\/octobre-2015\/","url_meta":{"origin":21456,"position":1},"title":"Octobre 2015.","author":"dpc","date":"31 octobre 2015","format":false,"excerpt":"Un vernissage, un escalier, un di\u0161que, une moustache, un test \u00e0 l'aveugle, un coucher de soleil, une cr\u00e9maill\u00e8re, un d\u00e9m\u00e9nagement, un emm\u00e9nagement, un num\u00e9ro, un trottoir, un duo pock et roll, des pieds, un anniversaire, un concert, un anniversaire, un di\u0161que, un bar, un concert, un dictionnaire, un ch\u00e2teau haut-perch\u00e9,\u2026","rel":"","context":"Dans &quot;Blog-note&quot;","block_context":{"text":"Blog-note","link":"https:\/\/www.wallendorff.com\/belogue\/category\/blog-note\/"},"img":{"alt_text":"","src":"https:\/\/i0.wp.com\/www.wallendorff.com\/belogue\/wp-content\/uploads\/2015\/11\/20151116-30.jpg?resize=350%2C200&ssl=1","width":350,"height":200,"srcset":"https:\/\/i0.wp.com\/www.wallendorff.com\/belogue\/wp-content\/uploads\/2015\/11\/20151116-30.jpg?resize=350%2C200&ssl=1 1x, https:\/\/i0.wp.com\/www.wallendorff.com\/belogue\/wp-content\/uploads\/2015\/11\/20151116-30.jpg?resize=525%2C300&ssl=1 1.5x, https:\/\/i0.wp.com\/www.wallendorff.com\/belogue\/wp-content\/uploads\/2015\/11\/20151116-30.jpg?resize=700%2C400&ssl=1 2x"},"classes":[]},{"id":21984,"url":"https:\/\/www.wallendorff.com\/belogue\/2013\/11\/12\/couleur\/","url_meta":{"origin":21456,"position":2},"title":"Couleur.","author":"dpc","date":"12 novembre 2013","format":false,"excerpt":"Rue Jules-Vall\u00e8s, Saint-Ouen, 22 septembre. Afterlife Arcade Fire","rel":"","context":"Dans &quot;DPC&quot;","block_context":{"text":"DPC","link":"https:\/\/www.wallendorff.com\/belogue\/category\/dpc\/"},"img":{"alt_text":"","src":"https:\/\/i0.wp.com\/www.wallendorff.com\/belogue\/wp-content\/uploads\/2015\/04\/201311121.jpg?resize=350%2C200&ssl=1","width":350,"height":200,"srcset":"https:\/\/i0.wp.com\/www.wallendorff.com\/belogue\/wp-content\/uploads\/2015\/04\/201311121.jpg?resize=350%2C200&ssl=1 1x, https:\/\/i0.wp.com\/www.wallendorff.com\/belogue\/wp-content\/uploads\/2015\/04\/201311121.jpg?resize=525%2C300&ssl=1 1.5x, https:\/\/i0.wp.com\/www.wallendorff.com\/belogue\/wp-content\/uploads\/2015\/04\/201311121.jpg?resize=700%2C400&ssl=1 2x"},"classes":[]},{"id":21123,"url":"https:\/\/www.wallendorff.com\/belogue\/2013\/06\/11\/jaime-pas-les-gants\/","url_meta":{"origin":21456,"position":3},"title":"J&rsquo;aime pas les gants.","author":"dpc","date":"11 juin 2013","format":false,"excerpt":"Quintessence, Saint-Ouen, avril 2013. Sleep with the Lights onFox and the Law","rel":"","context":"Dans &quot;DPC&quot;","block_context":{"text":"DPC","link":"https:\/\/www.wallendorff.com\/belogue\/category\/dpc\/"},"img":{"alt_text":"","src":"https:\/\/i0.wp.com\/www.wallendorff.com\/belogue\/wp-content\/uploads\/2015\/04\/20130611.jpg?resize=350%2C200&ssl=1","width":350,"height":200,"srcset":"https:\/\/i0.wp.com\/www.wallendorff.com\/belogue\/wp-content\/uploads\/2015\/04\/20130611.jpg?resize=350%2C200&ssl=1 1x, https:\/\/i0.wp.com\/www.wallendorff.com\/belogue\/wp-content\/uploads\/2015\/04\/20130611.jpg?resize=525%2C300&ssl=1 1.5x, https:\/\/i0.wp.com\/www.wallendorff.com\/belogue\/wp-content\/uploads\/2015\/04\/20130611.jpg?resize=700%2C400&ssl=1 2x"},"classes":[]},{"id":12623,"url":"https:\/\/www.wallendorff.com\/belogue\/2011\/04\/08\/ccon-quun-ane-scie\/","url_meta":{"origin":21456,"position":4},"title":"C&rsquo;con qu&rsquo;un \u00e2ne scie.","author":"dpc","date":"8 avril 2011","format":false,"excerpt":"March\u00e9 Dauphine, Saint-Ouen, 20 mars. \u00a0Matthew and the Atlas \u2014 I Will Remain","rel":"","context":"Dans &quot;DPC&quot;","block_context":{"text":"DPC","link":"https:\/\/www.wallendorff.com\/belogue\/category\/dpc\/"},"img":{"alt_text":"","src":"https:\/\/i0.wp.com\/www.wallendorff.com\/belogue\/wp-content\/uploads\/2015\/04\/201104081.jpg?resize=350%2C200&ssl=1","width":350,"height":200},"classes":[]},{"id":22770,"url":"https:\/\/www.wallendorff.com\/belogue\/2014\/04\/30\/avril-2014\/","url_meta":{"origin":21456,"position":5},"title":"Avril 2014.","author":"dpc","date":"30 avril 2014","format":false,"excerpt":"De la peinture, deux-cent septante-quatre euros et nonante-et-un centimes amass\u00e9s en douze ans, un avion, du vert, du blanc et du noir, un anniversaire, une prison, un avion, trois tiers de cr\u00e9maill\u00e8re cons\u00e9cutif imagin\u00e9e comme une version alcoolique d'Un Jour sans fin, des di\u0161ques, d'autres di\u0161ques et encore des di\u0161ques,\u2026","rel":"","context":"Dans &quot;Blog-note&quot;","block_context":{"text":"Blog-note","link":"https:\/\/www.wallendorff.com\/belogue\/category\/blog-note\/"},"img":{"alt_text":"","src":"https:\/\/i0.wp.com\/www.wallendorff.com\/belogue\/wp-content\/uploads\/2015\/04\/20140507-011.jpg?resize=350%2C200&ssl=1","width":350,"height":200,"srcset":"https:\/\/i0.wp.com\/www.wallendorff.com\/belogue\/wp-content\/uploads\/2015\/04\/20140507-011.jpg?resize=350%2C200&ssl=1 1x, https:\/\/i0.wp.com\/www.wallendorff.com\/belogue\/wp-content\/uploads\/2015\/04\/20140507-011.jpg?resize=525%2C300&ssl=1 1.5x, https:\/\/i0.wp.com\/www.wallendorff.com\/belogue\/wp-content\/uploads\/2015\/04\/20140507-011.jpg?resize=700%2C400&ssl=1 2x"},"classes":[]}],"_links":{"self":[{"href":"https:\/\/www.wallendorff.com\/belogue\/wp-json\/wp\/v2\/posts\/21456","targetHints":{"allow":["GET"]}}],"collection":[{"href":"https:\/\/www.wallendorff.com\/belogue\/wp-json\/wp\/v2\/posts"}],"about":[{"href":"https:\/\/www.wallendorff.com\/belogue\/wp-json\/wp\/v2\/types\/post"}],"author":[{"embeddable":true,"href":"https:\/\/www.wallendorff.com\/belogue\/wp-json\/wp\/v2\/users\/1"}],"replies":[{"embeddable":true,"href":"https:\/\/www.wallendorff.com\/belogue\/wp-json\/wp\/v2\/comments?post=21456"}],"version-history":[{"count":9,"href":"https:\/\/www.wallendorff.com\/belogue\/wp-json\/wp\/v2\/posts\/21456\/revisions"}],"predecessor-version":[{"id":38248,"href":"https:\/\/www.wallendorff.com\/belogue\/wp-json\/wp\/v2\/posts\/21456\/revisions\/38248"}],"wp:featuredmedia":[{"embeddable":true,"href":"https:\/\/www.wallendorff.com\/belogue\/wp-json\/wp\/v2\/media\/26632"}],"wp:attachment":[{"href":"https:\/\/www.wallendorff.com\/belogue\/wp-json\/wp\/v2\/media?parent=21456"}],"wp:term":[{"taxonomy":"category","embeddable":true,"href":"https:\/\/www.wallendorff.com\/belogue\/wp-json\/wp\/v2\/categories?post=21456"},{"taxonomy":"post_tag","embeddable":true,"href":"https:\/\/www.wallendorff.com\/belogue\/wp-json\/wp\/v2\/tags?post=21456"}],"curies":[{"name":"wp","href":"https:\/\/api.w.org\/{rel}","templated":true}]}}