{"id":21442,"date":"2013-08-17T11:08:59","date_gmt":"2013-08-17T09:08:59","guid":{"rendered":"http:\/\/www.wallendorff.com\/?p=21442"},"modified":"2013-08-17T18:41:16","modified_gmt":"2013-08-17T16:41:16","slug":"into-the-wide-15","status":"publish","type":"post","link":"https:\/\/www.wallendorff.com\/belogue\/2013\/08\/17\/into-the-wide-15\/","title":{"rendered":"Into the wide #15."},"content":{"rendered":"\n<div id=\"photo\">\n<p><img decoding=\"async\" src=\"https:\/\/www.wallendorff.com\/belogue\/photo\/2013\/08\/20130817.jpg\"><br \/>\n&Eacute;glise Saint-Louis-des-Invalides, Paris, 8 juin.<\/p>\n<\/p><\/div>\n<div id=\"bandeson\">\n<p><img decoding=\"async\" src=\"https:\/\/www.wallendorff.com\/belogue\/photo\/pochettes\/w\/weekend-jinx.jpg\" align=\"left\" \/><a style=\"font-weight:normal\" id=\"lienmp3\" href=\"http:\/\/www.youtube.com\/watch?v=CeT1a57aaUc\"><em>It&rsquo;s Alright<\/em><\/a><br \/>\n        <a href=\"http:\/\/weekendtheband.us\/\">Weekend<\/a><\/p>\n<\/p><\/div>\n","protected":false},"excerpt":{"rendered":"<p>&Eacute;glise Saint-Louis-des-Invalides, Paris, 8 juin. It&rsquo;s Alright Weekend<\/p>\n","protected":false},"author":1,"featured_media":26628,"comment_status":"open","ping_status":"open","sticky":false,"template":"","format":"standard","meta":{"_acf_changed":false,"ngg_post_thumbnail":0,"jetpack_post_was_ever_published":false,"_jetpack_newsletter_access":"","_jetpack_dont_email_post_to_subs":false,"_jetpack_newsletter_tier_id":0,"_jetpack_memberships_contains_paywalled_content":false,"_jetpack_memberships_contains_paid_content":false,"footnotes":"","jetpack_publicize_message":"","jetpack_publicize_feature_enabled":true,"jetpack_social_post_already_shared":true,"jetpack_social_options":{"image_generator_settings":{"template":"highway","default_image_id":0,"font":"","enabled":false},"version":2}},"categories":[7356],"tags":[10235,1016,6766,10238,7931,10120,11172,10121,7934,11526,11323,10098,10517,7932,7933],"class_list":["post-21442","post","type-post","status-publish","format-standard","has-post-thumbnail","hentry","category-into-the-wide","tag-10235","tag-ef-15-mm-f28-fisheye","tag-eos-5d-mark-iii","tag-eglise","tag-eglise-saint-louis-des-invalides","tag-france","tag-hotel-des-invalides","tag-ile-de-france","tag-its-alright","tag-napoleon-bonaparte","tag-panoramique","tag-paris","tag-tombe","tag-tombeau","tag-weekend"],"acf":[],"geo":{"latitude":48.8550301,"longitude":2.3124719,"description":"Avenue de Tourville, 75007 Paris, France"},"jetpack_publicize_connections":[],"jetpack_featured_media_url":"https:\/\/www.wallendorff.com\/belogue\/wp-content\/uploads\/2015\/04\/201308171.jpg","jetpack_shortlink":"https:\/\/wp.me\/p3b35P-5zQ","jetpack_sharing_enabled":true,"jetpack-related-posts":[{"id":21585,"url":"https:\/\/www.wallendorff.com\/belogue\/2013\/09\/10\/dome-a-hommes\/","url_meta":{"origin":21442,"position":0},"title":"D\u00f4me \u00e0 hommes.","author":"dpc","date":"10 septembre 2013","format":false,"excerpt":"Avenue de Breteuil, Paris, 5 ao\u00fbt. Et Arcade Fire d\u00e9voile un nouveau titre. Et j'en ressors sceptique et partag\u00e9 entre sa pochette affreuse, son d\u00e9but bizarre et sa fin bien plus accrocheuse. Puis je me souviens que j'avais d\u00e9j\u00e0 dit \u00e7a la derni\u00e8re fois, qu'on sait bien comment \u00e7a avait\u2026","rel":"","context":"Dans &quot;DPC&quot;","block_context":{"text":"DPC","link":"https:\/\/www.wallendorff.com\/belogue\/category\/dpc\/"},"img":{"alt_text":"","src":"https:\/\/i0.wp.com\/www.wallendorff.com\/belogue\/wp-content\/uploads\/2015\/04\/201309101.jpg?resize=350%2C200&ssl=1","width":350,"height":200,"srcset":"https:\/\/i0.wp.com\/www.wallendorff.com\/belogue\/wp-content\/uploads\/2015\/04\/201309101.jpg?resize=350%2C200&ssl=1 1x, https:\/\/i0.wp.com\/www.wallendorff.com\/belogue\/wp-content\/uploads\/2015\/04\/201309101.jpg?resize=525%2C300&ssl=1 1.5x, https:\/\/i0.wp.com\/www.wallendorff.com\/belogue\/wp-content\/uploads\/2015\/04\/201309101.jpg?resize=700%2C400&ssl=1 2x"},"classes":[]},{"id":21425,"url":"https:\/\/www.wallendorff.com\/belogue\/2013\/08\/08\/into-the-wide-14\/","url_meta":{"origin":21442,"position":1},"title":"Into the wide #14.","author":"dpc","date":"8 ao\u00fbt 2013","format":false,"excerpt":"H\u00f4tel des Invalides, Paris, 8 juin. Bagboy Pixies","rel":"","context":"Dans &quot;Into the wide&quot;","block_context":{"text":"Into the wide","link":"https:\/\/www.wallendorff.com\/belogue\/category\/into-the-wide\/"},"img":{"alt_text":"","src":"https:\/\/i0.wp.com\/www.wallendorff.com\/belogue\/wp-content\/uploads\/2015\/04\/201308081.jpg?resize=350%2C200&ssl=1","width":350,"height":200,"srcset":"https:\/\/i0.wp.com\/www.wallendorff.com\/belogue\/wp-content\/uploads\/2015\/04\/201308081.jpg?resize=350%2C200&ssl=1 1x, https:\/\/i0.wp.com\/www.wallendorff.com\/belogue\/wp-content\/uploads\/2015\/04\/201308081.jpg?resize=525%2C300&ssl=1 1.5x, https:\/\/i0.wp.com\/www.wallendorff.com\/belogue\/wp-content\/uploads\/2015\/04\/201308081.jpg?resize=700%2C400&ssl=1 2x"},"classes":[]},{"id":21600,"url":"https:\/\/www.wallendorff.com\/belogue\/2013\/09\/13\/into-the-wide-19\/","url_meta":{"origin":21442,"position":2},"title":"Into the wide #19.","author":"dpc","date":"13 septembre 2013","format":false,"excerpt":"H\u00f4tel des Invalides, Paris, 11 ao\u00fbt. LiesChvrches","rel":"","context":"Dans &quot;Into the wide&quot;","block_context":{"text":"Into the wide","link":"https:\/\/www.wallendorff.com\/belogue\/category\/into-the-wide\/"},"img":{"alt_text":"","src":"https:\/\/i0.wp.com\/www.wallendorff.com\/belogue\/wp-content\/uploads\/2015\/04\/201309131.jpg?resize=350%2C200&ssl=1","width":350,"height":200,"srcset":"https:\/\/i0.wp.com\/www.wallendorff.com\/belogue\/wp-content\/uploads\/2015\/04\/201309131.jpg?resize=350%2C200&ssl=1 1x, https:\/\/i0.wp.com\/www.wallendorff.com\/belogue\/wp-content\/uploads\/2015\/04\/201309131.jpg?resize=525%2C300&ssl=1 1.5x, https:\/\/i0.wp.com\/www.wallendorff.com\/belogue\/wp-content\/uploads\/2015\/04\/201309131.jpg?resize=700%2C400&ssl=1 2x"},"classes":[]},{"id":21591,"url":"https:\/\/www.wallendorff.com\/belogue\/2013\/09\/11\/into-the-wide-18\/","url_meta":{"origin":21442,"position":3},"title":"Into the wide #18.","author":"dpc","date":"11 septembre 2013","format":false,"excerpt":"H\u00f4tel des Invalides, Paris, 11 ao\u00fbt. Blue Collar JaneThe Strypes","rel":"","context":"Dans &quot;Into the wide&quot;","block_context":{"text":"Into the wide","link":"https:\/\/www.wallendorff.com\/belogue\/category\/into-the-wide\/"},"img":{"alt_text":"","src":"https:\/\/i0.wp.com\/www.wallendorff.com\/belogue\/wp-content\/uploads\/2015\/04\/201309111.jpg?resize=350%2C200&ssl=1","width":350,"height":200,"srcset":"https:\/\/i0.wp.com\/www.wallendorff.com\/belogue\/wp-content\/uploads\/2015\/04\/201309111.jpg?resize=350%2C200&ssl=1 1x, https:\/\/i0.wp.com\/www.wallendorff.com\/belogue\/wp-content\/uploads\/2015\/04\/201309111.jpg?resize=525%2C300&ssl=1 1.5x, https:\/\/i0.wp.com\/www.wallendorff.com\/belogue\/wp-content\/uploads\/2015\/04\/201309111.jpg?resize=700%2C400&ssl=1 2x"},"classes":[]},{"id":21436,"url":"https:\/\/www.wallendorff.com\/belogue\/2013\/08\/14\/jaune-dombre\/","url_meta":{"origin":21442,"position":4},"title":"Jaune d&rsquo;ombre.","author":"dpc","date":"14 ao\u00fbt 2013","format":false,"excerpt":"H\u00f4tel des Invalides, Paris, 8 juin. 613 Asaf Avidan","rel":"","context":"Dans &quot;DPC&quot;","block_context":{"text":"DPC","link":"https:\/\/www.wallendorff.com\/belogue\/category\/dpc\/"},"img":{"alt_text":"","src":"https:\/\/i0.wp.com\/www.wallendorff.com\/belogue\/wp-content\/uploads\/2015\/04\/201308141.jpg?resize=350%2C200&ssl=1","width":350,"height":200},"classes":[]},{"id":21595,"url":"https:\/\/www.wallendorff.com\/belogue\/2013\/09\/12\/file-en-aiguilles\/","url_meta":{"origin":21442,"position":5},"title":"File en aiguilles.","author":"dpc","date":"12 septembre 2013","format":false,"excerpt":"H\u00f4tel des Invalides, Paris, 11 ao\u00fbt. Why'd You Only Call Me When You're High?Arctic Monkeys","rel":"","context":"Dans &quot;DPC&quot;","block_context":{"text":"DPC","link":"https:\/\/www.wallendorff.com\/belogue\/category\/dpc\/"},"img":{"alt_text":"","src":"https:\/\/i0.wp.com\/www.wallendorff.com\/belogue\/wp-content\/uploads\/2015\/04\/201309121.jpg?resize=350%2C200&ssl=1","width":350,"height":200,"srcset":"https:\/\/i0.wp.com\/www.wallendorff.com\/belogue\/wp-content\/uploads\/2015\/04\/201309121.jpg?resize=350%2C200&ssl=1 1x, https:\/\/i0.wp.com\/www.wallendorff.com\/belogue\/wp-content\/uploads\/2015\/04\/201309121.jpg?resize=525%2C300&ssl=1 1.5x, https:\/\/i0.wp.com\/www.wallendorff.com\/belogue\/wp-content\/uploads\/2015\/04\/201309121.jpg?resize=700%2C400&ssl=1 2x"},"classes":[]}],"_links":{"self":[{"href":"https:\/\/www.wallendorff.com\/belogue\/wp-json\/wp\/v2\/posts\/21442","targetHints":{"allow":["GET"]}}],"collection":[{"href":"https:\/\/www.wallendorff.com\/belogue\/wp-json\/wp\/v2\/posts"}],"about":[{"href":"https:\/\/www.wallendorff.com\/belogue\/wp-json\/wp\/v2\/types\/post"}],"author":[{"embeddable":true,"href":"https:\/\/www.wallendorff.com\/belogue\/wp-json\/wp\/v2\/users\/1"}],"replies":[{"embeddable":true,"href":"https:\/\/www.wallendorff.com\/belogue\/wp-json\/wp\/v2\/comments?post=21442"}],"version-history":[{"count":4,"href":"https:\/\/www.wallendorff.com\/belogue\/wp-json\/wp\/v2\/posts\/21442\/revisions"}],"predecessor-version":[{"id":21446,"href":"https:\/\/www.wallendorff.com\/belogue\/wp-json\/wp\/v2\/posts\/21442\/revisions\/21446"}],"wp:featuredmedia":[{"embeddable":true,"href":"https:\/\/www.wallendorff.com\/belogue\/wp-json\/wp\/v2\/media\/26628"}],"wp:attachment":[{"href":"https:\/\/www.wallendorff.com\/belogue\/wp-json\/wp\/v2\/media?parent=21442"}],"wp:term":[{"taxonomy":"category","embeddable":true,"href":"https:\/\/www.wallendorff.com\/belogue\/wp-json\/wp\/v2\/categories?post=21442"},{"taxonomy":"post_tag","embeddable":true,"href":"https:\/\/www.wallendorff.com\/belogue\/wp-json\/wp\/v2\/tags?post=21442"}],"curies":[{"name":"wp","href":"https:\/\/api.w.org\/{rel}","templated":true}]}}