{"id":21413,"date":"2013-08-06T10:32:53","date_gmt":"2013-08-06T08:32:53","guid":{"rendered":"http:\/\/www.wallendorff.com\/?p=21413"},"modified":"2018-05-23T08:14:02","modified_gmt":"2018-05-23T06:14:02","slug":"into-the-wide-13","status":"publish","type":"post","link":"https:\/\/www.wallendorff.com\/belogue\/2013\/08\/06\/into-the-wide-13\/","title":{"rendered":"Into the wide #13."},"content":{"rendered":"\n<div id=\"photo\">\n<p><img decoding=\"async\" src=\"https:\/\/www.wallendorff.com\/belogue\/photo\/2013\/08\/20130806.jpg\"><br \/>\nPal&eacute;o Festival, Nyon, 27 juillet.<\/p>\n<\/p><\/div>\n<div id=\"bandeson\">\n<p><img decoding=\"async\" src=\"https:\/\/www.wallendorff.com\/belogue\/photo\/pochettes\/p\/palma_violets-180.jpg\" align=\"left\" \/><a style=\"font-weight:normal\" id=\"lienmp3\" href=\"http:\/\/www.youtube.com\/watch?v=poFXWUTEs1k\"><em>Best of Friends<\/em><\/a><br \/>\n        <a href=\"http:\/\/www.palmaviolets.co.uk\/\">Palma Violets<\/a><\/p>\n<\/p><\/div>\n","protected":false},"excerpt":{"rendered":"<p>Pal&eacute;o Festival, Nyon, 27 juillet. Best of Friends Palma Violets<\/p>\n","protected":false},"author":1,"featured_media":26626,"comment_status":"open","ping_status":"open","sticky":false,"template":"","format":"standard","meta":{"_acf_changed":false,"ngg_post_thumbnail":0,"jetpack_post_was_ever_published":false,"_jetpack_newsletter_access":"","_jetpack_dont_email_post_to_subs":false,"_jetpack_newsletter_tier_id":0,"_jetpack_memberships_contains_paywalled_content":false,"_jetpack_memberships_contains_paid_content":false,"footnotes":"","jetpack_publicize_message":"","jetpack_publicize_feature_enabled":true,"jetpack_social_post_already_shared":true,"jetpack_social_options":{"image_generator_settings":{"template":"highway","default_image_id":0,"font":"","enabled":false},"version":2}},"categories":[7356],"tags":[11281,10084,6103,7867,2571,6766,10887,7859,10136,10449,1708,11566,11563,11323,10135,10886],"class_list":["post-21413","post","type-post","status-publish","format-standard","has-post-thumbnail","hentry","category-into-the-wide","tag-11281","tag-alive","tag-ambiance-2","tag-best-of-friends","tag-ef-16-35-mm-f28l-ii-usm","tag-eos-5d-mark-iii","tag-canton-de-vaud","tag-district-de-nyon","tag-festival","tag-nyon","tag-paleo-festival","tag-paleo-festival-2013","tag-palma-violets","tag-panoramique","tag-public","tag-suisse"],"acf":[],"geo":{"latitude":46.4043083,"longitude":6.2068462,"description":"Signy, Canton de Vaud, 1274, CH"},"jetpack_publicize_connections":[],"jetpack_featured_media_url":"https:\/\/www.wallendorff.com\/belogue\/wp-content\/uploads\/2015\/04\/201308061.jpg","jetpack_shortlink":"https:\/\/wp.me\/p3b35P-5zn","jetpack_sharing_enabled":true,"jetpack-related-posts":[{"id":21363,"url":"https:\/\/www.wallendorff.com\/belogue\/2013\/07\/31\/paleo-festival-2013-nyon-jour-1\/","url_meta":{"origin":21413,"position":0},"title":"Pal\u00e9o Festival 2013, Nyon &#8211; jour 1.","author":"dpc","date":"31 juillet 2013","format":false,"excerpt":"5\u00a0h de route, un virage rat\u00e9, puis les retrouvailles\u00a0: avec le Nyon - Saint-Cergue et le plus joli itin\u00e9raire-vers-le-boulot du monde, puis la plaine de l'Asse, puis tout ceux qui la peuplent. Avec ce m\u00eame sentiment qu'une entr\u00e9e en deuxi\u00e8me ann\u00e9e ou un retour dans la colo de l'\u00e9t\u00e9 pr\u00e9c\u00e9dent.\u2026","rel":"","context":"Dans &quot;Alive&quot;","block_context":{"text":"Alive","link":"https:\/\/www.wallendorff.com\/belogue\/category\/alive\/"},"img":{"alt_text":"","src":"https:\/\/i0.wp.com\/www.wallendorff.com\/belogue\/wp-content\/uploads\/2015\/04\/201307311.jpg?resize=350%2C200&ssl=1","width":350,"height":200,"srcset":"https:\/\/i0.wp.com\/www.wallendorff.com\/belogue\/wp-content\/uploads\/2015\/04\/201307311.jpg?resize=350%2C200&ssl=1 1x, https:\/\/i0.wp.com\/www.wallendorff.com\/belogue\/wp-content\/uploads\/2015\/04\/201307311.jpg?resize=525%2C300&ssl=1 1.5x, https:\/\/i0.wp.com\/www.wallendorff.com\/belogue\/wp-content\/uploads\/2015\/04\/201307311.jpg?resize=700%2C400&ssl=1 2x"},"classes":[]},{"id":46122,"url":"https:\/\/www.wallendorff.com\/belogue\/2020\/07\/20\/8-ans-de-paleo-festival-2012-2013\/","url_meta":{"origin":21413,"position":1},"title":"8 ans de Pal\u00e9o Festival : 2012 \u2013 2013.","author":"dpc","date":"20 juillet 2020","format":false,"excerpt":"Parce que toi aussi tu vas me manquer cet \u00e9t\u00e9, Pal\u00e9o, passons la semaine, TA semaine, \u00e0 nous rappeler de bons moments.","rel":"","context":"Dans &quot;Alive&quot;","block_context":{"text":"Alive","link":"https:\/\/www.wallendorff.com\/belogue\/category\/alive\/"},"img":{"alt_text":"","src":"https:\/\/i0.wp.com\/www.wallendorff.com\/belogue\/wp-content\/uploads\/2020\/07\/20200720-08.jpg?resize=350%2C200&ssl=1","width":350,"height":200,"srcset":"https:\/\/i0.wp.com\/www.wallendorff.com\/belogue\/wp-content\/uploads\/2020\/07\/20200720-08.jpg?resize=350%2C200&ssl=1 1x, https:\/\/i0.wp.com\/www.wallendorff.com\/belogue\/wp-content\/uploads\/2020\/07\/20200720-08.jpg?resize=525%2C300&ssl=1 1.5x, https:\/\/i0.wp.com\/www.wallendorff.com\/belogue\/wp-content\/uploads\/2020\/07\/20200720-08.jpg?resize=700%2C400&ssl=1 2x, https:\/\/i0.wp.com\/www.wallendorff.com\/belogue\/wp-content\/uploads\/2020\/07\/20200720-08.jpg?resize=1050%2C600&ssl=1 3x"},"classes":[]},{"id":125345,"url":"https:\/\/www.wallendorff.com\/belogue\/2023\/07\/19\/paleo-festival-2023-nyon-jour-1\/","url_meta":{"origin":21413,"position":2},"title":"Pal\u00e9o Festival 2023, Nyon, jour 1.","author":"dpc","date":"19 juillet 2023","format":false,"excerpt":"Ambiance, Pal\u00e9o Festival Nyon 2023 Ambiance, Pal\u00e9o Festival Nyon 2023 Ambiance, Pal\u00e9o Festival Nyon 2023 Ambiance, Pal\u00e9o Festival Nyon 2023 Ambiance, Pal\u00e9o Festival Nyon 2023 Ambiance, Pal\u00e9o Festival Nyon 2023 Ambiance, Pal\u00e9o Festival Nyon 2023 Ambiance, Pal\u00e9o Festival Nyon 2023 Ambiance, Pal\u00e9o Festival Nyon 2023 Ambiance, Pal\u00e9o Festival Nyon 2023\u2026","rel":"","context":"Dans &quot;Alive&quot;","block_context":{"text":"Alive","link":"https:\/\/www.wallendorff.com\/belogue\/category\/alive\/"},"img":{"alt_text":"","src":"https:\/\/i0.wp.com\/www.wallendorff.com\/belogue\/wp-content\/uploads\/2023\/07\/20230719-02.jpg?resize=350%2C200&ssl=1","width":350,"height":200,"srcset":"https:\/\/i0.wp.com\/www.wallendorff.com\/belogue\/wp-content\/uploads\/2023\/07\/20230719-02.jpg?resize=350%2C200&ssl=1 1x, https:\/\/i0.wp.com\/www.wallendorff.com\/belogue\/wp-content\/uploads\/2023\/07\/20230719-02.jpg?resize=525%2C300&ssl=1 1.5x, https:\/\/i0.wp.com\/www.wallendorff.com\/belogue\/wp-content\/uploads\/2023\/07\/20230719-02.jpg?resize=700%2C400&ssl=1 2x, https:\/\/i0.wp.com\/www.wallendorff.com\/belogue\/wp-content\/uploads\/2023\/07\/20230719-02.jpg?resize=1050%2C600&ssl=1 3x"},"classes":[]},{"id":125615,"url":"https:\/\/www.wallendorff.com\/belogue\/2023\/07\/23\/paleo-festival-2023-nyon-jour-5\/","url_meta":{"origin":21413,"position":3},"title":"Pal\u00e9o Festival 2023, Nyon, jour 5.","author":"dpc","date":"23 juillet 2023","format":false,"excerpt":"Ambiance, Pal\u00e9o Festival Nyon 2023 Naomi Lareine, Pal\u00e9o Festival Nyon 2023 Ambiance, Pal\u00e9o Festival Nyon 2023 Naomi Lareine, Pal\u00e9o Festival Nyon 2023 Ambiance, Pal\u00e9o Festival Nyon 2023 Naomi Lareine, Pal\u00e9o Festival Nyon 2023 Ambiance, Pal\u00e9o Festival Nyon 2023 Ambiance, Pal\u00e9o Festival Nyon 2023 Ambiance, Pal\u00e9o Festival Nyon 2023 Ambiance, Pal\u00e9o\u2026","rel":"","context":"Dans &quot;Alive&quot;","block_context":{"text":"Alive","link":"https:\/\/www.wallendorff.com\/belogue\/category\/alive\/"},"img":{"alt_text":"","src":"https:\/\/i0.wp.com\/www.wallendorff.com\/belogue\/wp-content\/uploads\/2023\/07\/20230723-34.jpg?resize=350%2C200&ssl=1","width":350,"height":200,"srcset":"https:\/\/i0.wp.com\/www.wallendorff.com\/belogue\/wp-content\/uploads\/2023\/07\/20230723-34.jpg?resize=350%2C200&ssl=1 1x, https:\/\/i0.wp.com\/www.wallendorff.com\/belogue\/wp-content\/uploads\/2023\/07\/20230723-34.jpg?resize=525%2C300&ssl=1 1.5x, https:\/\/i0.wp.com\/www.wallendorff.com\/belogue\/wp-content\/uploads\/2023\/07\/20230723-34.jpg?resize=700%2C400&ssl=1 2x, https:\/\/i0.wp.com\/www.wallendorff.com\/belogue\/wp-content\/uploads\/2023\/07\/20230723-34.jpg?resize=1050%2C600&ssl=1 3x"},"classes":[]},{"id":132854,"url":"https:\/\/www.wallendorff.com\/belogue\/2025\/07\/24\/paleo-festival-2025-nyon-jour-2\/","url_meta":{"origin":21413,"position":4},"title":"Pal\u00e9o Festival 2025, Nyon, jour 2.","author":"dpc","date":"24 juillet 2025","format":false,"excerpt":"Ambiance, Pal\u00e9o Festival Nyon 2025 Ambiance, Pal\u00e9o Festival Nyon 2025 Ambiance, Pal\u00e9o Festival Nyon 2025 Ambiance, Pal\u00e9o Festival Nyon 2025 Ambiance, Pal\u00e9o Festival Nyon 2025 Ambiance, Pal\u00e9o Festival Nyon 2025 Ambiance, Pal\u00e9o Festival Nyon 2025 Ambiance, Pal\u00e9o Festival Nyon 2025 Ambiance, Pal\u00e9o Festival Nyon 2025 Ambiance, Pal\u00e9o Festival Nyon 2025\u2026","rel":"","context":"Dans &quot;Alive&quot;","block_context":{"text":"Alive","link":"https:\/\/www.wallendorff.com\/belogue\/category\/alive\/"},"img":{"alt_text":"","src":"https:\/\/i0.wp.com\/www.wallendorff.com\/belogue\/wp-content\/uploads\/2025\/07\/20250724-41.jpg?resize=350%2C200&ssl=1","width":350,"height":200,"srcset":"https:\/\/i0.wp.com\/www.wallendorff.com\/belogue\/wp-content\/uploads\/2025\/07\/20250724-41.jpg?resize=350%2C200&ssl=1 1x, https:\/\/i0.wp.com\/www.wallendorff.com\/belogue\/wp-content\/uploads\/2025\/07\/20250724-41.jpg?resize=525%2C300&ssl=1 1.5x, https:\/\/i0.wp.com\/www.wallendorff.com\/belogue\/wp-content\/uploads\/2025\/07\/20250724-41.jpg?resize=700%2C400&ssl=1 2x, https:\/\/i0.wp.com\/www.wallendorff.com\/belogue\/wp-content\/uploads\/2025\/07\/20250724-41.jpg?resize=1050%2C600&ssl=1 3x"},"classes":[]},{"id":125409,"url":"https:\/\/www.wallendorff.com\/belogue\/2023\/07\/20\/paleo-festival-2023-nyon-jour-2\/","url_meta":{"origin":21413,"position":5},"title":"Pal\u00e9o Festival 2023, Nyon, jour 2.","author":"dpc","date":"20 juillet 2023","format":false,"excerpt":"Ambiance, Pal\u00e9o Festival Nyon 2023 Ambiance, Pal\u00e9o Festival Nyon 2023 Ambiance, Pal\u00e9o Festival Nyon 2023 Ambiance, Pal\u00e9o Festival Nyon 2023 Ambiance, Pal\u00e9o Festival Nyon 2023 Ambiance, Pal\u00e9o Festival Nyon 2023 Ambiance, Pal\u00e9o Festival Nyon 2023 Ambiance, Pal\u00e9o Festival Nyon 2023 Ambiance, Pal\u00e9o Festival Nyon 2023 Ambiance, Pal\u00e9o Festival Nyon 2023\u2026","rel":"","context":"Dans &quot;Alive&quot;","block_context":{"text":"Alive","link":"https:\/\/www.wallendorff.com\/belogue\/category\/alive\/"},"img":{"alt_text":"","src":"https:\/\/i0.wp.com\/www.wallendorff.com\/belogue\/wp-content\/uploads\/2023\/07\/20230720-28.jpg?resize=350%2C200&ssl=1","width":350,"height":200,"srcset":"https:\/\/i0.wp.com\/www.wallendorff.com\/belogue\/wp-content\/uploads\/2023\/07\/20230720-28.jpg?resize=350%2C200&ssl=1 1x, https:\/\/i0.wp.com\/www.wallendorff.com\/belogue\/wp-content\/uploads\/2023\/07\/20230720-28.jpg?resize=525%2C300&ssl=1 1.5x, https:\/\/i0.wp.com\/www.wallendorff.com\/belogue\/wp-content\/uploads\/2023\/07\/20230720-28.jpg?resize=700%2C400&ssl=1 2x, https:\/\/i0.wp.com\/www.wallendorff.com\/belogue\/wp-content\/uploads\/2023\/07\/20230720-28.jpg?resize=1050%2C600&ssl=1 3x"},"classes":[]}],"_links":{"self":[{"href":"https:\/\/www.wallendorff.com\/belogue\/wp-json\/wp\/v2\/posts\/21413","targetHints":{"allow":["GET"]}}],"collection":[{"href":"https:\/\/www.wallendorff.com\/belogue\/wp-json\/wp\/v2\/posts"}],"about":[{"href":"https:\/\/www.wallendorff.com\/belogue\/wp-json\/wp\/v2\/types\/post"}],"author":[{"embeddable":true,"href":"https:\/\/www.wallendorff.com\/belogue\/wp-json\/wp\/v2\/users\/1"}],"replies":[{"embeddable":true,"href":"https:\/\/www.wallendorff.com\/belogue\/wp-json\/wp\/v2\/comments?post=21413"}],"version-history":[{"count":3,"href":"https:\/\/www.wallendorff.com\/belogue\/wp-json\/wp\/v2\/posts\/21413\/revisions"}],"predecessor-version":[{"id":21419,"href":"https:\/\/www.wallendorff.com\/belogue\/wp-json\/wp\/v2\/posts\/21413\/revisions\/21419"}],"wp:featuredmedia":[{"embeddable":true,"href":"https:\/\/www.wallendorff.com\/belogue\/wp-json\/wp\/v2\/media\/26626"}],"wp:attachment":[{"href":"https:\/\/www.wallendorff.com\/belogue\/wp-json\/wp\/v2\/media?parent=21413"}],"wp:term":[{"taxonomy":"category","embeddable":true,"href":"https:\/\/www.wallendorff.com\/belogue\/wp-json\/wp\/v2\/categories?post=21413"},{"taxonomy":"post_tag","embeddable":true,"href":"https:\/\/www.wallendorff.com\/belogue\/wp-json\/wp\/v2\/tags?post=21413"}],"curies":[{"name":"wp","href":"https:\/\/api.w.org\/{rel}","templated":true}]}}