{"id":21405,"date":"2013-08-05T14:40:08","date_gmt":"2013-08-05T12:40:08","guid":{"rendered":"http:\/\/www.wallendorff.com\/?p=21405"},"modified":"2018-05-23T08:14:03","modified_gmt":"2018-05-23T06:14:03","slug":"paleo-festival-2013-nyon-jours-4-5-6","status":"publish","type":"post","link":"https:\/\/www.wallendorff.com\/belogue\/2013\/08\/05\/paleo-festival-2013-nyon-jours-4-5-6\/","title":{"rendered":"Pal\u00e9o Festival 2013, Nyon &#8211; jours 4-5-6."},"content":{"rendered":"\n<div id=\"photo\">\n<p><img decoding=\"async\" src=\"https:\/\/www.wallendorff.com\/belogue\/photo\/2013\/08\/20130805.jpg\"><\/p>\n<\/p><\/div>\n<p>Vendredi et dimanche furent un peu courts, alors je r&eacute;unis tout&nbsp;: les 35&nbsp;&deg;C du vendredi et du samedi, les gerbes d&rsquo;eau de Blur, la chemise hawa&iuml;enne de Biolay, la bi&egrave;re qui mousse de Saez et l&rsquo;orage et le feu d&rsquo;artifice sous la pluie du dimanche. La suite viendra l&rsquo;ann&eacute;e prochaine&#8230; si tout va bien.<\/p>\n<p>Le reste des photos est <a href=\"https:\/\/www.wallendorff.com\/belogue\/tag\/paleo-2013\">sous ce mot-clef<\/a>.<\/p>\n<div id=\"bandeson\">\n<p><img decoding=\"async\" src=\"https:\/\/www.wallendorff.com\/belogue\/photo\/pochettes\/e\/empire_of_the_sun-ice_on_the_dune.jpg\" align=\"left\" \/><a style=\"font-weight:normal\" id=\"lienmp3\" href=\"http:\/\/www.youtube.com\/watch?v=IPKAwJKGSDc\"><em>Alive<\/em><\/a><br \/>\n        <a href=\"http:\/\/empireofthesun.com\/\">Empire of the Sun<\/a><\/p>\n<\/p><\/div>ngg_shortcode_0_placeholder<p>&nbsp;<\/p>\n","protected":false},"excerpt":{"rendered":"<p>Vendredi et dimanche furent un peu courts, alors je r&eacute;unis tout&nbsp;: les 35&nbsp;&deg;C du vendredi et du samedi, les gerbes d&rsquo;eau de Blur, la chemise hawa&iuml;enne de Biolay, la bi&egrave;re qui mousse de Saez et l&rsquo;orage et le feu d&rsquo;artifice sous la pluie du dimanche. La suite viendra l&rsquo;ann&eacute;e prochaine&#8230; si tout va bien. Le&hellip;<\/p>\n","protected":false},"author":1,"featured_media":26625,"comment_status":"open","ping_status":"open","sticky":false,"template":"","format":"standard","meta":{"_acf_changed":false,"ngg_post_thumbnail":0,"jetpack_post_was_ever_published":false,"_jetpack_newsletter_access":"","_jetpack_dont_email_post_to_subs":false,"_jetpack_newsletter_tier_id":0,"_jetpack_memberships_contains_paywalled_content":false,"_jetpack_memberships_contains_paid_content":false,"footnotes":"","jetpack_publicize_message":"","jetpack_publicize_feature_enabled":true,"jetpack_social_post_already_shared":true,"jetpack_social_options":{"image_generator_settings":{"template":"highway","default_image_id":0,"font":"","enabled":false},"version":2}},"categories":[7],"tags":[11281,10084,6103,11578,10469,10672,5821,1016,2571,196,181,2615,6766,10887,7859,10136,11577,11552,10449,11564,1708,11566,7866,10886,11576],"class_list":["post-21405","post","type-post","status-publish","format-standard","has-post-thumbnail","hentry","category-alive","tag-11281","tag-alive","tag-ambiance-2","tag-bastian-baker","tag-bb-brunes","tag-benjamin-biolay","tag-blur","tag-ef-15-mm-f28-fisheye","tag-ef-16-35-mm-f28l-ii-usm","tag-ef-28-70-mm-f28l-usm","tag-ef-70-200-mm-f28l-usm","tag-eos-5d-mark-ii","tag-eos-5d-mark-iii","tag-canton-de-vaud","tag-district-de-nyon","tag-festival","tag-kavinsky","tag-la-femme","tag-nyon","tag-oxmo-puccino","tag-paleo-festival","tag-paleo-festival-2013","tag-saez","tag-suisse","tag-the-animen"],"acf":[],"geo":{"latitude":46.4043083,"longitude":6.2068462,"description":"Signy, Canton de Vaud, 1274, CH"},"jetpack_publicize_connections":[],"jetpack_featured_media_url":"https:\/\/www.wallendorff.com\/belogue\/wp-content\/uploads\/2015\/04\/201308051.jpg","jetpack_shortlink":"https:\/\/wp.me\/p3b35P-5zf","jetpack_sharing_enabled":true,"jetpack-related-posts":[{"id":46122,"url":"https:\/\/www.wallendorff.com\/belogue\/2020\/07\/20\/8-ans-de-paleo-festival-2012-2013\/","url_meta":{"origin":21405,"position":0},"title":"8 ans de Pal\u00e9o Festival : 2012 \u2013 2013.","author":"dpc","date":"20 juillet 2020","format":false,"excerpt":"Parce que toi aussi tu vas me manquer cet \u00e9t\u00e9, Pal\u00e9o, passons la semaine, TA semaine, \u00e0 nous rappeler de bons moments.","rel":"","context":"Dans &quot;Alive&quot;","block_context":{"text":"Alive","link":"https:\/\/www.wallendorff.com\/belogue\/category\/alive\/"},"img":{"alt_text":"","src":"https:\/\/i0.wp.com\/www.wallendorff.com\/belogue\/wp-content\/uploads\/2020\/07\/20200720-08.jpg?resize=350%2C200&ssl=1","width":350,"height":200,"srcset":"https:\/\/i0.wp.com\/www.wallendorff.com\/belogue\/wp-content\/uploads\/2020\/07\/20200720-08.jpg?resize=350%2C200&ssl=1 1x, https:\/\/i0.wp.com\/www.wallendorff.com\/belogue\/wp-content\/uploads\/2020\/07\/20200720-08.jpg?resize=525%2C300&ssl=1 1.5x, https:\/\/i0.wp.com\/www.wallendorff.com\/belogue\/wp-content\/uploads\/2020\/07\/20200720-08.jpg?resize=700%2C400&ssl=1 2x, https:\/\/i0.wp.com\/www.wallendorff.com\/belogue\/wp-content\/uploads\/2020\/07\/20200720-08.jpg?resize=1050%2C600&ssl=1 3x"},"classes":[]},{"id":21363,"url":"https:\/\/www.wallendorff.com\/belogue\/2013\/07\/31\/paleo-festival-2013-nyon-jour-1\/","url_meta":{"origin":21405,"position":1},"title":"Pal\u00e9o Festival 2013, Nyon &#8211; jour 1.","author":"dpc","date":"31 juillet 2013","format":false,"excerpt":"5\u00a0h de route, un virage rat\u00e9, puis les retrouvailles\u00a0: avec le Nyon - Saint-Cergue et le plus joli itin\u00e9raire-vers-le-boulot du monde, puis la plaine de l'Asse, puis tout ceux qui la peuplent. Avec ce m\u00eame sentiment qu'une entr\u00e9e en deuxi\u00e8me ann\u00e9e ou un retour dans la colo de l'\u00e9t\u00e9 pr\u00e9c\u00e9dent.\u2026","rel":"","context":"Dans &quot;Alive&quot;","block_context":{"text":"Alive","link":"https:\/\/www.wallendorff.com\/belogue\/category\/alive\/"},"img":{"alt_text":"","src":"https:\/\/i0.wp.com\/www.wallendorff.com\/belogue\/wp-content\/uploads\/2015\/04\/201307311.jpg?resize=350%2C200&ssl=1","width":350,"height":200,"srcset":"https:\/\/i0.wp.com\/www.wallendorff.com\/belogue\/wp-content\/uploads\/2015\/04\/201307311.jpg?resize=350%2C200&ssl=1 1x, https:\/\/i0.wp.com\/www.wallendorff.com\/belogue\/wp-content\/uploads\/2015\/04\/201307311.jpg?resize=525%2C300&ssl=1 1.5x, https:\/\/i0.wp.com\/www.wallendorff.com\/belogue\/wp-content\/uploads\/2015\/04\/201307311.jpg?resize=700%2C400&ssl=1 2x"},"classes":[]},{"id":18354,"url":"https:\/\/www.wallendorff.com\/belogue\/2012\/07\/24\/paleo-festival-2012-nyon-17-21-juillet\/","url_meta":{"origin":21405,"position":2},"title":"Pal\u00e9o Festival 2012, Nyon, 17-21 juillet.","author":"dpc","date":"24 juillet 2012","format":false,"excerpt":"De dr\u00f4les de d\u00e9buts mais une chouette semaine, au final. Vraiment content. \u00c0 refaire. Mardi 17 juillet Brigitte | Camille | M83 et un gros lapin Mercredi 18 juillet Black Lion Genocide (galerie l\u00e0-bas) | Dionysos | Other Lives | Boy Jeudi 19 juillet Nadeah [et c'est tout] Vendredi 20\u2026","rel":"","context":"Dans &quot;Alive&quot;","block_context":{"text":"Alive","link":"https:\/\/www.wallendorff.com\/belogue\/category\/alive\/"},"img":{"alt_text":"","src":"https:\/\/i0.wp.com\/www.wallendorff.com\/belogue\/wp-content\/uploads\/2015\/04\/201207241.jpg?resize=350%2C200&ssl=1","width":350,"height":200,"srcset":"https:\/\/i0.wp.com\/www.wallendorff.com\/belogue\/wp-content\/uploads\/2015\/04\/201207241.jpg?resize=350%2C200&ssl=1 1x, https:\/\/i0.wp.com\/www.wallendorff.com\/belogue\/wp-content\/uploads\/2015\/04\/201207241.jpg?resize=525%2C300&ssl=1 1.5x, https:\/\/i0.wp.com\/www.wallendorff.com\/belogue\/wp-content\/uploads\/2015\/04\/201207241.jpg?resize=700%2C400&ssl=1 2x"},"classes":[]},{"id":21389,"url":"https:\/\/www.wallendorff.com\/belogue\/2013\/08\/02\/paleo-festival-2013-jour-3\/","url_meta":{"origin":21405,"position":3},"title":"Pal\u00e9o Festival 2013, Nyon &#8211; jour 3.","author":"dpc","date":"2 ao\u00fbt 2013","format":false,"excerpt":"Apr\u00e8s Black Lion Genocide l'ann\u00e9e derni\u00e8re, c'est Klaxon et M\u00fcller qui retournent Pal\u00e9o avec une prestation unique de 20 minutes, point culminant d'une journ\u00e9e marqu\u00e9e par le show dingue de Crystal Fighters trop \u00e0 l'\u00e9troit au D\u00e9tour, l'ambiance folle de Stupeflip et la d\u00e9couverte Kadebostany. Le reste des photos est\u2026","rel":"","context":"Dans &quot;Alive&quot;","block_context":{"text":"Alive","link":"https:\/\/www.wallendorff.com\/belogue\/category\/alive\/"},"img":{"alt_text":"","src":"https:\/\/i0.wp.com\/www.wallendorff.com\/belogue\/wp-content\/uploads\/2015\/04\/201308021.jpg?resize=350%2C200&ssl=1","width":350,"height":200,"srcset":"https:\/\/i0.wp.com\/www.wallendorff.com\/belogue\/wp-content\/uploads\/2015\/04\/201308021.jpg?resize=350%2C200&ssl=1 1x, https:\/\/i0.wp.com\/www.wallendorff.com\/belogue\/wp-content\/uploads\/2015\/04\/201308021.jpg?resize=525%2C300&ssl=1 1.5x, https:\/\/i0.wp.com\/www.wallendorff.com\/belogue\/wp-content\/uploads\/2015\/04\/201308021.jpg?resize=700%2C400&ssl=1 2x"},"classes":[]},{"id":23248,"url":"https:\/\/www.wallendorff.com\/belogue\/2014\/08\/04\/paleo-festival-nyon-24-25-juillet\/","url_meta":{"origin":21405,"position":4},"title":"Pal\u00e9o Festival, Nyon, 24-25 juillet.","author":"dpc","date":"4 ao\u00fbt 2014","format":false,"excerpt":"Jeudi sans bracelet, l'occasion d'all\u00e9ger le sac et de changer de style de photo (\u00e0 suivre, plus tard). Vendredi plus \u00e9nerv\u00e9. Il fait lourd, Skip the Use jouent sous la pluie, je me retrouve \u00e0 signer des autographes dans la fosse (une grande premi\u00e8re. Voir la photo no 37), Shaka\u2026","rel":"","context":"Dans &quot;Alive&quot;","block_context":{"text":"Alive","link":"https:\/\/www.wallendorff.com\/belogue\/category\/alive\/"},"img":{"alt_text":"","src":"https:\/\/i0.wp.com\/www.wallendorff.com\/belogue\/wp-content\/uploads\/2015\/04\/201408041.jpg?resize=350%2C200&ssl=1","width":350,"height":200,"srcset":"https:\/\/i0.wp.com\/www.wallendorff.com\/belogue\/wp-content\/uploads\/2015\/04\/201408041.jpg?resize=350%2C200&ssl=1 1x, https:\/\/i0.wp.com\/www.wallendorff.com\/belogue\/wp-content\/uploads\/2015\/04\/201408041.jpg?resize=525%2C300&ssl=1 1.5x, https:\/\/i0.wp.com\/www.wallendorff.com\/belogue\/wp-content\/uploads\/2015\/04\/201408041.jpg?resize=700%2C400&ssl=1 2x"},"classes":[]},{"id":23255,"url":"https:\/\/www.wallendorff.com\/belogue\/2014\/08\/05\/paleo-festival-nyon-26-juillet\/","url_meta":{"origin":21405,"position":5},"title":"Pal\u00e9o Festival, Nyon, 26 juillet.","author":"dpc","date":"5 ao\u00fbt 2014","format":false,"excerpt":"Samedi embourb\u00e9, on tra\u00eene 5\u00a0kg de terre par godasse et on glisse dans les pentes. Casseurs Flowters impressionnants dans le coucher de soleil, un tour de grande roue et des Fills Monkey g\u00e9niaux. Pour le reste des photos, suivre ce lien. So Destroyed Prince Rama \u00a0","rel":"","context":"Dans &quot;Alive&quot;","block_context":{"text":"Alive","link":"https:\/\/www.wallendorff.com\/belogue\/category\/alive\/"},"img":{"alt_text":"","src":"https:\/\/i0.wp.com\/www.wallendorff.com\/belogue\/wp-content\/uploads\/2015\/04\/201408051.jpg?resize=350%2C200&ssl=1","width":350,"height":200,"srcset":"https:\/\/i0.wp.com\/www.wallendorff.com\/belogue\/wp-content\/uploads\/2015\/04\/201408051.jpg?resize=350%2C200&ssl=1 1x, https:\/\/i0.wp.com\/www.wallendorff.com\/belogue\/wp-content\/uploads\/2015\/04\/201408051.jpg?resize=525%2C300&ssl=1 1.5x, https:\/\/i0.wp.com\/www.wallendorff.com\/belogue\/wp-content\/uploads\/2015\/04\/201408051.jpg?resize=700%2C400&ssl=1 2x"},"classes":[]}],"_links":{"self":[{"href":"https:\/\/www.wallendorff.com\/belogue\/wp-json\/wp\/v2\/posts\/21405","targetHints":{"allow":["GET"]}}],"collection":[{"href":"https:\/\/www.wallendorff.com\/belogue\/wp-json\/wp\/v2\/posts"}],"about":[{"href":"https:\/\/www.wallendorff.com\/belogue\/wp-json\/wp\/v2\/types\/post"}],"author":[{"embeddable":true,"href":"https:\/\/www.wallendorff.com\/belogue\/wp-json\/wp\/v2\/users\/1"}],"replies":[{"embeddable":true,"href":"https:\/\/www.wallendorff.com\/belogue\/wp-json\/wp\/v2\/comments?post=21405"}],"version-history":[{"count":7,"href":"https:\/\/www.wallendorff.com\/belogue\/wp-json\/wp\/v2\/posts\/21405\/revisions"}],"predecessor-version":[{"id":21753,"href":"https:\/\/www.wallendorff.com\/belogue\/wp-json\/wp\/v2\/posts\/21405\/revisions\/21753"}],"wp:featuredmedia":[{"embeddable":true,"href":"https:\/\/www.wallendorff.com\/belogue\/wp-json\/wp\/v2\/media\/26625"}],"wp:attachment":[{"href":"https:\/\/www.wallendorff.com\/belogue\/wp-json\/wp\/v2\/media?parent=21405"}],"wp:term":[{"taxonomy":"category","embeddable":true,"href":"https:\/\/www.wallendorff.com\/belogue\/wp-json\/wp\/v2\/categories?post=21405"},{"taxonomy":"post_tag","embeddable":true,"href":"https:\/\/www.wallendorff.com\/belogue\/wp-json\/wp\/v2\/tags?post=21405"}],"curies":[{"name":"wp","href":"https:\/\/api.w.org\/{rel}","templated":true}]}}