{"id":214,"date":"2005-12-31T17:36:25","date_gmt":"2005-12-31T17:36:25","guid":{"rendered":"http:\/\/www.po-l.com\/wordpress\/?p=214"},"modified":"2012-09-24T10:42:05","modified_gmt":"2012-09-24T08:42:05","slug":"en-5","status":"publish","type":"post","link":"https:\/\/www.wallendorff.com\/belogue\/2005\/12\/31\/en-5\/","title":{"rendered":"2005 en&#8230; #5."},"content":{"rendered":"<h1>2005 en une photo&nbsp;:<\/h1>\n<p>J&rsquo;ai arpent&eacute; mes archives, rien compris &agrave; certains titres que j&rsquo;avais pourtant trouv&eacute;s moi-m&ecirc;me, choisi des notes &ccedil;&agrave; et l&agrave;, un coup pour la photo, un coup pour son texte, un coup pour ce qu&rsquo;elle voulait dire, explicitement ou pas.<\/p>\n<p>J&rsquo;aurais pu prendre la cath&eacute;drale St-&Eacute;tienne<sup>1<\/sup> de Metz du <a href=\"http:\/\/www.po-L.com\/belogue\/2005\/03\/18\/cent-coups-fait-rire\">18 mars<\/a> ou le train ardennais du <a href=\"http:\/\/www.po-L.com\/belogue\/2005\/06\/14\/on-the-road-since-a-long-time-\">14 juin<\/a> pour exprimer le retour &agrave; la maison apr&egrave;s une lointaine ann&eacute;e 2004 assez loin, la rue Oberkampf du <a href=\"http:\/\/www.po-L.com\/belogue\/2005\/09\/19\/a-se-mettre-saoul-la-d-dans\">19 septembre<\/a> pour dire qu&rsquo;une maison, j&rsquo;en ai une nouvelle, maintenant, ou d&rsquo;autres notes plus&#8230; bref, d&rsquo;autres notes<sup>2<\/sup>.<\/p>\n<p>Alors, finalement, comme r&eacute;sum&eacute; de 2005, ce sera &ccedil;a: <\/p>\n<div id=\"photo\">\n<p><img decoding=\"async\" src=\"http:\/\/www.po-L.com\/belogue\/photo\/2005\/04\/20050428.jpg\" \/><br \/>\n    Gare de l&rsquo;Est, Paris, 10 avril.<\/p>\n<\/div>\n<p>Parce que la Gare de l&rsquo;Est, finalement, c&rsquo;est l&agrave; que je suis arriv&eacute; &agrave; Paris pour y rester quelque temps, b&ecirc;tement. Un lieu d&rsquo;arriv&eacute;e en forme de point<em>s<\/em> de d&eacute;part<em>s<\/em>. Comme v&oelig;u pour 2006, en revanche, ce sera &ccedil;a:<\/p>\n<div id=\"photo\">\n<p><img decoding=\"async\" src=\"http:\/\/www.po-L.com\/belogue\/photo\/2005\/07\/20050729.jpg\"\/><br \/>\n    Quelquepart entre Blois et Paris, 17 juillet.<\/p>\n<\/div>\n<p>Parce que bouger beaucoup, souvent et loin, &ccedil;a &agrave; quand m&ecirc;me du bon. Je ne me souhaite que &ccedil;a pour 2006&nbsp;: une ann&eacute;e des trains et d&rsquo;&eacute;treintes.<\/p>\n<p style=\"text-align:right\">&laquo;&nbsp;Voir vous prochaine ann&eacute;e&nbsp;&raquo;, comme disent les traducteurs automatiques.<\/p>\n<div id=\"bandeson\">\n<p><img decoding=\"async\" src=\"https:\/\/www.wallendorff.com\/belogue\/photo\/pochettes\/f\/franz_ferdinand-you_could_have_it_so_much_better.jpg\" style=\"text-align:left\" \/>&nbsp;<a href=\"http:\/\/www.franzferdinand.co.uk\/\">Franz Ferdinand<\/a> &ndash; <em>Do You Want to?<\/em><\/p>\n<\/div>\n<p>_____<\/p>\n<div id=\"bas_note\">\n<p><sup>1<\/sup> Allez, allez, allez.<\/p>\n<p><sup>2<\/sup> Ouais, d&rsquo;autres notes, quoi.<\/p>\n<\/div>\n","protected":false},"excerpt":{"rendered":"<p>2005 en une photo&nbsp;: J&rsquo;ai arpent&eacute; mes archives, rien compris &agrave; certains titres que j&rsquo;avais pourtant trouv&eacute;s moi-m&ecirc;me, choisi des notes &ccedil;&agrave; et l&agrave;, un coup pour la photo, un coup pour son texte, un coup pour ce qu&rsquo;elle voulait dire, explicitement ou pas. J&rsquo;aurais pu prendre la cath&eacute;drale St-&Eacute;tienne1 de Metz du 18 mars&hellip;<\/p>\n","protected":false},"author":1,"featured_media":24151,"comment_status":"open","ping_status":"open","sticky":false,"template":"","format":"standard","meta":{"_acf_changed":false,"ngg_post_thumbnail":0,"jetpack_post_was_ever_published":false,"_jetpack_newsletter_access":"","_jetpack_dont_email_post_to_subs":false,"_jetpack_newsletter_tier_id":0,"_jetpack_memberships_contains_paywalled_content":false,"_jetpack_memberships_contains_paid_content":false,"footnotes":"","jetpack_publicize_message":"","jetpack_publicize_feature_enabled":true,"jetpack_social_post_already_shared":false,"jetpack_social_options":{"image_generator_settings":{"template":"highway","default_image_id":0,"font":"","enabled":false},"version":2}},"categories":[3],"tags":[167,1407,10100],"class_list":["post-214","post","type-post","status-publish","format-standard","has-post-thumbnail","hentry","category-dpc","tag-classements-de-fin-dannee","tag-do-you-want-to","tag-franz-ferdinand"],"acf":[],"geo":null,"jetpack_publicize_connections":[],"jetpack_featured_media_url":"https:\/\/www.wallendorff.com\/belogue\/wp-content\/uploads\/2015\/04\/200504282.jpg","jetpack_shortlink":"https:\/\/wp.me\/p3b35P-3s","jetpack_sharing_enabled":true,"jetpack-related-posts":[{"id":335,"url":"https:\/\/www.wallendorff.com\/belogue\/2005\/06\/24\/l-ame-ou-tardent-mes-moutons-nes\/","url_meta":{"origin":214,"position":0},"title":"L&rsquo;&acirc;me o&ugrave; tardent mes moutons n&eacute;s.","author":"dpc","date":"24 juin 2005","format":false,"excerpt":"Quelquepart dans le Marais, Paris, 3 mai. Mail1 signifie courrier. En fran\u00e7ais, on a repris ce terme pour d\u00e9signer un courrier \u00e9lectronique2. L'une de mes interrogations reflectives d'hier3 \u00e9tait\u00a0: \u00ab\u00a0Parbleu, quelle est donc l'origine de ce mot\u00a0? Je connais une rue du Mail4, \u00e0 Paris, y a-t-il un rapport5\u00a0?\u00a0\u00bb. \u00c0\u2026","rel":"","context":"Dans &quot;DPC&quot;","block_context":{"text":"DPC","link":"https:\/\/www.wallendorff.com\/belogue\/category\/dpc\/"},"img":{"alt_text":"","src":"https:\/\/i0.wp.com\/www.wallendorff.com\/belogue\/wp-content\/uploads\/2015\/04\/200506241.jpg?resize=350%2C200&ssl=1","width":350,"height":200},"classes":[]},{"id":134210,"url":"https:\/\/www.wallendorff.com\/belogue\/2025\/10\/29\/brasil-brasil-ix-un-christ-dans-la-nuit\/","url_meta":{"origin":214,"position":1},"title":"[Brasil Brasil IX] Un c[h]ri[st] dans la nuit.","author":"dpc","date":"29 octobre 2025","format":false,"excerpt":"Rio de Janeiro, 25 et 26 mai 2025.Une fois n'est pas coutume, nous allons causer technique.Elle n'a pas \u00e9t\u00e9 simple \u00e0 faire, cette photo de nuit. Il a fallu surmonter des contraintes assez classiques (pollution lumineuse et couverture nuageuse, la routine), mais aussi des probl\u00e8mes plus sp\u00e9cifiques. Une statue tr\u00e8s\u2026","rel":"","context":"Dans &quot;DPC&quot;","block_context":{"text":"DPC","link":"https:\/\/www.wallendorff.com\/belogue\/category\/dpc\/"},"img":{"alt_text":"","src":"https:\/\/i0.wp.com\/www.wallendorff.com\/belogue\/wp-content\/uploads\/2025\/10\/20251029-06.jpg?resize=350%2C200&ssl=1","width":350,"height":200,"srcset":"https:\/\/i0.wp.com\/www.wallendorff.com\/belogue\/wp-content\/uploads\/2025\/10\/20251029-06.jpg?resize=350%2C200&ssl=1 1x, https:\/\/i0.wp.com\/www.wallendorff.com\/belogue\/wp-content\/uploads\/2025\/10\/20251029-06.jpg?resize=525%2C300&ssl=1 1.5x, https:\/\/i0.wp.com\/www.wallendorff.com\/belogue\/wp-content\/uploads\/2025\/10\/20251029-06.jpg?resize=700%2C400&ssl=1 2x, https:\/\/i0.wp.com\/www.wallendorff.com\/belogue\/wp-content\/uploads\/2025\/10\/20251029-06.jpg?resize=1050%2C600&ssl=1 3x"},"classes":[]},{"id":30177,"url":"https:\/\/www.wallendorff.com\/belogue\/2016\/02\/02\/comme-vous-le-sentier\/","url_meta":{"origin":214,"position":2},"title":"Comme vous le sentier.","author":"dpc","date":"2 f\u00e9vrier 2016","format":false,"excerpt":"Col du Feu, 1er novembre 2015. \u00c0 part \u00e7a, Fauxve viennent d'annoncer la sortie de leur disque floril\u00e8ge de r\u00e9cital en public, intitul\u00e9 150.9001, comme les 150\u00a0900\u00a0km qu'ils ont aval\u00e9s en trois ans de tourn\u00e9e. Comment ont-il mesur\u00e9 cette distance ? S'en sont-ils tenu \u00e0 utiliser le m\u00eame Fiat Multipla\u2026","rel":"","context":"Dans &quot;DPC&quot;","block_context":{"text":"DPC","link":"https:\/\/www.wallendorff.com\/belogue\/category\/dpc\/"},"img":{"alt_text":"","src":"https:\/\/i0.wp.com\/www.wallendorff.com\/belogue\/wp-content\/uploads\/2016\/02\/20160202.jpg?resize=350%2C200&ssl=1","width":350,"height":200,"srcset":"https:\/\/i0.wp.com\/www.wallendorff.com\/belogue\/wp-content\/uploads\/2016\/02\/20160202.jpg?resize=350%2C200&ssl=1 1x, https:\/\/i0.wp.com\/www.wallendorff.com\/belogue\/wp-content\/uploads\/2016\/02\/20160202.jpg?resize=525%2C300&ssl=1 1.5x, https:\/\/i0.wp.com\/www.wallendorff.com\/belogue\/wp-content\/uploads\/2016\/02\/20160202.jpg?resize=700%2C400&ssl=1 2x"},"classes":[]},{"id":127845,"url":"https:\/\/www.wallendorff.com\/belogue\/2024\/04\/22\/muse-st-andrews-hall-detroit-22-avril-2004\/","url_meta":{"origin":214,"position":3},"title":"Muse @ St. Andrew&rsquo;s Hall, D\u00e9troit, 22 avril 2004.","author":"dpc","date":"22 avril 2024","format":false,"excerpt":"Hysteria | New Born | The Small Print | Sing for Absolution | Muscle Museum | Citizen Erased | Ruled by Secrecy | Sunburn | Butterflies & Hurricanes | Bliss | Time Is Running Out | Plug in Baby || Apocalypse Please | Stockholm SyndromeIl y a 20 ans, je\u2026","rel":"","context":"Dans &quot;Alive&quot;","block_context":{"text":"Alive","link":"https:\/\/www.wallendorff.com\/belogue\/category\/alive\/"},"img":{"alt_text":"","src":"https:\/\/i0.wp.com\/www.wallendorff.com\/belogue\/wp-content\/uploads\/2024\/04\/20240422-14.jpg?resize=350%2C200&ssl=1","width":350,"height":200,"srcset":"https:\/\/i0.wp.com\/www.wallendorff.com\/belogue\/wp-content\/uploads\/2024\/04\/20240422-14.jpg?resize=350%2C200&ssl=1 1x, https:\/\/i0.wp.com\/www.wallendorff.com\/belogue\/wp-content\/uploads\/2024\/04\/20240422-14.jpg?resize=525%2C300&ssl=1 1.5x, https:\/\/i0.wp.com\/www.wallendorff.com\/belogue\/wp-content\/uploads\/2024\/04\/20240422-14.jpg?resize=700%2C400&ssl=1 2x, https:\/\/i0.wp.com\/www.wallendorff.com\/belogue\/wp-content\/uploads\/2024\/04\/20240422-14.jpg?resize=1050%2C600&ssl=1 3x"},"classes":[]},{"id":288,"url":"https:\/\/www.wallendorff.com\/belogue\/2005\/08\/18\/laissez-un-message-apres-le-bip\/","url_meta":{"origin":214,"position":4},"title":"Laissez un message apr&egrave;s le bip.","author":"dpc","date":"18 ao\u00fbt 2005","format":false,"excerpt":"Onhaye, 14 ao\u00fbt. [Je reconnais qu'il est super-bal\u00e8ze de se poser l\u00e0.] D'accord, je triche. Normalement, une note, \u00e7a se pose pas en avance. Mais le fait est que je n'aurai pas acc\u00e8s au tuyau avant de partir demain matin, et que je voulais finir sur une belle note, avec\u2026","rel":"","context":"Dans &quot;DPC&quot;","block_context":{"text":"DPC","link":"https:\/\/www.wallendorff.com\/belogue\/category\/dpc\/"},"img":{"alt_text":"","src":"https:\/\/i0.wp.com\/www.wallendorff.com\/belogue\/wp-content\/uploads\/2015\/04\/200508181.jpg?resize=350%2C200&ssl=1","width":350,"height":200},"classes":[]},{"id":864,"url":"https:\/\/www.wallendorff.com\/belogue\/2006\/12\/31\/2006en-5\/","url_meta":{"origin":214,"position":5},"title":"2006 en&#8230; #5.","author":"dpc","date":"31 d\u00e9cembre 2006","format":false,"excerpt":"2006 en une photo. Il est toujours \u00e9trange de se taper l'int\u00e9grale des archives de l'ann\u00e9e d'un coup, tout voir red\u00e9filer en 20 minutes, se rem\u00e9morer des d\u00e9tails planqu\u00e9s dans des bouts de phrases subliminales et encha\u00eener les photos aussi vite que si c'\u00e9tait un film qu'on \u00e9tait en train\u2026","rel":"","context":"Dans &quot;DPC&quot;","block_context":{"text":"DPC","link":"https:\/\/www.wallendorff.com\/belogue\/category\/dpc\/"},"img":{"alt_text":"","src":"https:\/\/i0.wp.com\/www.wallendorff.com\/belogue\/wp-content\/uploads\/2015\/04\/200609073.jpg?resize=350%2C200&ssl=1","width":350,"height":200},"classes":[]}],"_links":{"self":[{"href":"https:\/\/www.wallendorff.com\/belogue\/wp-json\/wp\/v2\/posts\/214","targetHints":{"allow":["GET"]}}],"collection":[{"href":"https:\/\/www.wallendorff.com\/belogue\/wp-json\/wp\/v2\/posts"}],"about":[{"href":"https:\/\/www.wallendorff.com\/belogue\/wp-json\/wp\/v2\/types\/post"}],"author":[{"embeddable":true,"href":"https:\/\/www.wallendorff.com\/belogue\/wp-json\/wp\/v2\/users\/1"}],"replies":[{"embeddable":true,"href":"https:\/\/www.wallendorff.com\/belogue\/wp-json\/wp\/v2\/comments?post=214"}],"version-history":[{"count":2,"href":"https:\/\/www.wallendorff.com\/belogue\/wp-json\/wp\/v2\/posts\/214\/revisions"}],"predecessor-version":[{"id":8013,"href":"https:\/\/www.wallendorff.com\/belogue\/wp-json\/wp\/v2\/posts\/214\/revisions\/8013"}],"wp:featuredmedia":[{"embeddable":true,"href":"https:\/\/www.wallendorff.com\/belogue\/wp-json\/wp\/v2\/media\/24151"}],"wp:attachment":[{"href":"https:\/\/www.wallendorff.com\/belogue\/wp-json\/wp\/v2\/media?parent=214"}],"wp:term":[{"taxonomy":"category","embeddable":true,"href":"https:\/\/www.wallendorff.com\/belogue\/wp-json\/wp\/v2\/categories?post=214"},{"taxonomy":"post_tag","embeddable":true,"href":"https:\/\/www.wallendorff.com\/belogue\/wp-json\/wp\/v2\/tags?post=214"}],"curies":[{"name":"wp","href":"https:\/\/api.w.org\/{rel}","templated":true}]}}