{"id":21380,"date":"2013-08-01T12:54:07","date_gmt":"2013-08-01T10:54:07","guid":{"rendered":"http:\/\/www.wallendorff.com\/?p=21380"},"modified":"2018-05-23T08:14:03","modified_gmt":"2018-05-23T06:14:03","slug":"paleo-festival-nyon-jour-2","status":"publish","type":"post","link":"https:\/\/www.wallendorff.com\/belogue\/2013\/08\/01\/paleo-festival-nyon-jour-2\/","title":{"rendered":"Pal\u00e9o Festival 2013, Nyon &#8211; jour 2"},"content":{"rendered":"\n<div id=\"photo\">\n<p><img decoding=\"async\" src=\"https:\/\/www.wallendorff.com\/belogue\/photo\/2013\/08\/20130801.jpg\"><\/p>\n<\/p><\/div>\n<p>Quand Arctic Monkeys sont apparus, je les ai vus tous les mois&nbsp;: une interview chez Radio France, la Black Session qui allait avec, un Trabendo, un Bataclan puis une deuxi&egrave;me interview derri&egrave;re la sc&egrave;ne du chapiteau des Eurock&eacute;ennes. Et puis plus rien, pour des raisons&nbsp;de calendriers incompatibles et de quelques  r&eacute;ponses n&eacute;gatives de Domino France. Pour se donner une id&eacute;e, la derni&egrave;re fois que je les avais chout&eacute;s, on &eacute;tait sous Chirac, l&rsquo;iPhone n&rsquo;&eacute;tait pas sorti et <a href=\"https:\/\/www.wallendorff.com\/belogue\/2006\/08\/15\/previously-unreleased-40\/\">Alex Turner ressemblait &agrave; &ccedil;a<\/a>.<\/p>\n<p>Cela porte mon record du plus long d&eacute;lai entre des photos du m&ecirc;me artiste &agrave; 2&nbsp;641 jours. Juste devant K&rsquo;s Choice avec 2&nbsp;607, the Rapture avec 2&nbsp;582 et&#8230; les Smashing Pumpkins avec 2&nbsp;256. Autant dire que mardi fut une journ&eacute;e de retrouvailles avec des gens pas chout&eacute;s depuis longtemps, d&rsquo;autres vus il y a trois semaines &agrave; peine et d&rsquo;autres, enfin, tr&egrave;s difficiles &agrave; chouter pour une premi&egrave;re fois [parce que faire des photos d&rsquo;Asaf, pfioulala, c&rsquo;est pas Avidan].<\/p>\n<p style=\"text-align:right\">[Cette blague est nulle, oui. Passons aux photos l&rsquo;air de rien.]<\/p>\n<p style=\"text-align:right\">Le reste des photos est <a href=\"https:\/\/www.wallendorff.com\/belogue\/tag\/paleo-festival-2013\">sous ce mot-clef<\/a>.<\/p>\n<div id=\"bandeson\">\n<p><img decoding=\"async\" src=\"https:\/\/www.wallendorff.com\/belogue\/photo\/pochettes\/a\/arctic_monkeys-am.jpg\" align=\"left\" \/><a style=\"font-weight:normal\" id=\"lienmp3\" href=\"http:\/\/www.youtube.com\/watch?v=bpOSxM0rNPM\"><em>Do I Wanna Know?<\/em><\/a><br \/>\n        <a href=\"http:\/\/www.arcticmonkeys.com\/\">Arctic Monkeys<\/a><\/p>\n<\/p><\/div>ngg_shortcode_0_placeholder<p>&nbsp;<\/p>\n","protected":false},"excerpt":{"rendered":"<p>Quand Arctic Monkeys sont apparus, je les ai vus tous les mois&nbsp;: une interview chez Radio France, la Black Session qui allait avec, un Trabendo, un Bataclan puis une deuxi&egrave;me interview derri&egrave;re la sc&egrave;ne du chapiteau des Eurock&eacute;ennes. Et puis plus rien, pour des raisons&nbsp;de calendriers incompatibles et de quelques r&eacute;ponses n&eacute;gatives de Domino France.&hellip;<\/p>\n","protected":false},"author":1,"featured_media":26622,"comment_status":"open","ping_status":"open","sticky":false,"template":"","format":"standard","meta":{"_acf_changed":false,"ngg_post_thumbnail":0,"jetpack_post_was_ever_published":false,"_jetpack_newsletter_access":"","_jetpack_dont_email_post_to_subs":false,"_jetpack_newsletter_tier_id":0,"_jetpack_memberships_contains_paywalled_content":false,"_jetpack_memberships_contains_paid_content":false,"footnotes":"","jetpack_publicize_message":"","jetpack_publicize_feature_enabled":true,"jetpack_social_post_already_shared":true,"jetpack_social_options":{"image_generator_settings":{"template":"highway","default_image_id":0,"font":"","enabled":false},"version":2}},"categories":[7],"tags":[11281,10084,8260,6103,10367,11246,11571,1016,2571,196,181,2615,6766,10887,11569,7859,10136,11570,11560,10449,1708,11566,1859,10886],"class_list":["post-21380","post","type-post","status-publish","format-standard","has-post-thumbnail","hentry","category-alive","tag-11281","tag-alive","tag-am","tag-ambiance-2","tag-arctic-monkeys","tag-asaf-avidan","tag-brns","tag-ef-15-mm-f28-fisheye","tag-ef-16-35-mm-f28l-ii-usm","tag-ef-28-70-mm-f28l-usm","tag-ef-70-200-mm-f28l-usm","tag-eos-5d-mark-ii","tag-eos-5d-mark-iii","tag-canton-de-vaud","tag-danko-jones","tag-district-de-nyon","tag-festival","tag-lescop","tag-mass-hysteria","tag-nyon","tag-paleo-festival","tag-paleo-festival-2013","tag-smashing-pumpkins","tag-suisse"],"acf":[],"geo":{"latitude":46.4043083,"longitude":6.2068462,"description":"Signy, Canton de Vaud, 1274, CH"},"jetpack_publicize_connections":[],"jetpack_featured_media_url":"https:\/\/www.wallendorff.com\/belogue\/wp-content\/uploads\/2015\/04\/201308011.jpg","jetpack_shortlink":"https:\/\/wp.me\/p3b35P-5yQ","jetpack_sharing_enabled":true,"jetpack-related-posts":[{"id":23240,"url":"https:\/\/www.wallendorff.com\/belogue\/2014\/08\/02\/paleo-festival-nyon-23-juillet\/","url_meta":{"origin":21380,"position":0},"title":"Pal\u00e9o Festival, Nyon, 23 juillet.","author":"dpc","date":"2 ao\u00fbt 2014","format":false,"excerpt":"Il fait lourd, Cats on Trees valent le D\u00e9tour, des gens hantent le site la t\u00eate dans une caisse ou un aquarium, Seasick Steve a une impressionnante collection de guitares faites maison et Jack Johnson un sacr\u00e9 stock de dentifrice. Le public huera les Fran\u00e7ais pendant Stroma\u00eb, rapportera-t-on. Je reste\u2026","rel":"","context":"Dans &quot;Alive&quot;","block_context":{"text":"Alive","link":"https:\/\/www.wallendorff.com\/belogue\/category\/alive\/"},"img":{"alt_text":"","src":"https:\/\/i0.wp.com\/www.wallendorff.com\/belogue\/wp-content\/uploads\/2015\/04\/201408021.jpg?resize=350%2C200&ssl=1","width":350,"height":200,"srcset":"https:\/\/i0.wp.com\/www.wallendorff.com\/belogue\/wp-content\/uploads\/2015\/04\/201408021.jpg?resize=350%2C200&ssl=1 1x, https:\/\/i0.wp.com\/www.wallendorff.com\/belogue\/wp-content\/uploads\/2015\/04\/201408021.jpg?resize=525%2C300&ssl=1 1.5x, https:\/\/i0.wp.com\/www.wallendorff.com\/belogue\/wp-content\/uploads\/2015\/04\/201408021.jpg?resize=700%2C400&ssl=1 2x"},"classes":[]},{"id":21405,"url":"https:\/\/www.wallendorff.com\/belogue\/2013\/08\/05\/paleo-festival-2013-nyon-jours-4-5-6\/","url_meta":{"origin":21380,"position":1},"title":"Pal\u00e9o Festival 2013, Nyon &#8211; jours 4-5-6.","author":"dpc","date":"5 ao\u00fbt 2013","format":false,"excerpt":"Vendredi et dimanche furent un peu courts, alors je r\u00e9unis tout\u00a0: les 35\u00a0\u00b0C du vendredi et du samedi, les gerbes d'eau de Blur, la chemise hawa\u00efenne de Biolay, la bi\u00e8re qui mousse de Saez et l'orage et le feu d'artifice sous la pluie du dimanche. La suite viendra l'ann\u00e9e prochaine...\u2026","rel":"","context":"Dans &quot;Alive&quot;","block_context":{"text":"Alive","link":"https:\/\/www.wallendorff.com\/belogue\/category\/alive\/"},"img":{"alt_text":"","src":"https:\/\/i0.wp.com\/www.wallendorff.com\/belogue\/wp-content\/uploads\/2015\/04\/201308051.jpg?resize=350%2C200&ssl=1","width":350,"height":200,"srcset":"https:\/\/i0.wp.com\/www.wallendorff.com\/belogue\/wp-content\/uploads\/2015\/04\/201308051.jpg?resize=350%2C200&ssl=1 1x, https:\/\/i0.wp.com\/www.wallendorff.com\/belogue\/wp-content\/uploads\/2015\/04\/201308051.jpg?resize=525%2C300&ssl=1 1.5x, https:\/\/i0.wp.com\/www.wallendorff.com\/belogue\/wp-content\/uploads\/2015\/04\/201308051.jpg?resize=700%2C400&ssl=1 2x"},"classes":[]},{"id":21363,"url":"https:\/\/www.wallendorff.com\/belogue\/2013\/07\/31\/paleo-festival-2013-nyon-jour-1\/","url_meta":{"origin":21380,"position":2},"title":"Pal\u00e9o Festival 2013, Nyon &#8211; jour 1.","author":"dpc","date":"31 juillet 2013","format":false,"excerpt":"5\u00a0h de route, un virage rat\u00e9, puis les retrouvailles\u00a0: avec le Nyon - Saint-Cergue et le plus joli itin\u00e9raire-vers-le-boulot du monde, puis la plaine de l'Asse, puis tout ceux qui la peuplent. Avec ce m\u00eame sentiment qu'une entr\u00e9e en deuxi\u00e8me ann\u00e9e ou un retour dans la colo de l'\u00e9t\u00e9 pr\u00e9c\u00e9dent.\u2026","rel":"","context":"Dans &quot;Alive&quot;","block_context":{"text":"Alive","link":"https:\/\/www.wallendorff.com\/belogue\/category\/alive\/"},"img":{"alt_text":"","src":"https:\/\/i0.wp.com\/www.wallendorff.com\/belogue\/wp-content\/uploads\/2015\/04\/201307311.jpg?resize=350%2C200&ssl=1","width":350,"height":200,"srcset":"https:\/\/i0.wp.com\/www.wallendorff.com\/belogue\/wp-content\/uploads\/2015\/04\/201307311.jpg?resize=350%2C200&ssl=1 1x, https:\/\/i0.wp.com\/www.wallendorff.com\/belogue\/wp-content\/uploads\/2015\/04\/201307311.jpg?resize=525%2C300&ssl=1 1.5x, https:\/\/i0.wp.com\/www.wallendorff.com\/belogue\/wp-content\/uploads\/2015\/04\/201307311.jpg?resize=700%2C400&ssl=1 2x"},"classes":[]},{"id":46122,"url":"https:\/\/www.wallendorff.com\/belogue\/2020\/07\/20\/8-ans-de-paleo-festival-2012-2013\/","url_meta":{"origin":21380,"position":3},"title":"8 ans de Pal\u00e9o Festival : 2012 \u2013 2013.","author":"dpc","date":"20 juillet 2020","format":false,"excerpt":"Parce que toi aussi tu vas me manquer cet \u00e9t\u00e9, Pal\u00e9o, passons la semaine, TA semaine, \u00e0 nous rappeler de bons moments.","rel":"","context":"Dans &quot;Alive&quot;","block_context":{"text":"Alive","link":"https:\/\/www.wallendorff.com\/belogue\/category\/alive\/"},"img":{"alt_text":"","src":"https:\/\/i0.wp.com\/www.wallendorff.com\/belogue\/wp-content\/uploads\/2020\/07\/20200720-08.jpg?resize=350%2C200&ssl=1","width":350,"height":200,"srcset":"https:\/\/i0.wp.com\/www.wallendorff.com\/belogue\/wp-content\/uploads\/2020\/07\/20200720-08.jpg?resize=350%2C200&ssl=1 1x, https:\/\/i0.wp.com\/www.wallendorff.com\/belogue\/wp-content\/uploads\/2020\/07\/20200720-08.jpg?resize=525%2C300&ssl=1 1.5x, https:\/\/i0.wp.com\/www.wallendorff.com\/belogue\/wp-content\/uploads\/2020\/07\/20200720-08.jpg?resize=700%2C400&ssl=1 2x, https:\/\/i0.wp.com\/www.wallendorff.com\/belogue\/wp-content\/uploads\/2020\/07\/20200720-08.jpg?resize=1050%2C600&ssl=1 3x"},"classes":[]},{"id":23255,"url":"https:\/\/www.wallendorff.com\/belogue\/2014\/08\/05\/paleo-festival-nyon-26-juillet\/","url_meta":{"origin":21380,"position":4},"title":"Pal\u00e9o Festival, Nyon, 26 juillet.","author":"dpc","date":"5 ao\u00fbt 2014","format":false,"excerpt":"Samedi embourb\u00e9, on tra\u00eene 5\u00a0kg de terre par godasse et on glisse dans les pentes. Casseurs Flowters impressionnants dans le coucher de soleil, un tour de grande roue et des Fills Monkey g\u00e9niaux. Pour le reste des photos, suivre ce lien. So Destroyed Prince Rama \u00a0","rel":"","context":"Dans &quot;Alive&quot;","block_context":{"text":"Alive","link":"https:\/\/www.wallendorff.com\/belogue\/category\/alive\/"},"img":{"alt_text":"","src":"https:\/\/i0.wp.com\/www.wallendorff.com\/belogue\/wp-content\/uploads\/2015\/04\/201408051.jpg?resize=350%2C200&ssl=1","width":350,"height":200,"srcset":"https:\/\/i0.wp.com\/www.wallendorff.com\/belogue\/wp-content\/uploads\/2015\/04\/201408051.jpg?resize=350%2C200&ssl=1 1x, https:\/\/i0.wp.com\/www.wallendorff.com\/belogue\/wp-content\/uploads\/2015\/04\/201408051.jpg?resize=525%2C300&ssl=1 1.5x, https:\/\/i0.wp.com\/www.wallendorff.com\/belogue\/wp-content\/uploads\/2015\/04\/201408051.jpg?resize=700%2C400&ssl=1 2x"},"classes":[]},{"id":21389,"url":"https:\/\/www.wallendorff.com\/belogue\/2013\/08\/02\/paleo-festival-2013-jour-3\/","url_meta":{"origin":21380,"position":5},"title":"Pal\u00e9o Festival 2013, Nyon &#8211; jour 3.","author":"dpc","date":"2 ao\u00fbt 2013","format":false,"excerpt":"Apr\u00e8s Black Lion Genocide l'ann\u00e9e derni\u00e8re, c'est Klaxon et M\u00fcller qui retournent Pal\u00e9o avec une prestation unique de 20 minutes, point culminant d'une journ\u00e9e marqu\u00e9e par le show dingue de Crystal Fighters trop \u00e0 l'\u00e9troit au D\u00e9tour, l'ambiance folle de Stupeflip et la d\u00e9couverte Kadebostany. Le reste des photos est\u2026","rel":"","context":"Dans &quot;Alive&quot;","block_context":{"text":"Alive","link":"https:\/\/www.wallendorff.com\/belogue\/category\/alive\/"},"img":{"alt_text":"","src":"https:\/\/i0.wp.com\/www.wallendorff.com\/belogue\/wp-content\/uploads\/2015\/04\/201308021.jpg?resize=350%2C200&ssl=1","width":350,"height":200,"srcset":"https:\/\/i0.wp.com\/www.wallendorff.com\/belogue\/wp-content\/uploads\/2015\/04\/201308021.jpg?resize=350%2C200&ssl=1 1x, https:\/\/i0.wp.com\/www.wallendorff.com\/belogue\/wp-content\/uploads\/2015\/04\/201308021.jpg?resize=525%2C300&ssl=1 1.5x, https:\/\/i0.wp.com\/www.wallendorff.com\/belogue\/wp-content\/uploads\/2015\/04\/201308021.jpg?resize=700%2C400&ssl=1 2x"},"classes":[]}],"_links":{"self":[{"href":"https:\/\/www.wallendorff.com\/belogue\/wp-json\/wp\/v2\/posts\/21380","targetHints":{"allow":["GET"]}}],"collection":[{"href":"https:\/\/www.wallendorff.com\/belogue\/wp-json\/wp\/v2\/posts"}],"about":[{"href":"https:\/\/www.wallendorff.com\/belogue\/wp-json\/wp\/v2\/types\/post"}],"author":[{"embeddable":true,"href":"https:\/\/www.wallendorff.com\/belogue\/wp-json\/wp\/v2\/users\/1"}],"replies":[{"embeddable":true,"href":"https:\/\/www.wallendorff.com\/belogue\/wp-json\/wp\/v2\/comments?post=21380"}],"version-history":[{"count":11,"href":"https:\/\/www.wallendorff.com\/belogue\/wp-json\/wp\/v2\/posts\/21380\/revisions"}],"predecessor-version":[{"id":22242,"href":"https:\/\/www.wallendorff.com\/belogue\/wp-json\/wp\/v2\/posts\/21380\/revisions\/22242"}],"wp:featuredmedia":[{"embeddable":true,"href":"https:\/\/www.wallendorff.com\/belogue\/wp-json\/wp\/v2\/media\/26622"}],"wp:attachment":[{"href":"https:\/\/www.wallendorff.com\/belogue\/wp-json\/wp\/v2\/media?parent=21380"}],"wp:term":[{"taxonomy":"category","embeddable":true,"href":"https:\/\/www.wallendorff.com\/belogue\/wp-json\/wp\/v2\/categories?post=21380"},{"taxonomy":"post_tag","embeddable":true,"href":"https:\/\/www.wallendorff.com\/belogue\/wp-json\/wp\/v2\/tags?post=21380"}],"curies":[{"name":"wp","href":"https:\/\/api.w.org\/{rel}","templated":true}]}}