{"id":21363,"date":"2013-07-31T16:48:51","date_gmt":"2013-07-31T14:48:51","guid":{"rendered":"http:\/\/www.wallendorff.com\/?p=21363"},"modified":"2018-05-23T08:14:03","modified_gmt":"2018-05-23T06:14:03","slug":"paleo-festival-2013-nyon-jour-1","status":"publish","type":"post","link":"https:\/\/www.wallendorff.com\/belogue\/2013\/07\/31\/paleo-festival-2013-nyon-jour-1\/","title":{"rendered":"Pal\u00e9o Festival 2013, Nyon &#8211; jour 1."},"content":{"rendered":"\n<div id=\"photo\">\n<p><img decoding=\"async\" src=\"https:\/\/www.wallendorff.com\/belogue\/photo\/2013\/07\/20130731.jpg\"><\/p>\n<\/p><\/div>\n<p>5&nbsp;h de route, un virage rat&eacute;, puis les retrouvailles&nbsp;:  avec le Nyon &#8211; Saint-Cergue et le plus joli itin&eacute;raire-vers-le-boulot du monde, puis la plaine de l&rsquo;Asse, puis tout ceux qui la peuplent. Avec ce m&ecirc;me sentiment qu&rsquo;une entr&eacute;e en deuxi&egrave;me ann&eacute;e ou un retour dans la  colo de l&rsquo;&eacute;t&eacute; pr&eacute;c&eacute;dent. Les s&eacute;ries des 6 jours seront in&eacute;gales en qualit&eacute; et quantit&eacute;, mais c&rsquo;est normal&nbsp;: Pal&eacute;o est apr&egrave;s tout un festival tout public, et si tout le monde y trouve son compte tous les jours, certains jours comptent plus que d&rsquo;autres.<\/p>\n<p style=\"text-align:right\">Le reste des photos est <a href=\"https:\/\/www.wallendorff.com\/belogue\/tag\/paleo-festival-2013\">sous ce mot-clef<\/a>.<\/p>\n<div id=\"bandeson\">\n<p><img decoding=\"async\" src=\"https:\/\/www.wallendorff.com\/belogue\/photo\/pochettes\/l\/lyle_tyler-the_golden_age_and_the_silver_girl.jpg\" align=\"left\" \/><a style=\"font-weight:normal\" id=\"lienmp3\" href=\"http:\/\/www.youtube.com\/watch?v=7U-4BCARBG4\"><em>The Golden Age and the Silver Girl<\/em><\/a><br \/>\n        <a href=\"http:\/\/tylerlyle.com\/\">Tyler Lyle<\/a><\/p>\n<\/p><\/div>ngg_shortcode_0_placeholder<p>&nbsp;<\/p>\n","protected":false},"excerpt":{"rendered":"<p>5&nbsp;h de route, un virage rat&eacute;, puis les retrouvailles&nbsp;: avec le Nyon &#8211; Saint-Cergue et le plus joli itin&eacute;raire-vers-le-boulot du monde, puis la plaine de l&rsquo;Asse, puis tout ceux qui la peuplent. Avec ce m&ecirc;me sentiment qu&rsquo;une entr&eacute;e en deuxi&egrave;me ann&eacute;e ou un retour dans la colo de l&rsquo;&eacute;t&eacute; pr&eacute;c&eacute;dent. Les s&eacute;ries des 6 jours&hellip;<\/p>\n","protected":false},"author":1,"featured_media":26621,"comment_status":"open","ping_status":"open","sticky":false,"template":"","format":"standard","meta":{"_acf_changed":false,"ngg_post_thumbnail":0,"jetpack_post_was_ever_published":false,"_jetpack_newsletter_access":"","_jetpack_dont_email_post_to_subs":false,"_jetpack_newsletter_tier_id":0,"_jetpack_memberships_contains_paywalled_content":false,"_jetpack_memberships_contains_paid_content":false,"footnotes":"","jetpack_publicize_message":"","jetpack_publicize_feature_enabled":true,"jetpack_social_post_already_shared":true,"jetpack_social_options":{"image_generator_settings":{"template":"highway","default_image_id":0,"font":"","enabled":false},"version":2}},"categories":[7],"tags":[11281,10084,11038,2571,196,181,2615,6766,10887,11080,10136,11565,11567,10449,1708,11566,11563,10886,5496,10379,5493],"class_list":["post-21363","post","type-post","status-publish","format-standard","has-post-thumbnail","hentry","category-alive","tag-11281","tag-alive","tag-alt-j","tag-ef-16-35-mm-f28l-ii-usm","tag-ef-28-70-mm-f28l-usm","tag-ef-70-200-mm-f28l-usm","tag-eos-5d-mark-ii","tag-eos-5d-mark-iii","tag-canton-de-vaud","tag-dictrict-de-nyon","tag-festival","tag-heymoonshaker","tag-lou-doillon","tag-nyon","tag-paleo-festival","tag-paleo-festival-2013","tag-palma-violets","tag-suisse","tag-the-golden-age-and-the-silver-girl","tag-two-gallants","tag-tyler-lyle"],"acf":[],"geo":{"latitude":46.4043083,"longitude":6.2068462,"description":"Signy, Canton de Vaud, 1274, CH"},"jetpack_publicize_connections":[],"jetpack_featured_media_url":"https:\/\/www.wallendorff.com\/belogue\/wp-content\/uploads\/2015\/04\/201307311.jpg","jetpack_shortlink":"https:\/\/wp.me\/p3b35P-5yz","jetpack_sharing_enabled":true,"jetpack-related-posts":[{"id":21405,"url":"https:\/\/www.wallendorff.com\/belogue\/2013\/08\/05\/paleo-festival-2013-nyon-jours-4-5-6\/","url_meta":{"origin":21363,"position":0},"title":"Pal\u00e9o Festival 2013, Nyon &#8211; jours 4-5-6.","author":"dpc","date":"5 ao\u00fbt 2013","format":false,"excerpt":"Vendredi et dimanche furent un peu courts, alors je r\u00e9unis tout\u00a0: les 35\u00a0\u00b0C du vendredi et du samedi, les gerbes d'eau de Blur, la chemise hawa\u00efenne de Biolay, la bi\u00e8re qui mousse de Saez et l'orage et le feu d'artifice sous la pluie du dimanche. La suite viendra l'ann\u00e9e prochaine...\u2026","rel":"","context":"Dans &quot;Alive&quot;","block_context":{"text":"Alive","link":"https:\/\/www.wallendorff.com\/belogue\/category\/alive\/"},"img":{"alt_text":"","src":"https:\/\/i0.wp.com\/www.wallendorff.com\/belogue\/wp-content\/uploads\/2015\/04\/201308051.jpg?resize=350%2C200&ssl=1","width":350,"height":200,"srcset":"https:\/\/i0.wp.com\/www.wallendorff.com\/belogue\/wp-content\/uploads\/2015\/04\/201308051.jpg?resize=350%2C200&ssl=1 1x, https:\/\/i0.wp.com\/www.wallendorff.com\/belogue\/wp-content\/uploads\/2015\/04\/201308051.jpg?resize=525%2C300&ssl=1 1.5x, https:\/\/i0.wp.com\/www.wallendorff.com\/belogue\/wp-content\/uploads\/2015\/04\/201308051.jpg?resize=700%2C400&ssl=1 2x"},"classes":[]},{"id":21380,"url":"https:\/\/www.wallendorff.com\/belogue\/2013\/08\/01\/paleo-festival-nyon-jour-2\/","url_meta":{"origin":21363,"position":1},"title":"Pal\u00e9o Festival 2013, Nyon &#8211; jour 2","author":"dpc","date":"1 ao\u00fbt 2013","format":false,"excerpt":"Quand Arctic Monkeys sont apparus, je les ai vus tous les mois\u00a0: une interview chez Radio France, la Black Session qui allait avec, un Trabendo, un Bataclan puis une deuxi\u00e8me interview derri\u00e8re la sc\u00e8ne du chapiteau des Eurock\u00e9ennes. Et puis plus rien, pour des raisons\u00a0de calendriers incompatibles et de quelques\u2026","rel":"","context":"Dans &quot;Alive&quot;","block_context":{"text":"Alive","link":"https:\/\/www.wallendorff.com\/belogue\/category\/alive\/"},"img":{"alt_text":"","src":"https:\/\/i0.wp.com\/www.wallendorff.com\/belogue\/wp-content\/uploads\/2015\/04\/201308011.jpg?resize=350%2C200&ssl=1","width":350,"height":200,"srcset":"https:\/\/i0.wp.com\/www.wallendorff.com\/belogue\/wp-content\/uploads\/2015\/04\/201308011.jpg?resize=350%2C200&ssl=1 1x, https:\/\/i0.wp.com\/www.wallendorff.com\/belogue\/wp-content\/uploads\/2015\/04\/201308011.jpg?resize=525%2C300&ssl=1 1.5x, https:\/\/i0.wp.com\/www.wallendorff.com\/belogue\/wp-content\/uploads\/2015\/04\/201308011.jpg?resize=700%2C400&ssl=1 2x"},"classes":[]},{"id":31940,"url":"https:\/\/www.wallendorff.com\/belogue\/2016\/07\/30\/paleo-festival-2016-jours-5-et-6\/","url_meta":{"origin":21363,"position":2},"title":"Pal\u00e9o Festival 2016, jours 5 et 6.","author":"dpc","date":"30 juillet 2016","format":false,"excerpt":"L'int\u00e9gralit\u00e9 des photos est disponible sur ce lien.","rel":"","context":"Dans &quot;Alive&quot;","block_context":{"text":"Alive","link":"https:\/\/www.wallendorff.com\/belogue\/category\/alive\/"},"img":{"alt_text":"","src":"https:\/\/i0.wp.com\/www.wallendorff.com\/belogue\/wp-content\/uploads\/2016\/07\/20160730-11-1.jpg?resize=350%2C200&ssl=1","width":350,"height":200,"srcset":"https:\/\/i0.wp.com\/www.wallendorff.com\/belogue\/wp-content\/uploads\/2016\/07\/20160730-11-1.jpg?resize=350%2C200&ssl=1 1x, https:\/\/i0.wp.com\/www.wallendorff.com\/belogue\/wp-content\/uploads\/2016\/07\/20160730-11-1.jpg?resize=525%2C300&ssl=1 1.5x, https:\/\/i0.wp.com\/www.wallendorff.com\/belogue\/wp-content\/uploads\/2016\/07\/20160730-11-1.jpg?resize=700%2C400&ssl=1 2x"},"classes":[]},{"id":28346,"url":"https:\/\/www.wallendorff.com\/belogue\/2015\/07\/30\/paleo-festival-2015-jour-2\/","url_meta":{"origin":21363,"position":3},"title":"Pal\u00e9o Festival 2015, jour 2.","author":"dpc","date":"30 juillet 2015","format":false,"excerpt":"La journ\u00e9e d\u00e9marre tranquillement, avec un chaucaise de Klaus Johann Grobe. One Sentence. Supervisor sont venus avec leur parasol, il fait toujours aussi chaud, la fontaine de l'entr\u00e9e est prise d'assaut et Arno hurle dans son micro. L'Orchestre Tout Puissant Marcel Duchamp draine pas mal de monde au D\u00e9tour, The\u2026","rel":"","context":"Dans &quot;Alive&quot;","block_context":{"text":"Alive","link":"https:\/\/www.wallendorff.com\/belogue\/category\/alive\/"},"img":{"alt_text":"","src":"https:\/\/i0.wp.com\/www.wallendorff.com\/belogue\/wp-content\/uploads\/2015\/07\/20150730-321.jpg?resize=350%2C200&ssl=1","width":350,"height":200,"srcset":"https:\/\/i0.wp.com\/www.wallendorff.com\/belogue\/wp-content\/uploads\/2015\/07\/20150730-321.jpg?resize=350%2C200&ssl=1 1x, https:\/\/i0.wp.com\/www.wallendorff.com\/belogue\/wp-content\/uploads\/2015\/07\/20150730-321.jpg?resize=525%2C300&ssl=1 1.5x, https:\/\/i0.wp.com\/www.wallendorff.com\/belogue\/wp-content\/uploads\/2015\/07\/20150730-321.jpg?resize=700%2C400&ssl=1 2x"},"classes":[]},{"id":129565,"url":"https:\/\/www.wallendorff.com\/belogue\/2024\/07\/26\/paleo-festival-2024-nyon-jour-3\/","url_meta":{"origin":21363,"position":4},"title":"Pal\u00e9o Festival 2024, Nyon, jour 3.","author":"dpc","date":"26 juillet 2024","format":false,"excerpt":"Ambiance, Pal\u00e9o Festival Nyon 2024 Ambiance, Pal\u00e9o Festival Nyon 2024 Ambiance, Pal\u00e9o Festival Nyon 2024 Ambiance, Pal\u00e9o Festival Nyon 2024 Ambiance, Pal\u00e9o Festival Nyon 2024 Ambiance, Pal\u00e9o Festival Nyon 2024 Ambiance, Pal\u00e9o Festival Nyon 2024 Ambiance, Pal\u00e9o Festival Nyon 2024","rel":"","context":"Dans &quot;Alive&quot;","block_context":{"text":"Alive","link":"https:\/\/www.wallendorff.com\/belogue\/category\/alive\/"},"img":{"alt_text":"","src":"https:\/\/i0.wp.com\/www.wallendorff.com\/belogue\/wp-content\/uploads\/2024\/07\/20240726-55.jpg?resize=350%2C200&ssl=1","width":350,"height":200,"srcset":"https:\/\/i0.wp.com\/www.wallendorff.com\/belogue\/wp-content\/uploads\/2024\/07\/20240726-55.jpg?resize=350%2C200&ssl=1 1x, https:\/\/i0.wp.com\/www.wallendorff.com\/belogue\/wp-content\/uploads\/2024\/07\/20240726-55.jpg?resize=525%2C300&ssl=1 1.5x, https:\/\/i0.wp.com\/www.wallendorff.com\/belogue\/wp-content\/uploads\/2024\/07\/20240726-55.jpg?resize=700%2C400&ssl=1 2x, https:\/\/i0.wp.com\/www.wallendorff.com\/belogue\/wp-content\/uploads\/2024\/07\/20240726-55.jpg?resize=1050%2C600&ssl=1 3x"},"classes":[]},{"id":18354,"url":"https:\/\/www.wallendorff.com\/belogue\/2012\/07\/24\/paleo-festival-2012-nyon-17-21-juillet\/","url_meta":{"origin":21363,"position":5},"title":"Pal\u00e9o Festival 2012, Nyon, 17-21 juillet.","author":"dpc","date":"24 juillet 2012","format":false,"excerpt":"De dr\u00f4les de d\u00e9buts mais une chouette semaine, au final. Vraiment content. \u00c0 refaire. Mardi 17 juillet Brigitte | Camille | M83 et un gros lapin Mercredi 18 juillet Black Lion Genocide (galerie l\u00e0-bas) | Dionysos | Other Lives | Boy Jeudi 19 juillet Nadeah [et c'est tout] Vendredi 20\u2026","rel":"","context":"Dans &quot;Alive&quot;","block_context":{"text":"Alive","link":"https:\/\/www.wallendorff.com\/belogue\/category\/alive\/"},"img":{"alt_text":"","src":"https:\/\/i0.wp.com\/www.wallendorff.com\/belogue\/wp-content\/uploads\/2015\/04\/201207241.jpg?resize=350%2C200&ssl=1","width":350,"height":200,"srcset":"https:\/\/i0.wp.com\/www.wallendorff.com\/belogue\/wp-content\/uploads\/2015\/04\/201207241.jpg?resize=350%2C200&ssl=1 1x, https:\/\/i0.wp.com\/www.wallendorff.com\/belogue\/wp-content\/uploads\/2015\/04\/201207241.jpg?resize=525%2C300&ssl=1 1.5x, https:\/\/i0.wp.com\/www.wallendorff.com\/belogue\/wp-content\/uploads\/2015\/04\/201207241.jpg?resize=700%2C400&ssl=1 2x"},"classes":[]}],"_links":{"self":[{"href":"https:\/\/www.wallendorff.com\/belogue\/wp-json\/wp\/v2\/posts\/21363","targetHints":{"allow":["GET"]}}],"collection":[{"href":"https:\/\/www.wallendorff.com\/belogue\/wp-json\/wp\/v2\/posts"}],"about":[{"href":"https:\/\/www.wallendorff.com\/belogue\/wp-json\/wp\/v2\/types\/post"}],"author":[{"embeddable":true,"href":"https:\/\/www.wallendorff.com\/belogue\/wp-json\/wp\/v2\/users\/1"}],"replies":[{"embeddable":true,"href":"https:\/\/www.wallendorff.com\/belogue\/wp-json\/wp\/v2\/comments?post=21363"}],"version-history":[{"count":6,"href":"https:\/\/www.wallendorff.com\/belogue\/wp-json\/wp\/v2\/posts\/21363\/revisions"}],"predecessor-version":[{"id":21515,"href":"https:\/\/www.wallendorff.com\/belogue\/wp-json\/wp\/v2\/posts\/21363\/revisions\/21515"}],"wp:featuredmedia":[{"embeddable":true,"href":"https:\/\/www.wallendorff.com\/belogue\/wp-json\/wp\/v2\/media\/26621"}],"wp:attachment":[{"href":"https:\/\/www.wallendorff.com\/belogue\/wp-json\/wp\/v2\/media?parent=21363"}],"wp:term":[{"taxonomy":"category","embeddable":true,"href":"https:\/\/www.wallendorff.com\/belogue\/wp-json\/wp\/v2\/categories?post=21363"},{"taxonomy":"post_tag","embeddable":true,"href":"https:\/\/www.wallendorff.com\/belogue\/wp-json\/wp\/v2\/tags?post=21363"}],"curies":[{"name":"wp","href":"https:\/\/api.w.org\/{rel}","templated":true}]}}