{"id":21357,"date":"2013-07-30T13:08:34","date_gmt":"2013-07-30T11:08:34","guid":{"rendered":"http:\/\/www.wallendorff.com\/?p=21357"},"modified":"2018-05-23T08:14:04","modified_gmt":"2018-05-23T06:14:04","slug":"into-the-wide-12","status":"publish","type":"post","link":"https:\/\/www.wallendorff.com\/belogue\/2013\/07\/30\/into-the-wide-12\/","title":{"rendered":"Into the wide #12."},"content":{"rendered":"\n<div id=\"photo\">\n<p><img decoding=\"async\" src=\"https:\/\/www.wallendorff.com\/belogue\/photo\/2013\/07\/20130730.jpg\"><br \/>\nGalerie Victor-Emmanuel-II, Milan, 30 mai.<\/p>\n<\/p><\/div>\n<div id=\"bandeson\">\n<p><img decoding=\"async\" src=\"https:\/\/www.wallendorff.com\/belogue\/photo\/pochettes\/b\/black_angels_the-directions_to_see_a_ghost.jpg\" align=\"left\" \/><a style=\"font-weight:normal\" id=\"lienmp3\" href=\"http:\/\/www.youtube.com\/watch?v=yCMlCzrDFmQ\"><em>Surf City<\/em> (revisited)<\/a><br \/>\n        <a href=\"http:\/\/www.theblackangels.com\/\">The Black Angels<\/a><\/p>\n<\/p><\/div>\n","protected":false},"excerpt":{"rendered":"<p>Galerie Victor-Emmanuel-II, Milan, 30 mai. Surf City (revisited) The Black Angels<\/p>\n","protected":false},"author":1,"featured_media":26618,"comment_status":"open","ping_status":"open","sticky":false,"template":"","format":"standard","meta":{"_acf_changed":false,"ngg_post_thumbnail":0,"jetpack_post_was_ever_published":false,"_jetpack_newsletter_access":"","_jetpack_dont_email_post_to_subs":false,"_jetpack_newsletter_tier_id":0,"_jetpack_memberships_contains_paywalled_content":false,"_jetpack_memberships_contains_paid_content":false,"footnotes":"","jetpack_publicize_message":"","jetpack_publicize_feature_enabled":true,"jetpack_social_post_already_shared":true,"jetpack_social_options":{"image_generator_settings":{"template":"highway","default_image_id":0,"font":"","enabled":false},"version":2}},"categories":[7356],"tags":[2571,6766,4805,10629,7835,7940,11339,11485,11486,10147,11323,10416,11488,7850,10349],"class_list":["post-21357","post","type-post","status-publish","format-standard","has-post-thumbnail","hentry","category-into-the-wide","tag-ef-16-35-mm-f28l-ii-usm","tag-eos-5d-mark-iii","tag-directions-to-see-a-ghost","tag-galerie","tag-galerie-victor-emmanuel-ii","tag-indigo-meadow","tag-italie","tag-lombardie","tag-milan","tag-nuit","tag-panoramique","tag-passage","tag-province-de-milan","tag-surf-city-revisited","tag-the-black-angels"],"acf":[],"geo":{"latitude":45.4656067,"longitude":9.1898813,"description":"Santa Margherita, Lombardia, 20851, IT"},"jetpack_publicize_connections":[],"jetpack_featured_media_url":"https:\/\/www.wallendorff.com\/belogue\/wp-content\/uploads\/2015\/04\/201307301.jpg","jetpack_shortlink":"https:\/\/wp.me\/p3b35P-5yt","jetpack_sharing_enabled":true,"jetpack-related-posts":[{"id":21327,"url":"https:\/\/www.wallendorff.com\/belogue\/2013\/07\/16\/il-tabsout-des-bancs-bouees-si-elle-nhume-air-au-loin\/","url_meta":{"origin":21357,"position":0},"title":"Il t&rsquo;absout des bancs-bou\u00e9es, si elle n&rsquo;hume air au loin.","author":"dpc","date":"16 juillet 2013","format":false,"excerpt":"Galerie Victor-Emmanuel-II, Milan, 30 mai. Luck Now Big Scary","rel":"","context":"Dans &quot;DPC&quot;","block_context":{"text":"DPC","link":"https:\/\/www.wallendorff.com\/belogue\/category\/dpc\/"},"img":{"alt_text":"","src":"https:\/\/i0.wp.com\/www.wallendorff.com\/belogue\/wp-content\/uploads\/2015\/04\/201307161.jpg?resize=350%2C200&ssl=1","width":350,"height":200,"srcset":"https:\/\/i0.wp.com\/www.wallendorff.com\/belogue\/wp-content\/uploads\/2015\/04\/201307161.jpg?resize=350%2C200&ssl=1 1x, https:\/\/i0.wp.com\/www.wallendorff.com\/belogue\/wp-content\/uploads\/2015\/04\/201307161.jpg?resize=525%2C300&ssl=1 1.5x"},"classes":[]},{"id":9864,"url":"https:\/\/www.wallendorff.com\/belogue\/2010\/11\/28\/du-hall-denomme\/","url_meta":{"origin":21357,"position":1},"title":"Du hall [d\u00e9nomme].","author":"dpc","date":"28 novembre 2010","format":false,"excerpt":"Galerie Vivienne, Paris, 18 septembre. [On avait dit et redit et reredit et rereredit que... bref.] The Black Angels \u2013 Entrance Song","rel":"","context":"Dans &quot;DPC&quot;","block_context":{"text":"DPC","link":"https:\/\/www.wallendorff.com\/belogue\/category\/dpc\/"},"img":{"alt_text":"","src":"https:\/\/i0.wp.com\/www.wallendorff.com\/belogue\/wp-content\/uploads\/2015\/04\/201011281.jpg?resize=350%2C200&ssl=1","width":350,"height":200,"srcset":"https:\/\/i0.wp.com\/www.wallendorff.com\/belogue\/wp-content\/uploads\/2015\/04\/201011281.jpg?resize=350%2C200&ssl=1 1x, https:\/\/i0.wp.com\/www.wallendorff.com\/belogue\/wp-content\/uploads\/2015\/04\/201011281.jpg?resize=525%2C300&ssl=1 1.5x, https:\/\/i0.wp.com\/www.wallendorff.com\/belogue\/wp-content\/uploads\/2015\/04\/201011281.jpg?resize=700%2C400&ssl=1 2x"},"classes":[]},{"id":9760,"url":"https:\/\/www.wallendorff.com\/belogue\/2010\/11\/07\/galerie-degueulasse\/","url_meta":{"origin":21357,"position":2},"title":"Galerie d\u00e9g[ueu]lasse.","author":"dpc","date":"7 novembre 2010","format":false,"excerpt":"M\u00e5rten Trotzigs Gr\u00e4nd, Stockholm, 29 ao\u00fbt. [Oui bon j'exag\u00e8re un peu, d'accord.] The Dead Weather \u2013 I Can't Hear You","rel":"","context":"Dans &quot;DPC&quot;","block_context":{"text":"DPC","link":"https:\/\/www.wallendorff.com\/belogue\/category\/dpc\/"},"img":{"alt_text":"","src":"https:\/\/i0.wp.com\/www.wallendorff.com\/belogue\/wp-content\/uploads\/2015\/04\/201011071.jpg?resize=350%2C200&ssl=1","width":350,"height":200},"classes":[]},{"id":30824,"url":"https:\/\/www.wallendorff.com\/belogue\/2016\/04\/29\/into-the-wide-64\/","url_meta":{"origin":21357,"position":3},"title":"Into the wide #64.","author":"dpc","date":"29 avril 2016","format":false,"excerpt":"Universit\u00e9 de Vienne, 13 f\u00e9vrier. Maze Jabberwocky","rel":"","context":"Dans &quot;Into the wide&quot;","block_context":{"text":"Into the wide","link":"https:\/\/www.wallendorff.com\/belogue\/category\/into-the-wide\/"},"img":{"alt_text":"","src":"https:\/\/i0.wp.com\/www.wallendorff.com\/belogue\/wp-content\/uploads\/2016\/04\/20160429.jpg?resize=350%2C200&ssl=1","width":350,"height":200,"srcset":"https:\/\/i0.wp.com\/www.wallendorff.com\/belogue\/wp-content\/uploads\/2016\/04\/20160429.jpg?resize=350%2C200&ssl=1 1x, https:\/\/i0.wp.com\/www.wallendorff.com\/belogue\/wp-content\/uploads\/2016\/04\/20160429.jpg?resize=525%2C300&ssl=1 1.5x, https:\/\/i0.wp.com\/www.wallendorff.com\/belogue\/wp-content\/uploads\/2016\/04\/20160429.jpg?resize=700%2C400&ssl=1 2x"},"classes":[]},{"id":32291,"url":"https:\/\/www.wallendorff.com\/belogue\/2016\/09\/14\/into-the-wide-75\/","url_meta":{"origin":21357,"position":4},"title":"Into the wide #75.","author":"dpc","date":"14 septembre 2016","format":false,"excerpt":"H\u00f4tel de ville de Stockholm, 21 juin. 70 ans. Kashmir (live) Jimmy Page & Robert Plant","rel":"","context":"Dans &quot;Into the wide&quot;","block_context":{"text":"Into the wide","link":"https:\/\/www.wallendorff.com\/belogue\/category\/into-the-wide\/"},"img":{"alt_text":"","src":"https:\/\/i0.wp.com\/www.wallendorff.com\/belogue\/wp-content\/uploads\/2016\/09\/20160914.jpg?resize=350%2C200&ssl=1","width":350,"height":200,"srcset":"https:\/\/i0.wp.com\/www.wallendorff.com\/belogue\/wp-content\/uploads\/2016\/09\/20160914.jpg?resize=350%2C200&ssl=1 1x, https:\/\/i0.wp.com\/www.wallendorff.com\/belogue\/wp-content\/uploads\/2016\/09\/20160914.jpg?resize=525%2C300&ssl=1 1.5x, https:\/\/i0.wp.com\/www.wallendorff.com\/belogue\/wp-content\/uploads\/2016\/09\/20160914.jpg?resize=700%2C400&ssl=1 2x"},"classes":[]},{"id":22843,"url":"https:\/\/www.wallendorff.com\/belogue\/2014\/06\/02\/10-ans-le-nez-en-lair\/","url_meta":{"origin":21357,"position":5},"title":"10 ans le nez en l&rsquo;air.","author":"dpc","date":"2 juin 2014","format":false,"excerpt":"Dix ans le nez en l'air. dix ans \u00e0 regarder en haut, chercher des centres et des sym\u00e9tries. Dix ans \u00e0 s'agenouiller le plus bas possible pour gagner du champ et viser de plus en plus haut, jusqu'\u00e0 la verticale. Et dix ans de torticolis, aussi. Vois l'ath\u00e9e. Main Street,\u2026","rel":"","context":"Dans &quot;DPC&quot;","block_context":{"text":"DPC","link":"https:\/\/www.wallendorff.com\/belogue\/category\/dpc\/"},"img":{"alt_text":"","src":"https:\/\/i0.wp.com\/www.wallendorff.com\/belogue\/wp-content\/uploads\/2015\/04\/200910123.jpg?resize=350%2C200&ssl=1","width":350,"height":200,"srcset":"https:\/\/i0.wp.com\/www.wallendorff.com\/belogue\/wp-content\/uploads\/2015\/04\/200910123.jpg?resize=350%2C200&ssl=1 1x, https:\/\/i0.wp.com\/www.wallendorff.com\/belogue\/wp-content\/uploads\/2015\/04\/200910123.jpg?resize=525%2C300&ssl=1 1.5x, https:\/\/i0.wp.com\/www.wallendorff.com\/belogue\/wp-content\/uploads\/2015\/04\/200910123.jpg?resize=700%2C400&ssl=1 2x"},"classes":[]}],"_links":{"self":[{"href":"https:\/\/www.wallendorff.com\/belogue\/wp-json\/wp\/v2\/posts\/21357","targetHints":{"allow":["GET"]}}],"collection":[{"href":"https:\/\/www.wallendorff.com\/belogue\/wp-json\/wp\/v2\/posts"}],"about":[{"href":"https:\/\/www.wallendorff.com\/belogue\/wp-json\/wp\/v2\/types\/post"}],"author":[{"embeddable":true,"href":"https:\/\/www.wallendorff.com\/belogue\/wp-json\/wp\/v2\/users\/1"}],"replies":[{"embeddable":true,"href":"https:\/\/www.wallendorff.com\/belogue\/wp-json\/wp\/v2\/comments?post=21357"}],"version-history":[{"count":5,"href":"https:\/\/www.wallendorff.com\/belogue\/wp-json\/wp\/v2\/posts\/21357\/revisions"}],"predecessor-version":[{"id":22273,"href":"https:\/\/www.wallendorff.com\/belogue\/wp-json\/wp\/v2\/posts\/21357\/revisions\/22273"}],"wp:featuredmedia":[{"embeddable":true,"href":"https:\/\/www.wallendorff.com\/belogue\/wp-json\/wp\/v2\/media\/26618"}],"wp:attachment":[{"href":"https:\/\/www.wallendorff.com\/belogue\/wp-json\/wp\/v2\/media?parent=21357"}],"wp:term":[{"taxonomy":"category","embeddable":true,"href":"https:\/\/www.wallendorff.com\/belogue\/wp-json\/wp\/v2\/categories?post=21357"},{"taxonomy":"post_tag","embeddable":true,"href":"https:\/\/www.wallendorff.com\/belogue\/wp-json\/wp\/v2\/tags?post=21357"}],"curies":[{"name":"wp","href":"https:\/\/api.w.org\/{rel}","templated":true}]}}