{"id":21345,"date":"2013-07-22T23:26:30","date_gmt":"2013-07-22T21:26:30","guid":{"rendered":"http:\/\/www.wallendorff.com\/?p=21345"},"modified":"2018-05-23T08:14:04","modified_gmt":"2018-05-23T06:14:04","slug":"festival-fnac-live-paris-18-juillet","status":"publish","type":"post","link":"https:\/\/www.wallendorff.com\/belogue\/2013\/07\/22\/festival-fnac-live-paris-18-juillet\/","title":{"rendered":"Festival Fnac Live, Paris, 18 juillet."},"content":{"rendered":"\n<div id=\"photo\">\n<p><img decoding=\"async\" src=\"https:\/\/www.wallendorff.com\/belogue\/photo\/2013\/07\/20130722.jpg\"><\/p>\n<\/p><\/div>\n<h1>Palma Violets<\/h1>ngg_shortcode_0_placeholder<h1>Miles Kane<\/h1>ngg_shortcode_1_placeholder<h1>Oxmo Puccino<\/h1>ngg_shortcode_2_placeholder<p>&nbsp;<\/p>\n","protected":false},"excerpt":{"rendered":"<p>Palma Violets Miles Kane Oxmo Puccino &nbsp;<\/p>\n","protected":false},"author":1,"featured_media":26619,"comment_status":"open","ping_status":"open","sticky":false,"template":"","format":"standard","meta":{"_acf_changed":false,"ngg_post_thumbnail":0,"jetpack_post_was_ever_published":false,"_jetpack_newsletter_access":"","_jetpack_dont_email_post_to_subs":false,"_jetpack_newsletter_tier_id":0,"_jetpack_memberships_contains_paywalled_content":false,"_jetpack_memberships_contains_paid_content":false,"footnotes":"","jetpack_publicize_message":"","jetpack_publicize_feature_enabled":true,"jetpack_social_post_already_shared":true,"jetpack_social_options":{"image_generator_settings":{"template":"highway","default_image_id":0,"font":"","enabled":false},"version":2}},"categories":[7],"tags":[11281,10277,10084,2571,196,181,2615,6766,10136,11561,11562,10120,10121,10867,11564,10098,1597,7849],"class_list":["post-21345","post","type-post","status-publish","format-standard","has-post-thumbnail","hentry","category-alive","tag-11281","tag-10277","tag-alive","tag-ef-16-35-mm-f28l-ii-usm","tag-ef-28-70-mm-f28l-usm","tag-ef-70-200-mm-f28l-usm","tag-eos-5d-mark-ii","tag-eos-5d-mark-iii","tag-festival","tag-festival-fnac-live","tag-festival-fnac-live-2013","tag-france","tag-ile-de-france","tag-miles-kane","tag-oxmo-puccino","tag-paris","tag-place-de-lhotel-de-ville","tag-plama-violets"],"acf":[],"geo":{"latitude":48.8565826,"longitude":2.3514926,"description":"58 Rue Des Plantes Hall 14, 75014 Paris, France"},"jetpack_publicize_connections":[],"jetpack_featured_media_url":"https:\/\/www.wallendorff.com\/belogue\/wp-content\/uploads\/2015\/04\/201307221.jpg","jetpack_shortlink":"https:\/\/wp.me\/p3b35P-5yh","jetpack_sharing_enabled":true,"jetpack-related-posts":[{"id":46122,"url":"https:\/\/www.wallendorff.com\/belogue\/2020\/07\/20\/8-ans-de-paleo-festival-2012-2013\/","url_meta":{"origin":21345,"position":0},"title":"8 ans de Pal\u00e9o Festival : 2012 \u2013 2013.","author":"dpc","date":"20 juillet 2020","format":false,"excerpt":"Parce que toi aussi tu vas me manquer cet \u00e9t\u00e9, Pal\u00e9o, passons la semaine, TA semaine, \u00e0 nous rappeler de bons moments.","rel":"","context":"Dans &quot;Alive&quot;","block_context":{"text":"Alive","link":"https:\/\/www.wallendorff.com\/belogue\/category\/alive\/"},"img":{"alt_text":"","src":"https:\/\/i0.wp.com\/www.wallendorff.com\/belogue\/wp-content\/uploads\/2020\/07\/20200720-08.jpg?resize=350%2C200&ssl=1","width":350,"height":200,"srcset":"https:\/\/i0.wp.com\/www.wallendorff.com\/belogue\/wp-content\/uploads\/2020\/07\/20200720-08.jpg?resize=350%2C200&ssl=1 1x, https:\/\/i0.wp.com\/www.wallendorff.com\/belogue\/wp-content\/uploads\/2020\/07\/20200720-08.jpg?resize=525%2C300&ssl=1 1.5x, https:\/\/i0.wp.com\/www.wallendorff.com\/belogue\/wp-content\/uploads\/2020\/07\/20200720-08.jpg?resize=700%2C400&ssl=1 2x, https:\/\/i0.wp.com\/www.wallendorff.com\/belogue\/wp-content\/uploads\/2020\/07\/20200720-08.jpg?resize=1050%2C600&ssl=1 3x"},"classes":[]},{"id":21405,"url":"https:\/\/www.wallendorff.com\/belogue\/2013\/08\/05\/paleo-festival-2013-nyon-jours-4-5-6\/","url_meta":{"origin":21345,"position":1},"title":"Pal\u00e9o Festival 2013, Nyon &#8211; jours 4-5-6.","author":"dpc","date":"5 ao\u00fbt 2013","format":false,"excerpt":"Vendredi et dimanche furent un peu courts, alors je r\u00e9unis tout\u00a0: les 35\u00a0\u00b0C du vendredi et du samedi, les gerbes d'eau de Blur, la chemise hawa\u00efenne de Biolay, la bi\u00e8re qui mousse de Saez et l'orage et le feu d'artifice sous la pluie du dimanche. La suite viendra l'ann\u00e9e prochaine...\u2026","rel":"","context":"Dans &quot;Alive&quot;","block_context":{"text":"Alive","link":"https:\/\/www.wallendorff.com\/belogue\/category\/alive\/"},"img":{"alt_text":"","src":"https:\/\/i0.wp.com\/www.wallendorff.com\/belogue\/wp-content\/uploads\/2015\/04\/201308051.jpg?resize=350%2C200&ssl=1","width":350,"height":200,"srcset":"https:\/\/i0.wp.com\/www.wallendorff.com\/belogue\/wp-content\/uploads\/2015\/04\/201308051.jpg?resize=350%2C200&ssl=1 1x, https:\/\/i0.wp.com\/www.wallendorff.com\/belogue\/wp-content\/uploads\/2015\/04\/201308051.jpg?resize=525%2C300&ssl=1 1.5x, https:\/\/i0.wp.com\/www.wallendorff.com\/belogue\/wp-content\/uploads\/2015\/04\/201308051.jpg?resize=700%2C400&ssl=1 2x"},"classes":[]},{"id":4224,"url":"https:\/\/www.wallendorff.com\/belogue\/2009\/05\/26\/kasabian-le-trabendo-paris\/","url_meta":{"origin":21345,"position":2},"title":"Kasabian @ le Trabendo, Paris.","author":"dpc","date":"26 mai 2009","format":false,"excerpt":"The Dandy Warhols \u2013 The Legend of the Last of the Outlaw Truckers AKA The Ballad of Sheriff Shorty","rel":"","context":"Dans &quot;Alive&quot;","block_context":{"text":"Alive","link":"https:\/\/www.wallendorff.com\/belogue\/category\/alive\/"},"img":{"alt_text":"","src":"https:\/\/i0.wp.com\/www.wallendorff.com\/belogue\/wp-content\/uploads\/2015\/04\/200905261.jpg?resize=350%2C200&ssl=1","width":350,"height":200,"srcset":"https:\/\/i0.wp.com\/www.wallendorff.com\/belogue\/wp-content\/uploads\/2015\/04\/200905261.jpg?resize=350%2C200&ssl=1 1x, https:\/\/i0.wp.com\/www.wallendorff.com\/belogue\/wp-content\/uploads\/2015\/04\/200905261.jpg?resize=525%2C300&ssl=1 1.5x, https:\/\/i0.wp.com\/www.wallendorff.com\/belogue\/wp-content\/uploads\/2015\/04\/200905261.jpg?resize=700%2C400&ssl=1 2x"},"classes":[]},{"id":4294,"url":"https:\/\/www.wallendorff.com\/belogue\/2009\/06\/13\/elmer-food-beat-lelysee-montmartre-paris\/","url_meta":{"origin":21345,"position":3},"title":"Elmer Food Beat @ l&rsquo;\u00c9lys\u00e9e-Montmartre, Paris.","author":"dpc","date":"13 juin 2009","format":false,"excerpt":"\u00a0 The Greenhornes \u2013 Can't Stand It (alternate version) \u00c7a, c'est fait.","rel":"","context":"Dans &quot;Alive&quot;","block_context":{"text":"Alive","link":"https:\/\/www.wallendorff.com\/belogue\/category\/alive\/"},"img":{"alt_text":"","src":"https:\/\/i0.wp.com\/www.wallendorff.com\/belogue\/wp-content\/uploads\/2015\/04\/200906131.jpg?resize=350%2C200&ssl=1","width":350,"height":200,"srcset":"https:\/\/i0.wp.com\/www.wallendorff.com\/belogue\/wp-content\/uploads\/2015\/04\/200906131.jpg?resize=350%2C200&ssl=1 1x, https:\/\/i0.wp.com\/www.wallendorff.com\/belogue\/wp-content\/uploads\/2015\/04\/200906131.jpg?resize=525%2C300&ssl=1 1.5x, https:\/\/i0.wp.com\/www.wallendorff.com\/belogue\/wp-content\/uploads\/2015\/04\/200906131.jpg?resize=700%2C400&ssl=1 2x"},"classes":[]},{"id":45991,"url":"https:\/\/www.wallendorff.com\/belogue\/2020\/07\/07\/17-ans-deurockeennes-2013-2016\/","url_meta":{"origin":21345,"position":4},"title":"17 ans d&rsquo;Eurock\u00e9ennes : 2013 \u2013 2016","author":"dpc","date":"7 juillet 2020","format":false,"excerpt":"","rel":"","context":"Dans &quot;Alive&quot;","block_context":{"text":"Alive","link":"https:\/\/www.wallendorff.com\/belogue\/category\/alive\/"},"img":{"alt_text":"","src":"https:\/\/i0.wp.com\/www.wallendorff.com\/belogue\/wp-content\/uploads\/2020\/07\/20200707-59.jpg?resize=350%2C200&ssl=1","width":350,"height":200,"srcset":"https:\/\/i0.wp.com\/www.wallendorff.com\/belogue\/wp-content\/uploads\/2020\/07\/20200707-59.jpg?resize=350%2C200&ssl=1 1x, https:\/\/i0.wp.com\/www.wallendorff.com\/belogue\/wp-content\/uploads\/2020\/07\/20200707-59.jpg?resize=525%2C300&ssl=1 1.5x, https:\/\/i0.wp.com\/www.wallendorff.com\/belogue\/wp-content\/uploads\/2020\/07\/20200707-59.jpg?resize=700%2C400&ssl=1 2x, https:\/\/i0.wp.com\/www.wallendorff.com\/belogue\/wp-content\/uploads\/2020\/07\/20200707-59.jpg?resize=1050%2C600&ssl=1 3x"},"classes":[]},{"id":36130,"url":"https:\/\/www.wallendorff.com\/belogue\/2017\/10\/26\/mama-festival-18-20-octobre\/","url_meta":{"origin":21345,"position":5},"title":"MaMa Festival, 18 \u2013 20 octobre.","author":"dpc","date":"26 octobre 2017","format":false,"excerpt":"","rel":"","context":"Dans &quot;Alive&quot;","block_context":{"text":"Alive","link":"https:\/\/www.wallendorff.com\/belogue\/category\/alive\/"},"img":{"alt_text":"","src":"https:\/\/i0.wp.com\/www.wallendorff.com\/belogue\/wp-content\/uploads\/2017\/10\/20171024-49.jpg?resize=350%2C200&ssl=1","width":350,"height":200,"srcset":"https:\/\/i0.wp.com\/www.wallendorff.com\/belogue\/wp-content\/uploads\/2017\/10\/20171024-49.jpg?resize=350%2C200&ssl=1 1x, https:\/\/i0.wp.com\/www.wallendorff.com\/belogue\/wp-content\/uploads\/2017\/10\/20171024-49.jpg?resize=525%2C300&ssl=1 1.5x, https:\/\/i0.wp.com\/www.wallendorff.com\/belogue\/wp-content\/uploads\/2017\/10\/20171024-49.jpg?resize=700%2C400&ssl=1 2x"},"classes":[]}],"_links":{"self":[{"href":"https:\/\/www.wallendorff.com\/belogue\/wp-json\/wp\/v2\/posts\/21345","targetHints":{"allow":["GET"]}}],"collection":[{"href":"https:\/\/www.wallendorff.com\/belogue\/wp-json\/wp\/v2\/posts"}],"about":[{"href":"https:\/\/www.wallendorff.com\/belogue\/wp-json\/wp\/v2\/types\/post"}],"author":[{"embeddable":true,"href":"https:\/\/www.wallendorff.com\/belogue\/wp-json\/wp\/v2\/users\/1"}],"replies":[{"embeddable":true,"href":"https:\/\/www.wallendorff.com\/belogue\/wp-json\/wp\/v2\/comments?post=21345"}],"version-history":[{"count":7,"href":"https:\/\/www.wallendorff.com\/belogue\/wp-json\/wp\/v2\/posts\/21345\/revisions"}],"predecessor-version":[{"id":21354,"href":"https:\/\/www.wallendorff.com\/belogue\/wp-json\/wp\/v2\/posts\/21345\/revisions\/21354"}],"wp:featuredmedia":[{"embeddable":true,"href":"https:\/\/www.wallendorff.com\/belogue\/wp-json\/wp\/v2\/media\/26619"}],"wp:attachment":[{"href":"https:\/\/www.wallendorff.com\/belogue\/wp-json\/wp\/v2\/media?parent=21345"}],"wp:term":[{"taxonomy":"category","embeddable":true,"href":"https:\/\/www.wallendorff.com\/belogue\/wp-json\/wp\/v2\/categories?post=21345"},{"taxonomy":"post_tag","embeddable":true,"href":"https:\/\/www.wallendorff.com\/belogue\/wp-json\/wp\/v2\/tags?post=21345"}],"curies":[{"name":"wp","href":"https:\/\/api.w.org\/{rel}","templated":true}]}}