{"id":21336,"date":"2013-07-18T10:42:40","date_gmt":"2013-07-18T08:42:40","guid":{"rendered":"http:\/\/www.wallendorff.com\/?p=21336"},"modified":"2018-05-23T08:14:04","modified_gmt":"2018-05-23T06:14:04","slug":"into-the-wide-11","status":"publish","type":"post","link":"https:\/\/www.wallendorff.com\/belogue\/2013\/07\/18\/into-the-wide-11\/","title":{"rendered":"Into the wide #11."},"content":{"rendered":"\n<div id=\"photo\">\n<p><img decoding=\"async\" src=\"https:\/\/www.wallendorff.com\/belogue\/photo\/2013\/07\/20130718.jpg\"><br \/>\nD&ocirc;me de Milan, 30 mai.<\/p>\n<\/p><\/div>\n<div id=\"bandeson\">\n<p><img decoding=\"async\" src=\"https:\/\/www.wallendorff.com\/belogue\/photo\/pochettes\/e\/editors-the_weight_of_your_love.jpg\" align=\"left\" \/><a style=\"font-weight:normal\" id=\"lienmp3\" href=\"http:\/\/www.youtube.com\/watch?v=tBALBC4y2Tw\"><em>Sugar<\/em><\/a><br \/>\n<a href=\"http:\/\/www.editorsofficial.com\/\">Editors<\/a><\/p>\n<\/p><\/div>\n","protected":false},"excerpt":{"rendered":"<p>D&ocirc;me de Milan, 30 mai. Sugar Editors<\/p>\n","protected":false},"author":1,"featured_media":26617,"comment_status":"open","ping_status":"open","sticky":false,"template":"","format":"standard","meta":{"_acf_changed":false,"ngg_post_thumbnail":0,"jetpack_post_was_ever_published":false,"_jetpack_newsletter_access":"","_jetpack_dont_email_post_to_subs":false,"_jetpack_newsletter_tier_id":0,"_jetpack_memberships_contains_paywalled_content":false,"_jetpack_memberships_contains_paid_content":false,"footnotes":"","jetpack_publicize_message":"","jetpack_publicize_feature_enabled":true,"jetpack_social_post_already_shared":true,"jetpack_social_options":{"image_generator_settings":{"template":"highway","default_image_id":0,"font":"","enabled":false},"version":2}},"categories":[7356],"tags":[10226,2571,6766,10743,11495,7840,10337,10238,11339,11485,11486,7052,143,11323,11488,7488,8263],"class_list":["post-21336","post","type-post","status-publish","format-standard","has-post-thumbnail","hentry","category-into-the-wide","tag-banc","tag-ef-16-35-mm-f28l-ii-usm","tag-eos-5d-mark-iii","tag-cathedrale","tag-cathedrale-de-la-nativite-de-la-sainte-vierge","tag-dome-de-milan","tag-editors","tag-eglise","tag-italie","tag-lombardie","tag-milan","tag-nef","tag-noir-et-blanc","tag-panoramique","tag-province-de-milan","tag-sugar","tag-the-weight-of-your-love"],"acf":[],"geo":{"latitude":45.4642487,"longitude":9.1918879,"description":"Milano, Lombardia, 20131, IT"},"jetpack_publicize_connections":[],"jetpack_featured_media_url":"https:\/\/www.wallendorff.com\/belogue\/wp-content\/uploads\/2015\/04\/201307181.jpg","jetpack_shortlink":"https:\/\/wp.me\/p3b35P-5y8","jetpack_sharing_enabled":true,"jetpack-related-posts":[{"id":21228,"url":"https:\/\/www.wallendorff.com\/belogue\/2013\/07\/02\/les-dix-oscars\/","url_meta":{"origin":21336,"position":0},"title":"Les dix oscars.","author":"dpc","date":"2 juillet 2013","format":false,"excerpt":"Piazza del Duomo, Milan, 30 mai. The Sting Editors","rel":"","context":"Dans &quot;DPC&quot;","block_context":{"text":"DPC","link":"https:\/\/www.wallendorff.com\/belogue\/category\/dpc\/"},"img":{"alt_text":"","src":"https:\/\/i0.wp.com\/www.wallendorff.com\/belogue\/wp-content\/uploads\/2015\/04\/20130701.jpg?resize=350%2C200&ssl=1","width":350,"height":200,"srcset":"https:\/\/i0.wp.com\/www.wallendorff.com\/belogue\/wp-content\/uploads\/2015\/04\/20130701.jpg?resize=350%2C200&ssl=1 1x, https:\/\/i0.wp.com\/www.wallendorff.com\/belogue\/wp-content\/uploads\/2015\/04\/20130701.jpg?resize=525%2C300&ssl=1 1.5x, https:\/\/i0.wp.com\/www.wallendorff.com\/belogue\/wp-content\/uploads\/2015\/04\/20130701.jpg?resize=700%2C400&ssl=1 2x"},"classes":[]},{"id":22926,"url":"https:\/\/www.wallendorff.com\/belogue\/2014\/06\/08\/top-10-des-plus-belles-cathedrales-de-la-decennie\/","url_meta":{"origin":21336,"position":1},"title":"Top 10 des plus belles cath\u00e9drales de la d\u00e9cennie.","author":"dpc","date":"8 juin 2014","format":false,"excerpt":"Dix ans \u00e0 faire le tour de toutes les cath\u00e9drales du monde entier et bien les regarder sous toutes les coutures pour \u00e9tablir le classement d\u00e9finitif et impartial des plus jolies cath\u00e9drales de l'univers. No 10 ex-\u00e6quo\u00a0: La cath\u00e9drale Notre-Dame de Chartres du 7 avril 2012... Chartres Attack. \u00a0 ...\u2026","rel":"","context":"Dans &quot;DPC&quot;","block_context":{"text":"DPC","link":"https:\/\/www.wallendorff.com\/belogue\/category\/dpc\/"},"img":{"alt_text":"","src":"https:\/\/i0.wp.com\/www.wallendorff.com\/belogue\/wp-content\/uploads\/2015\/04\/201310243.jpg?resize=350%2C200&ssl=1","width":350,"height":200,"srcset":"https:\/\/i0.wp.com\/www.wallendorff.com\/belogue\/wp-content\/uploads\/2015\/04\/201310243.jpg?resize=350%2C200&ssl=1 1x, https:\/\/i0.wp.com\/www.wallendorff.com\/belogue\/wp-content\/uploads\/2015\/04\/201310243.jpg?resize=525%2C300&ssl=1 1.5x, https:\/\/i0.wp.com\/www.wallendorff.com\/belogue\/wp-content\/uploads\/2015\/04\/201310243.jpg?resize=700%2C400&ssl=1 2x"},"classes":[]},{"id":14817,"url":"https:\/\/www.wallendorff.com\/belogue\/2011\/12\/17\/the-years-go-by-so-fast\/","url_meta":{"origin":21336,"position":2},"title":"The years go by so fast,","author":"dpc","date":"17 d\u00e9cembre 2011","format":false,"excerpt":"Paris, 22 octobre. Let's hope the next beats the last. Smith & Burrows \u2013 When the Thames Froze [youtube]http:\/\/www.youtube.com\/watch?v=644U-jMpDUw[\/youtube]","rel":"","context":"Dans &quot;DPC&quot;","block_context":{"text":"DPC","link":"https:\/\/www.wallendorff.com\/belogue\/category\/dpc\/"},"img":{"alt_text":"","src":"https:\/\/i0.wp.com\/www.wallendorff.com\/belogue\/wp-content\/uploads\/2015\/04\/201112171.jpg?resize=350%2C200&ssl=1","width":350,"height":200,"srcset":"https:\/\/i0.wp.com\/www.wallendorff.com\/belogue\/wp-content\/uploads\/2015\/04\/201112171.jpg?resize=350%2C200&ssl=1 1x, https:\/\/i0.wp.com\/www.wallendorff.com\/belogue\/wp-content\/uploads\/2015\/04\/201112171.jpg?resize=525%2C300&ssl=1 1.5x, https:\/\/i0.wp.com\/www.wallendorff.com\/belogue\/wp-content\/uploads\/2015\/04\/201112171.jpg?resize=700%2C400&ssl=1 2x"},"classes":[]},{"id":21098,"url":"https:\/\/www.wallendorff.com\/belogue\/2013\/05\/31\/mai-2013\/","url_meta":{"origin":21336,"position":3},"title":"Mai 2013.","author":"dpc","date":"31 mai 2013","format":false,"excerpt":"5 titres Bibio \u2013 \u00c0 tout \u00e0 l'heure The Rumour Said Fire \u2013 The Oracle Vampire Weekend \u2013 Diane Young Empire of the Sun \u2013 Alive Editors \u2013 A Ton of Love Albums Hanni El Khatib \u2013 Head in the Dirt BRNS \u2013 Wounded Crystal Fighters \u2013 Cave Rave Vampire\u2026","rel":"","context":"Dans &quot;Blog-note&quot;","block_context":{"text":"Blog-note","link":"https:\/\/www.wallendorff.com\/belogue\/category\/blog-note\/"},"img":{"alt_text":"","src":"https:\/\/i0.wp.com\/www.wallendorff.com\/belogue\/wp-content\/uploads\/2015\/04\/20130531-571.jpg?resize=350%2C200&ssl=1","width":350,"height":200,"srcset":"https:\/\/i0.wp.com\/www.wallendorff.com\/belogue\/wp-content\/uploads\/2015\/04\/20130531-571.jpg?resize=350%2C200&ssl=1 1x, https:\/\/i0.wp.com\/www.wallendorff.com\/belogue\/wp-content\/uploads\/2015\/04\/20130531-571.jpg?resize=525%2C300&ssl=1 1.5x, https:\/\/i0.wp.com\/www.wallendorff.com\/belogue\/wp-content\/uploads\/2015\/04\/20130531-571.jpg?resize=700%2C400&ssl=1 2x"},"classes":[]},{"id":23493,"url":"https:\/\/www.wallendorff.com\/belogue\/2014\/10\/29\/prendre-le-dessous\/","url_meta":{"origin":21336,"position":4},"title":"Prendre le dessous.","author":"dpc","date":"29 octobre 2014","format":false,"excerpt":"Basilique Saint-\u00c9tienne de Pest, Budapest, 8 septembre. It's Just Too Bad The D\u00e6d W\u00e6ther","rel":"","context":"Dans &quot;DPC&quot;","block_context":{"text":"DPC","link":"https:\/\/www.wallendorff.com\/belogue\/category\/dpc\/"},"img":{"alt_text":"","src":"https:\/\/i0.wp.com\/www.wallendorff.com\/belogue\/wp-content\/uploads\/2015\/04\/201410291.jpg?resize=350%2C200&ssl=1","width":350,"height":200,"srcset":"https:\/\/i0.wp.com\/www.wallendorff.com\/belogue\/wp-content\/uploads\/2015\/04\/201410291.jpg?resize=350%2C200&ssl=1 1x, https:\/\/i0.wp.com\/www.wallendorff.com\/belogue\/wp-content\/uploads\/2015\/04\/201410291.jpg?resize=525%2C300&ssl=1 1.5x, https:\/\/i0.wp.com\/www.wallendorff.com\/belogue\/wp-content\/uploads\/2015\/04\/201410291.jpg?resize=700%2C400&ssl=1 2x"},"classes":[]},{"id":22500,"url":"https:\/\/www.wallendorff.com\/belogue\/2014\/02\/03\/into-the-wide-26\/","url_meta":{"origin":21336,"position":5},"title":"Into the wide #26.","author":"dpc","date":"3 f\u00e9vrier 2014","format":false,"excerpt":"Cath\u00e9drale Saint-Julien, Le Mans, 18 janvier. Mesmerise Temples","rel":"","context":"Dans &quot;Into the wide&quot;","block_context":{"text":"Into the wide","link":"https:\/\/www.wallendorff.com\/belogue\/category\/into-the-wide\/"},"img":{"alt_text":"","src":"https:\/\/i0.wp.com\/www.wallendorff.com\/belogue\/wp-content\/uploads\/2015\/04\/201402031.jpg?resize=350%2C200&ssl=1","width":350,"height":200},"classes":[]}],"_links":{"self":[{"href":"https:\/\/www.wallendorff.com\/belogue\/wp-json\/wp\/v2\/posts\/21336","targetHints":{"allow":["GET"]}}],"collection":[{"href":"https:\/\/www.wallendorff.com\/belogue\/wp-json\/wp\/v2\/posts"}],"about":[{"href":"https:\/\/www.wallendorff.com\/belogue\/wp-json\/wp\/v2\/types\/post"}],"author":[{"embeddable":true,"href":"https:\/\/www.wallendorff.com\/belogue\/wp-json\/wp\/v2\/users\/1"}],"replies":[{"embeddable":true,"href":"https:\/\/www.wallendorff.com\/belogue\/wp-json\/wp\/v2\/comments?post=21336"}],"version-history":[{"count":4,"href":"https:\/\/www.wallendorff.com\/belogue\/wp-json\/wp\/v2\/posts\/21336\/revisions"}],"predecessor-version":[{"id":22253,"href":"https:\/\/www.wallendorff.com\/belogue\/wp-json\/wp\/v2\/posts\/21336\/revisions\/22253"}],"wp:featuredmedia":[{"embeddable":true,"href":"https:\/\/www.wallendorff.com\/belogue\/wp-json\/wp\/v2\/media\/26617"}],"wp:attachment":[{"href":"https:\/\/www.wallendorff.com\/belogue\/wp-json\/wp\/v2\/media?parent=21336"}],"wp:term":[{"taxonomy":"category","embeddable":true,"href":"https:\/\/www.wallendorff.com\/belogue\/wp-json\/wp\/v2\/categories?post=21336"},{"taxonomy":"post_tag","embeddable":true,"href":"https:\/\/www.wallendorff.com\/belogue\/wp-json\/wp\/v2\/tags?post=21336"}],"curies":[{"name":"wp","href":"https:\/\/api.w.org\/{rel}","templated":true}]}}