{"id":21327,"date":"2013-07-16T12:39:54","date_gmt":"2013-07-16T10:39:54","guid":{"rendered":"http:\/\/www.wallendorff.com\/?p=21327"},"modified":"2013-07-16T12:44:39","modified_gmt":"2013-07-16T10:44:39","slug":"il-tabsout-des-bancs-bouees-si-elle-nhume-air-au-loin","status":"publish","type":"post","link":"https:\/\/www.wallendorff.com\/belogue\/2013\/07\/16\/il-tabsout-des-bancs-bouees-si-elle-nhume-air-au-loin\/","title":{"rendered":"Il t&rsquo;absout des bancs-bou\u00e9es, si elle n&rsquo;hume air au loin."},"content":{"rendered":"\n<div id=\"photo\">\n<p><img decoding=\"async\" src=\"https:\/\/www.wallendorff.com\/belogue\/photo\/2013\/07\/20130716.jpg\"><br \/>\nGalerie Victor-Emmanuel-II, Milan, 30 mai.<\/p>\n<\/p><\/div>\n<div id=\"bandeson\">\n<p><img decoding=\"async\" src=\"https:\/\/www.wallendorff.com\/belogue\/photo\/pochettes\/b\/big_scary-not_art.jpg\" align=\"left\" \/><a style=\"font-weight:normal\" id=\"lienmp3\" href=\"http:\/\/www.youtube.com\/watch?v=K_EjSuYWzxA\"><em>Luck Now<\/em><\/a><br \/>\n<a href=\"http:\/\/www.bigscary.net\/\">Big Scary<\/a><\/p>\n<\/p><\/div>\n","protected":false},"excerpt":{"rendered":"<p>Galerie Victor-Emmanuel-II, Milan, 30 mai. Luck Now Big Scary<\/p>\n","protected":false},"author":1,"featured_media":26615,"comment_status":"open","ping_status":"open","sticky":false,"template":"","format":"standard","meta":{"_acf_changed":false,"ngg_post_thumbnail":0,"jetpack_post_was_ever_published":false,"_jetpack_newsletter_access":"","_jetpack_dont_email_post_to_subs":false,"_jetpack_newsletter_tier_id":0,"_jetpack_memberships_contains_paywalled_content":false,"_jetpack_memberships_contains_paid_content":false,"footnotes":"","jetpack_publicize_message":"","jetpack_publicize_feature_enabled":true,"jetpack_social_post_already_shared":true,"jetpack_social_options":{"image_generator_settings":{"template":"highway","default_image_id":0,"font":"","enabled":false},"version":2}},"categories":[3],"tags":[7837,1016,6766,1243,10500,10629,7835,11339,11485,7838,11486,10416,10377,11488,10627,10261],"class_list":["post-21327","post","type-post","status-publish","format-standard","has-post-thumbnail","hentry","category-dpc","tag-big-scary","tag-ef-15-mm-f28-fisheye","tag-eos-5d-mark-iii","tag-carre","tag-contre-plongee","tag-galerie","tag-galerie-victor-emmanuel-ii","tag-italie","tag-lombardie","tag-luck-now","tag-milan","tag-passage","tag-plafond","tag-province-de-milan","tag-verriere","tag-voute"],"acf":[],"geo":{"latitude":45.4656067,"longitude":9.1898813,"description":"Santa Margherita, Lombardia, 20851, IT"},"jetpack_publicize_connections":[],"jetpack_featured_media_url":"https:\/\/www.wallendorff.com\/belogue\/wp-content\/uploads\/2015\/04\/201307161.jpg","jetpack_shortlink":"https:\/\/wp.me\/p3b35P-5xZ","jetpack_sharing_enabled":true,"jetpack-related-posts":[{"id":21357,"url":"https:\/\/www.wallendorff.com\/belogue\/2013\/07\/30\/into-the-wide-12\/","url_meta":{"origin":21327,"position":0},"title":"Into the wide #12.","author":"dpc","date":"30 juillet 2013","format":false,"excerpt":"Galerie Victor-Emmanuel-II, Milan, 30 mai. Surf City (revisited) The Black Angels","rel":"","context":"Dans &quot;Into the wide&quot;","block_context":{"text":"Into the wide","link":"https:\/\/www.wallendorff.com\/belogue\/category\/into-the-wide\/"},"img":{"alt_text":"","src":"https:\/\/i0.wp.com\/www.wallendorff.com\/belogue\/wp-content\/uploads\/2015\/04\/201307301.jpg?resize=350%2C200&ssl=1","width":350,"height":200,"srcset":"https:\/\/i0.wp.com\/www.wallendorff.com\/belogue\/wp-content\/uploads\/2015\/04\/201307301.jpg?resize=350%2C200&ssl=1 1x, https:\/\/i0.wp.com\/www.wallendorff.com\/belogue\/wp-content\/uploads\/2015\/04\/201307301.jpg?resize=525%2C300&ssl=1 1.5x, https:\/\/i0.wp.com\/www.wallendorff.com\/belogue\/wp-content\/uploads\/2015\/04\/201307301.jpg?resize=700%2C400&ssl=1 2x"},"classes":[]},{"id":9760,"url":"https:\/\/www.wallendorff.com\/belogue\/2010\/11\/07\/galerie-degueulasse\/","url_meta":{"origin":21327,"position":1},"title":"Galerie d\u00e9g[ueu]lasse.","author":"dpc","date":"7 novembre 2010","format":false,"excerpt":"M\u00e5rten Trotzigs Gr\u00e4nd, Stockholm, 29 ao\u00fbt. [Oui bon j'exag\u00e8re un peu, d'accord.] The Dead Weather \u2013 I Can't Hear You","rel":"","context":"Dans &quot;DPC&quot;","block_context":{"text":"DPC","link":"https:\/\/www.wallendorff.com\/belogue\/category\/dpc\/"},"img":{"alt_text":"","src":"https:\/\/i0.wp.com\/www.wallendorff.com\/belogue\/wp-content\/uploads\/2015\/04\/201011071.jpg?resize=350%2C200&ssl=1","width":350,"height":200},"classes":[]},{"id":22843,"url":"https:\/\/www.wallendorff.com\/belogue\/2014\/06\/02\/10-ans-le-nez-en-lair\/","url_meta":{"origin":21327,"position":2},"title":"10 ans le nez en l&rsquo;air.","author":"dpc","date":"2 juin 2014","format":false,"excerpt":"Dix ans le nez en l'air. dix ans \u00e0 regarder en haut, chercher des centres et des sym\u00e9tries. Dix ans \u00e0 s'agenouiller le plus bas possible pour gagner du champ et viser de plus en plus haut, jusqu'\u00e0 la verticale. Et dix ans de torticolis, aussi. Vois l'ath\u00e9e. Main Street,\u2026","rel":"","context":"Dans &quot;DPC&quot;","block_context":{"text":"DPC","link":"https:\/\/www.wallendorff.com\/belogue\/category\/dpc\/"},"img":{"alt_text":"","src":"https:\/\/i0.wp.com\/www.wallendorff.com\/belogue\/wp-content\/uploads\/2015\/04\/200910123.jpg?resize=350%2C200&ssl=1","width":350,"height":200,"srcset":"https:\/\/i0.wp.com\/www.wallendorff.com\/belogue\/wp-content\/uploads\/2015\/04\/200910123.jpg?resize=350%2C200&ssl=1 1x, https:\/\/i0.wp.com\/www.wallendorff.com\/belogue\/wp-content\/uploads\/2015\/04\/200910123.jpg?resize=525%2C300&ssl=1 1.5x, https:\/\/i0.wp.com\/www.wallendorff.com\/belogue\/wp-content\/uploads\/2015\/04\/200910123.jpg?resize=700%2C400&ssl=1 2x"},"classes":[]},{"id":9864,"url":"https:\/\/www.wallendorff.com\/belogue\/2010\/11\/28\/du-hall-denomme\/","url_meta":{"origin":21327,"position":3},"title":"Du hall [d\u00e9nomme].","author":"dpc","date":"28 novembre 2010","format":false,"excerpt":"Galerie Vivienne, Paris, 18 septembre. [On avait dit et redit et reredit et rereredit que... bref.] The Black Angels \u2013 Entrance Song","rel":"","context":"Dans &quot;DPC&quot;","block_context":{"text":"DPC","link":"https:\/\/www.wallendorff.com\/belogue\/category\/dpc\/"},"img":{"alt_text":"","src":"https:\/\/i0.wp.com\/www.wallendorff.com\/belogue\/wp-content\/uploads\/2015\/04\/201011281.jpg?resize=350%2C200&ssl=1","width":350,"height":200,"srcset":"https:\/\/i0.wp.com\/www.wallendorff.com\/belogue\/wp-content\/uploads\/2015\/04\/201011281.jpg?resize=350%2C200&ssl=1 1x, https:\/\/i0.wp.com\/www.wallendorff.com\/belogue\/wp-content\/uploads\/2015\/04\/201011281.jpg?resize=525%2C300&ssl=1 1.5x, https:\/\/i0.wp.com\/www.wallendorff.com\/belogue\/wp-content\/uploads\/2015\/04\/201011281.jpg?resize=700%2C400&ssl=1 2x"},"classes":[]},{"id":3853,"url":"https:\/\/www.wallendorff.com\/belogue\/2009\/01\/30\/et-des-livraie-nous-dumes-halles\/","url_meta":{"origin":21327,"position":4},"title":"Et d\u00e8s l&rsquo;ivraie nous d\u00fbmes halles.","author":"dpc","date":"30 janvier 2009","format":false,"excerpt":"Galerie V\u00e9ro-Dodat, Paris, 4 janvier. \u00a0CSS \u2013 Jager Yoga Yeah yeah yeah.","rel":"","context":"Dans &quot;DPC&quot;","block_context":{"text":"DPC","link":"https:\/\/www.wallendorff.com\/belogue\/category\/dpc\/"},"img":{"alt_text":"","src":"https:\/\/i0.wp.com\/www.wallendorff.com\/belogue\/wp-content\/uploads\/2015\/04\/200901301.jpg?resize=350%2C200&ssl=1","width":350,"height":200},"classes":[]},{"id":3851,"url":"https:\/\/www.wallendorff.com\/belogue\/2009\/01\/29\/les-bons-cons-te-font-les-bons-ennemis\/","url_meta":{"origin":21327,"position":5},"title":"Les bons cons te font les bons ennemis.","author":"dpc","date":"29 janvier 2009","format":false,"excerpt":"Galerie Vivienne, Paris, 4 janvier. Allez, il fait beau, y a des lapins dans la for\u00eat et de la joie dans l'herbe, alors chantons tous en ch\u0153ur\u00a0: The Mae-Shi \u2013 Divine Harvest","rel":"","context":"Dans &quot;DPC&quot;","block_context":{"text":"DPC","link":"https:\/\/www.wallendorff.com\/belogue\/category\/dpc\/"},"img":{"alt_text":"","src":"https:\/\/i0.wp.com\/www.wallendorff.com\/belogue\/wp-content\/uploads\/2015\/04\/200901291.jpg?resize=350%2C200&ssl=1","width":350,"height":200},"classes":[]}],"_links":{"self":[{"href":"https:\/\/www.wallendorff.com\/belogue\/wp-json\/wp\/v2\/posts\/21327","targetHints":{"allow":["GET"]}}],"collection":[{"href":"https:\/\/www.wallendorff.com\/belogue\/wp-json\/wp\/v2\/posts"}],"about":[{"href":"https:\/\/www.wallendorff.com\/belogue\/wp-json\/wp\/v2\/types\/post"}],"author":[{"embeddable":true,"href":"https:\/\/www.wallendorff.com\/belogue\/wp-json\/wp\/v2\/users\/1"}],"replies":[{"embeddable":true,"href":"https:\/\/www.wallendorff.com\/belogue\/wp-json\/wp\/v2\/comments?post=21327"}],"version-history":[{"count":4,"href":"https:\/\/www.wallendorff.com\/belogue\/wp-json\/wp\/v2\/posts\/21327\/revisions"}],"predecessor-version":[{"id":21331,"href":"https:\/\/www.wallendorff.com\/belogue\/wp-json\/wp\/v2\/posts\/21327\/revisions\/21331"}],"wp:featuredmedia":[{"embeddable":true,"href":"https:\/\/www.wallendorff.com\/belogue\/wp-json\/wp\/v2\/media\/26615"}],"wp:attachment":[{"href":"https:\/\/www.wallendorff.com\/belogue\/wp-json\/wp\/v2\/media?parent=21327"}],"wp:term":[{"taxonomy":"category","embeddable":true,"href":"https:\/\/www.wallendorff.com\/belogue\/wp-json\/wp\/v2\/categories?post=21327"},{"taxonomy":"post_tag","embeddable":true,"href":"https:\/\/www.wallendorff.com\/belogue\/wp-json\/wp\/v2\/tags?post=21327"}],"curies":[{"name":"wp","href":"https:\/\/api.w.org\/{rel}","templated":true}]}}