{"id":21264,"date":"2013-07-08T15:03:29","date_gmt":"2013-07-08T13:03:29","guid":{"rendered":"http:\/\/www.wallendorff.com\/?p=21264"},"modified":"2021-07-25T14:03:26","modified_gmt":"2021-07-25T12:03:26","slug":"les-eurockeennes-belfort-4-7-juillet","status":"publish","type":"post","link":"https:\/\/www.wallendorff.com\/belogue\/2013\/07\/08\/les-eurockeennes-belfort-4-7-juillet\/","title":{"rendered":"Les Eurock\u00e9ennes, Belfort, 4-7 juillet."},"content":{"rendered":"<div id=\"photo\">\n<p><img decoding=\"async\" src=\"https:\/\/www.wallendorff.com\/belogue\/photo\/2013\/07\/20130708.jpg\"><br \/>\nLes Eurock\u00e9ennes, Belfort, 7 juillet.<\/p>\n<\/div>\n<p style=\"text-align:right\">Parce qu&rsquo;il faut savoir faire \u00e9voluer la <a href=\"https:\/\/www.wallendorff.com\/belogue\/2012\/07\/02\/main-square-festival-arras-29-juin-1er-juillet\/\">tradition<\/a>&#8211;<a href=\"https:\/\/www.wallendorff.com\/belogue\/2011\/07\/04\/main-square-festival-arras-1er-3-juillet\/\">tion<\/a>&#8211;<a href=\"https:\/\/www.wallendorff.com\/belogue\/2010\/07\/05\/main-square-festival-arras-2-4-juillet\/\">tion<\/a>&#8211;<a href=\"https:\/\/www.wallendorff.com\/belogue\/2008\/07\/07\/main-square-festival-arras-5-6-juillet\/\">tion<\/a>.<\/p>\n<p style=\"text-align:right\">Ma 7<sup>e<\/sup> \u00e9dition, de loin la meilleure. Youpi.<\/p>\n<div id=\"bandeson\">\n<p><img decoding=\"async\" src=\"https:\/\/www.wallendorff.com\/belogue\/photo\/pochettes\/f\/franz_ferdinand-right_thoughts_right_words_right_action.jpg\" align=\"left\"><a style=\"font-weight:normal\" id=\"lienmp3\" href=\"http:\/\/www.youtube.com\/watch?v=JPsKw0wV2Qo\"><em>Right Action<\/em><\/a><br \/>\n<a href=\"http:\/\/www.franzferdinand.co.uk\/\">Franz Ferdinand<\/a><\/p>\n<\/div>\n","protected":false},"excerpt":{"rendered":"<p>Les Eurock\u00e9ennes, Belfort, 7 juillet. Parce qu&rsquo;il faut savoir faire \u00e9voluer la tradition&#8211;tion&#8211;tion&#8211;tion. Ma 7e \u00e9dition, de loin la meilleure. Youpi. Right Action Franz Ferdinand<\/p>\n","protected":false},"author":1,"featured_media":49056,"comment_status":"open","ping_status":"open","sticky":false,"template":"","format":"standard","meta":{"_acf_changed":false,"ngg_post_thumbnail":0,"jetpack_post_was_ever_published":false,"_jetpack_newsletter_access":"","_jetpack_dont_email_post_to_subs":false,"_jetpack_newsletter_tier_id":0,"_jetpack_memberships_contains_paywalled_content":false,"_jetpack_memberships_contains_paid_content":false,"footnotes":"","jetpack_publicize_message":"","jetpack_publicize_feature_enabled":true,"jetpack_social_post_already_shared":true,"jetpack_social_options":{"image_generator_settings":{"template":"highway","default_image_id":0,"font":"","enabled":false},"version":2}},"categories":[7],"tags":[11281,10084,11310,10110,1016,6766,10109,11549,10136,10120,10296,449,143,10295],"class_list":["post-21264","post","type-post","status-publish","format-standard","has-post-thumbnail","hentry","category-alive","tag-11281","tag-alive","tag-autoportrait","tag-belfort","tag-ef-15-mm-f28-fisheye","tag-eos-5d-mark-iii","tag-eurockeennes","tag-eurockeennes-2013","tag-festival","tag-france","tag-franche-comte","tag-moi","tag-noir-et-blanc","tag-territoire-de-belfort"],"acf":[],"geo":{"latitude":47.6851463,"longitude":6.8091631,"description":"Chemin de Cramenuz, 90300 Sermamagny, France"},"jetpack_publicize_connections":[],"jetpack_featured_media_url":"https:\/\/www.wallendorff.com\/belogue\/wp-content\/uploads\/2017\/07\/20130708.jpg","jetpack_shortlink":"https:\/\/wp.me\/p3b35P-5wY","jetpack_sharing_enabled":true,"jetpack-related-posts":[{"id":132766,"url":"https:\/\/www.wallendorff.com\/belogue\/2025\/07\/09\/les-eurockeennes-belfort-3-6-juillet-2025\/","url_meta":{"origin":21264,"position":0},"title":"Les Eurock\u00e9ennes, Belfort, 3 \u2013 6 juillet 2025.","author":"dpc","date":"9 juillet 2025","format":false,"excerpt":"Parce que je suis \u00e0 un homme de tradition - tion-tion-tion-tion-tion-tion-tion-tion-tion-tion-tion-tion-tion-tion-tion. \u00c0 l'ann\u00e9e prochaine\u00a0? It's Better People Oasis","rel":"","context":"Dans &quot;Alive&quot;","block_context":{"text":"Alive","link":"https:\/\/www.wallendorff.com\/belogue\/category\/alive\/"},"img":{"alt_text":"","src":"https:\/\/i0.wp.com\/www.wallendorff.com\/belogue\/wp-content\/uploads\/2025\/07\/20250709.jpg?resize=350%2C200&ssl=1","width":350,"height":200,"srcset":"https:\/\/i0.wp.com\/www.wallendorff.com\/belogue\/wp-content\/uploads\/2025\/07\/20250709.jpg?resize=350%2C200&ssl=1 1x, https:\/\/i0.wp.com\/www.wallendorff.com\/belogue\/wp-content\/uploads\/2025\/07\/20250709.jpg?resize=525%2C300&ssl=1 1.5x, https:\/\/i0.wp.com\/www.wallendorff.com\/belogue\/wp-content\/uploads\/2025\/07\/20250709.jpg?resize=700%2C400&ssl=1 2x, https:\/\/i0.wp.com\/www.wallendorff.com\/belogue\/wp-content\/uploads\/2025\/07\/20250709.jpg?resize=1050%2C600&ssl=1 3x"},"classes":[]},{"id":129219,"url":"https:\/\/www.wallendorff.com\/belogue\/2024\/07\/09\/les-eurockeennes-belfort-4-6-juillet-2024\/","url_meta":{"origin":21264,"position":1},"title":"Les Eurock\u00e9ennes, Belfort, 4 \u2013 6 juillet 2024.","author":"dpc","date":"9 juillet 2024","format":false,"excerpt":"Parce que je suis \u00e0 un homme de tradition-tion-tion-tion-tion-tion-tion-tion-tion-tion-tion-tion-tion-tion-tion. \u00c0 l'ann\u00e9e prochaine\u00a0? It's Better People Oasis","rel":"","context":"Dans &quot;Alive&quot;","block_context":{"text":"Alive","link":"https:\/\/www.wallendorff.com\/belogue\/category\/alive\/"},"img":{"alt_text":"","src":"https:\/\/i0.wp.com\/www.wallendorff.com\/belogue\/wp-content\/uploads\/2024\/07\/20240709.jpg?resize=350%2C200&ssl=1","width":350,"height":200,"srcset":"https:\/\/i0.wp.com\/www.wallendorff.com\/belogue\/wp-content\/uploads\/2024\/07\/20240709.jpg?resize=350%2C200&ssl=1 1x, https:\/\/i0.wp.com\/www.wallendorff.com\/belogue\/wp-content\/uploads\/2024\/07\/20240709.jpg?resize=525%2C300&ssl=1 1.5x, https:\/\/i0.wp.com\/www.wallendorff.com\/belogue\/wp-content\/uploads\/2024\/07\/20240709.jpg?resize=700%2C400&ssl=1 2x, https:\/\/i0.wp.com\/www.wallendorff.com\/belogue\/wp-content\/uploads\/2024\/07\/20240709.jpg?resize=1050%2C600&ssl=1 3x"},"classes":[]},{"id":125173,"url":"https:\/\/www.wallendorff.com\/belogue\/2023\/07\/04\/les-eurockeennes-belfort-29-juin-2-juillet-2023\/","url_meta":{"origin":21264,"position":2},"title":"Les Eurock\u00e9ennes, Belfort, 29 juin \u2013 2 juillet 2023.","author":"dpc","date":"4 juillet 2023","format":false,"excerpt":"Parce que je suis \u00e0 un homme de tradition-tion-tion-tion-tion-tion-tion-tion-tion-tion-tion-tion-tion-tion. \u00c0 l'ann\u00e9e prochaine pour \u2013\u00a0esp\u00e9rons-le, en tout cas\u00a0\u2013 un retour \u00e0 la normale. It's Better People Oasis","rel":"","context":"Dans &quot;Alive&quot;","block_context":{"text":"Alive","link":"https:\/\/www.wallendorff.com\/belogue\/category\/alive\/"},"img":{"alt_text":"","src":"https:\/\/i0.wp.com\/www.wallendorff.com\/belogue\/wp-content\/uploads\/2023\/07\/20230704.jpg?resize=350%2C200&ssl=1","width":350,"height":200,"srcset":"https:\/\/i0.wp.com\/www.wallendorff.com\/belogue\/wp-content\/uploads\/2023\/07\/20230704.jpg?resize=350%2C200&ssl=1 1x, https:\/\/i0.wp.com\/www.wallendorff.com\/belogue\/wp-content\/uploads\/2023\/07\/20230704.jpg?resize=525%2C300&ssl=1 1.5x, https:\/\/i0.wp.com\/www.wallendorff.com\/belogue\/wp-content\/uploads\/2023\/07\/20230704.jpg?resize=700%2C400&ssl=1 2x, https:\/\/i0.wp.com\/www.wallendorff.com\/belogue\/wp-content\/uploads\/2023\/07\/20230704.jpg?resize=1050%2C600&ssl=1 3x"},"classes":[]},{"id":31310,"url":"https:\/\/www.wallendorff.com\/belogue\/2016\/07\/04\/les-eurockeennes-belfort-1er-3-juillet\/","url_meta":{"origin":21264,"position":3},"title":"Les Eurock\u00e9ennes, Belfort, 1er \u2013 3 juillet.","author":"dpc","date":"4 juillet 2016","format":false,"excerpt":"Parce que je suis un homme de tradition-tion-tion-tion-tion-tion-tion. La suite vient bient\u00f4t. No Good Kaleo","rel":"","context":"Dans &quot;Alive&quot;","block_context":{"text":"Alive","link":"https:\/\/www.wallendorff.com\/belogue\/category\/alive\/"},"img":{"alt_text":"","src":"https:\/\/i0.wp.com\/www.wallendorff.com\/belogue\/wp-content\/uploads\/2017\/07\/20160704.jpg?resize=350%2C200&ssl=1","width":350,"height":200,"srcset":"https:\/\/i0.wp.com\/www.wallendorff.com\/belogue\/wp-content\/uploads\/2017\/07\/20160704.jpg?resize=350%2C200&ssl=1 1x, https:\/\/i0.wp.com\/www.wallendorff.com\/belogue\/wp-content\/uploads\/2017\/07\/20160704.jpg?resize=525%2C300&ssl=1 1.5x, https:\/\/i0.wp.com\/www.wallendorff.com\/belogue\/wp-content\/uploads\/2017\/07\/20160704.jpg?resize=700%2C400&ssl=1 2x, https:\/\/i0.wp.com\/www.wallendorff.com\/belogue\/wp-content\/uploads\/2017\/07\/20160704.jpg?resize=1050%2C600&ssl=1 3x"},"classes":[]},{"id":23148,"url":"https:\/\/www.wallendorff.com\/belogue\/2014\/07\/08\/les-eurockeennes-belfort-4-6-juillet\/","url_meta":{"origin":21264,"position":4},"title":"Les Eurock\u00e9ennes, Belfort, 4-6 juillet.","author":"dpc","date":"8 juillet 2014","format":false,"excerpt":"Les Eurock\u00e9ennes, Belfort, 5 juillet. Parce que je suis un homme de tradition-tion-tion-tion-tion. Les autres photos suivront. I Don't Know You Anymore Bob Mould","rel":"","context":"Dans &quot;Alive&quot;","block_context":{"text":"Alive","link":"https:\/\/www.wallendorff.com\/belogue\/category\/alive\/"},"img":{"alt_text":"","src":"https:\/\/i0.wp.com\/www.wallendorff.com\/belogue\/wp-content\/uploads\/2017\/07\/20140708.jpg?resize=350%2C200&ssl=1","width":350,"height":200,"srcset":"https:\/\/i0.wp.com\/www.wallendorff.com\/belogue\/wp-content\/uploads\/2017\/07\/20140708.jpg?resize=350%2C200&ssl=1 1x, https:\/\/i0.wp.com\/www.wallendorff.com\/belogue\/wp-content\/uploads\/2017\/07\/20140708.jpg?resize=525%2C300&ssl=1 1.5x, https:\/\/i0.wp.com\/www.wallendorff.com\/belogue\/wp-content\/uploads\/2017\/07\/20140708.jpg?resize=700%2C400&ssl=1 2x, https:\/\/i0.wp.com\/www.wallendorff.com\/belogue\/wp-content\/uploads\/2017\/07\/20140708.jpg?resize=1050%2C600&ssl=1 3x"},"classes":[]},{"id":27957,"url":"https:\/\/www.wallendorff.com\/belogue\/2015\/07\/06\/les-eurockeennes-belfort-3-5-juillet\/","url_meta":{"origin":21264,"position":5},"title":"Les Eurock\u00e9ennes, Belfort, 3-5 juillet.","author":"dpc","date":"6 juillet 2015","format":false,"excerpt":"Parce que je suis un homme de tradition-tion-tion-tion-tion-tion. La suite viendra vite. Love and Leave It Alone Royal Blood","rel":"","context":"Dans &quot;Alive&quot;","block_context":{"text":"Alive","link":"https:\/\/www.wallendorff.com\/belogue\/category\/alive\/"},"img":{"alt_text":"","src":"https:\/\/i0.wp.com\/www.wallendorff.com\/belogue\/wp-content\/uploads\/2017\/07\/20150706.jpg?resize=350%2C200&ssl=1","width":350,"height":200,"srcset":"https:\/\/i0.wp.com\/www.wallendorff.com\/belogue\/wp-content\/uploads\/2017\/07\/20150706.jpg?resize=350%2C200&ssl=1 1x, https:\/\/i0.wp.com\/www.wallendorff.com\/belogue\/wp-content\/uploads\/2017\/07\/20150706.jpg?resize=525%2C300&ssl=1 1.5x, https:\/\/i0.wp.com\/www.wallendorff.com\/belogue\/wp-content\/uploads\/2017\/07\/20150706.jpg?resize=700%2C400&ssl=1 2x, https:\/\/i0.wp.com\/www.wallendorff.com\/belogue\/wp-content\/uploads\/2017\/07\/20150706.jpg?resize=1050%2C600&ssl=1 3x"},"classes":[]}],"_links":{"self":[{"href":"https:\/\/www.wallendorff.com\/belogue\/wp-json\/wp\/v2\/posts\/21264","targetHints":{"allow":["GET"]}}],"collection":[{"href":"https:\/\/www.wallendorff.com\/belogue\/wp-json\/wp\/v2\/posts"}],"about":[{"href":"https:\/\/www.wallendorff.com\/belogue\/wp-json\/wp\/v2\/types\/post"}],"author":[{"embeddable":true,"href":"https:\/\/www.wallendorff.com\/belogue\/wp-json\/wp\/v2\/users\/1"}],"replies":[{"embeddable":true,"href":"https:\/\/www.wallendorff.com\/belogue\/wp-json\/wp\/v2\/comments?post=21264"}],"version-history":[{"count":5,"href":"https:\/\/www.wallendorff.com\/belogue\/wp-json\/wp\/v2\/posts\/21264\/revisions"}],"predecessor-version":[{"id":49068,"href":"https:\/\/www.wallendorff.com\/belogue\/wp-json\/wp\/v2\/posts\/21264\/revisions\/49068"}],"wp:featuredmedia":[{"embeddable":true,"href":"https:\/\/www.wallendorff.com\/belogue\/wp-json\/wp\/v2\/media\/49056"}],"wp:attachment":[{"href":"https:\/\/www.wallendorff.com\/belogue\/wp-json\/wp\/v2\/media?parent=21264"}],"wp:term":[{"taxonomy":"category","embeddable":true,"href":"https:\/\/www.wallendorff.com\/belogue\/wp-json\/wp\/v2\/categories?post=21264"},{"taxonomy":"post_tag","embeddable":true,"href":"https:\/\/www.wallendorff.com\/belogue\/wp-json\/wp\/v2\/tags?post=21264"}],"curies":[{"name":"wp","href":"https:\/\/api.w.org\/{rel}","templated":true}]}}