{"id":21228,"date":"2013-07-02T10:51:08","date_gmt":"2013-07-02T08:51:08","guid":{"rendered":"http:\/\/www.wallendorff.com\/?p=21228"},"modified":"2013-12-27T15:53:17","modified_gmt":"2013-12-27T13:53:17","slug":"les-dix-oscars","status":"publish","type":"post","link":"https:\/\/www.wallendorff.com\/belogue\/2013\/07\/02\/les-dix-oscars\/","title":{"rendered":"Les dix oscars."},"content":{"rendered":"\n<div id=\"photo\">\n<p><img decoding=\"async\" src=\"https:\/\/www.wallendorff.com\/belogue\/photo\/2013\/07\/20130701.jpg\"><br \/>\nPiazza del Duomo, Milan, 30 mai.<\/p>\n<\/p><\/div>\n<div id=\"bandeson\">\n<p><img decoding=\"async\" src=\"https:\/\/www.wallendorff.com\/belogue\/photo\/pochettes\/e\/editors-a_ton_of_love.jpg\" align=\"left\" \/><em>The Sting<\/em><br \/>\n<a href=\"http:\/\/www.editorsofficial.com\/\">Editors<\/a><br \/>\n<object width=\"200px\" height=\"80\" style=\"margin-left:200px;margin-top:-50px\"><param value=\"http:\/\/player.soundcloud.com\/player.swf?url=http%3A%2F%2Fapi.soundcloud.com%2Ftracks%2F95516984&amp;g=1&amp;color=ff6600&amp;auto_play=false&amp;show_artwork=false\" name=\"movie\"><\/object><\/p>\n<\/p><\/div>\n","protected":false},"excerpt":{"rendered":"<p>Piazza del Duomo, Milan, 30 mai. The Sting Editors<\/p>\n","protected":false},"author":1,"featured_media":26585,"comment_status":"open","ping_status":"open","sticky":false,"template":"","format":"standard","meta":{"_acf_changed":false,"ngg_post_thumbnail":0,"jetpack_post_was_ever_published":false,"_jetpack_newsletter_access":"","_jetpack_dont_email_post_to_subs":false,"_jetpack_newsletter_tier_id":0,"_jetpack_memberships_contains_paywalled_content":false,"_jetpack_memberships_contains_paid_content":false,"footnotes":"","jetpack_publicize_message":"","jetpack_publicize_feature_enabled":true,"jetpack_social_post_already_shared":true,"jetpack_social_options":{"image_generator_settings":{"template":"highway","default_image_id":0,"font":"","enabled":false},"version":2}},"categories":[3],"tags":[6766,10743,11495,10144,10246,10337,10238,11339,11485,11486,143,10599,11487,11488,170,10407,10227,7763,8263,10596,10851],"class_list":["post-21228","post","type-post","status-publish","format-standard","has-post-thumbnail","hentry","category-dpc","tag-eos-5d-mark-iii","tag-cathedrale","tag-cathedrale-de-la-nativite-de-la-sainte-vierge","tag-ciel","tag-contre-jour","tag-editors","tag-eglise","tag-italie","tag-lombardie","tag-milan","tag-noir-et-blanc","tag-nuage","tag-piazza-del-duomo","tag-province-de-milan","tag-sigma-70-300-mm-f4-56-dg-apo-macro","tag-silhouette","tag-statue","tag-the-sting","tag-the-weight-of-your-love","tag-toit","tag-tour"],"acf":[],"geo":{"latitude":45.4642029,"longitude":9.1896715,"description":"Milano, Lombardia, 20131, IT"},"jetpack_publicize_connections":[],"jetpack_featured_media_url":"https:\/\/www.wallendorff.com\/belogue\/wp-content\/uploads\/2015\/04\/20130701.jpg","jetpack_shortlink":"https:\/\/wp.me\/p3b35P-5wo","jetpack_sharing_enabled":true,"jetpack-related-posts":[{"id":21098,"url":"https:\/\/www.wallendorff.com\/belogue\/2013\/05\/31\/mai-2013\/","url_meta":{"origin":21228,"position":0},"title":"Mai 2013.","author":"dpc","date":"31 mai 2013","format":false,"excerpt":"5 titres Bibio \u2013 \u00c0 tout \u00e0 l'heure The Rumour Said Fire \u2013 The Oracle Vampire Weekend \u2013 Diane Young Empire of the Sun \u2013 Alive Editors \u2013 A Ton of Love Albums Hanni El Khatib \u2013 Head in the Dirt BRNS \u2013 Wounded Crystal Fighters \u2013 Cave Rave Vampire\u2026","rel":"","context":"Dans &quot;Blog-note&quot;","block_context":{"text":"Blog-note","link":"https:\/\/www.wallendorff.com\/belogue\/category\/blog-note\/"},"img":{"alt_text":"","src":"https:\/\/i0.wp.com\/www.wallendorff.com\/belogue\/wp-content\/uploads\/2015\/04\/20130531-571.jpg?resize=350%2C200&ssl=1","width":350,"height":200,"srcset":"https:\/\/i0.wp.com\/www.wallendorff.com\/belogue\/wp-content\/uploads\/2015\/04\/20130531-571.jpg?resize=350%2C200&ssl=1 1x, https:\/\/i0.wp.com\/www.wallendorff.com\/belogue\/wp-content\/uploads\/2015\/04\/20130531-571.jpg?resize=525%2C300&ssl=1 1.5x, https:\/\/i0.wp.com\/www.wallendorff.com\/belogue\/wp-content\/uploads\/2015\/04\/20130531-571.jpg?resize=700%2C400&ssl=1 2x"},"classes":[]},{"id":21336,"url":"https:\/\/www.wallendorff.com\/belogue\/2013\/07\/18\/into-the-wide-11\/","url_meta":{"origin":21228,"position":1},"title":"Into the wide #11.","author":"dpc","date":"18 juillet 2013","format":false,"excerpt":"D\u00f4me de Milan, 30 mai. Sugar Editors","rel":"","context":"Dans &quot;Into the wide&quot;","block_context":{"text":"Into the wide","link":"https:\/\/www.wallendorff.com\/belogue\/category\/into-the-wide\/"},"img":{"alt_text":"","src":"https:\/\/i0.wp.com\/www.wallendorff.com\/belogue\/wp-content\/uploads\/2015\/04\/201307181.jpg?resize=350%2C200&ssl=1","width":350,"height":200,"srcset":"https:\/\/i0.wp.com\/www.wallendorff.com\/belogue\/wp-content\/uploads\/2015\/04\/201307181.jpg?resize=350%2C200&ssl=1 1x, https:\/\/i0.wp.com\/www.wallendorff.com\/belogue\/wp-content\/uploads\/2015\/04\/201307181.jpg?resize=525%2C300&ssl=1 1.5x, https:\/\/i0.wp.com\/www.wallendorff.com\/belogue\/wp-content\/uploads\/2015\/04\/201307181.jpg?resize=700%2C400&ssl=1 2x"},"classes":[]},{"id":7725,"url":"https:\/\/www.wallendorff.com\/belogue\/2010\/06\/18\/lapereau-sur-les-os\/","url_meta":{"origin":21228,"position":2},"title":"Lapereau [sur les os].","author":"dpc","date":"18 juin 2010","format":false,"excerpt":"Cimeti\u00e8re du Montparnasse, Paris, 15 mai. Ahah comment je suis grave pertinent du titre aujourd'hui, trop guet's. \u00a0Ash \u2013 Gallows Hill","rel":"","context":"Dans &quot;DPC&quot;","block_context":{"text":"DPC","link":"https:\/\/www.wallendorff.com\/belogue\/category\/dpc\/"},"img":{"alt_text":"","src":"https:\/\/i0.wp.com\/www.wallendorff.com\/belogue\/wp-content\/uploads\/2015\/04\/201006181.jpg?resize=350%2C200&ssl=1","width":350,"height":200},"classes":[]},{"id":7792,"url":"https:\/\/www.wallendorff.com\/belogue\/2010\/07\/02\/tranxene-de-le-matin\/","url_meta":{"origin":21228,"position":3},"title":"Tranx\u00e8ne de le matin.","author":"dpc","date":"2 juillet 2010","format":false,"excerpt":"Esplanade, Metz, 23 mai. Y a des anniversaires qu'il vaut mieux aller passer ailleurs. \u00a0 Und jetzt, nach Arras. \u00a0Crystal Fighters \u2013 In the Summer","rel":"","context":"Dans &quot;DPC&quot;","block_context":{"text":"DPC","link":"https:\/\/www.wallendorff.com\/belogue\/category\/dpc\/"},"img":{"alt_text":"","src":"https:\/\/i0.wp.com\/www.wallendorff.com\/belogue\/wp-content\/uploads\/2015\/04\/201007021.jpg?resize=350%2C200&ssl=1","width":350,"height":200},"classes":[]},{"id":7716,"url":"https:\/\/www.wallendorff.com\/belogue\/2010\/06\/16\/sources-mal-laissees\/","url_meta":{"origin":21228,"position":4},"title":"Sources mal laiss\u00e9es.","author":"dpc","date":"16 juin 2010","format":false,"excerpt":"Rue Michel-le-Comte, Paris, 8 mai. Ce Japandroids-l\u00e0 tabasse, \u00e9coutez-le, c'est tout. \u00a0Japandroids \u2013 Younger Us","rel":"","context":"Dans &quot;DPC&quot;","block_context":{"text":"DPC","link":"https:\/\/www.wallendorff.com\/belogue\/category\/dpc\/"},"img":{"alt_text":"","src":"https:\/\/i0.wp.com\/www.wallendorff.com\/belogue\/wp-content\/uploads\/2015\/04\/201006161.jpg?resize=350%2C200&ssl=1","width":350,"height":200},"classes":[]},{"id":7705,"url":"https:\/\/www.wallendorff.com\/belogue\/2010\/06\/14\/shooting-people-71\/","url_meta":{"origin":21228,"position":5},"title":"Shooting people #71.","author":"dpc","date":"14 juin 2010","format":false,"excerpt":"La Fl\u00e8che d'Or, Paris, 5 juin. Je sais, ils sont tout raides et c'est dommage. La prochaine fois j'\u00e9viterai de faire mes photos une grenade \u00e0 la main. \u00a0Pearl Jam \u2013 Insignificance","rel":"","context":"Dans &quot;Portraits&quot;","block_context":{"text":"Portraits","link":"https:\/\/www.wallendorff.com\/belogue\/category\/portraits\/"},"img":{"alt_text":"","src":"https:\/\/i0.wp.com\/www.wallendorff.com\/belogue\/wp-content\/uploads\/2015\/04\/201006141.jpg?resize=350%2C200&ssl=1","width":350,"height":200},"classes":[]}],"_links":{"self":[{"href":"https:\/\/www.wallendorff.com\/belogue\/wp-json\/wp\/v2\/posts\/21228","targetHints":{"allow":["GET"]}}],"collection":[{"href":"https:\/\/www.wallendorff.com\/belogue\/wp-json\/wp\/v2\/posts"}],"about":[{"href":"https:\/\/www.wallendorff.com\/belogue\/wp-json\/wp\/v2\/types\/post"}],"author":[{"embeddable":true,"href":"https:\/\/www.wallendorff.com\/belogue\/wp-json\/wp\/v2\/users\/1"}],"replies":[{"embeddable":true,"href":"https:\/\/www.wallendorff.com\/belogue\/wp-json\/wp\/v2\/comments?post=21228"}],"version-history":[{"count":21,"href":"https:\/\/www.wallendorff.com\/belogue\/wp-json\/wp\/v2\/posts\/21228\/revisions"}],"predecessor-version":[{"id":22254,"href":"https:\/\/www.wallendorff.com\/belogue\/wp-json\/wp\/v2\/posts\/21228\/revisions\/22254"}],"wp:featuredmedia":[{"embeddable":true,"href":"https:\/\/www.wallendorff.com\/belogue\/wp-json\/wp\/v2\/media\/26585"}],"wp:attachment":[{"href":"https:\/\/www.wallendorff.com\/belogue\/wp-json\/wp\/v2\/media?parent=21228"}],"wp:term":[{"taxonomy":"category","embeddable":true,"href":"https:\/\/www.wallendorff.com\/belogue\/wp-json\/wp\/v2\/categories?post=21228"},{"taxonomy":"post_tag","embeddable":true,"href":"https:\/\/www.wallendorff.com\/belogue\/wp-json\/wp\/v2\/tags?post=21228"}],"curies":[{"name":"wp","href":"https:\/\/api.w.org\/{rel}","templated":true}]}}