{"id":212,"date":"2006-01-28T14:16:48","date_gmt":"2006-01-28T14:16:48","guid":{"rendered":"http:\/\/www.po-l.com\/wordpress\/?p=212"},"modified":"2012-01-23T12:25:10","modified_gmt":"2012-01-23T10:25:10","slug":"editors-le-trabendo-paris-27-janvier","status":"publish","type":"post","link":"https:\/\/www.wallendorff.com\/belogue\/2006\/01\/28\/editors-le-trabendo-paris-27-janvier\/","title":{"rendered":"Editors @ Le Trabendo, Paris, 27 janvier."},"content":{"rendered":"<div id=\"photo\">\n<p><img decoding=\"async\" src=\"http:\/\/www.po-L.com\/belogue\/photo\/2006\/01\/20060128.jpg\" ><\/p>\n<\/div>\n<p>Et pour couronner le tout, je ne peux plus mettre &agrave; jour ma gigography parce qu&rsquo;il faut que je me tape 53 pages de tableau de bord g&eacute;n&eacute;ral pour aller &eacute;diter mes notes <em>Upcoming shows<\/em> et <em>Past shows<\/em> qui datent d&rsquo;ao&ucirc;t 2004.<\/p>\n<p>La nouvelle formule ne me pla&icirc;t pas. C&rsquo;est un vaste bordel inbutinable, l&rsquo;interface est moche et je d&eacute;couvre au fur et &agrave; mesure de plus en plus de fonctionnalit&eacute;s sympas qui ont disparu. Je n&rsquo;ai pas envie de refaire la mise en page, pas plus que de r&eacute;organiser les liens, et c&rsquo;est &agrave; peine si j&rsquo;ai envie de bel&ouml;guer, au final.<\/p>\n<p>En fait, lors de la migration, un &eacute;l&eacute;ment fondamental de 20six est pass&eacute; &agrave; la trappe&nbsp;: la <strong>convivialit&eacute;<\/strong>. Sans cet &eacute;l&eacute;ment, plus aucune raison de rester sur cette plate-forme&nbsp;; autant se faire un bel&ouml;gue &agrave; soi, dans son coin, ailleurs.<\/p>\n<p>Pour changer de sujet, parce que quand m&ecirc;me, hein, y a plus grave dans la vie, &agrave; part &ccedil;a &ccedil;a va bien&nbsp;: J&rsquo;ai &eacute;t&eacute; souffl&eacute; par la prestation d&rsquo;Editors au Trabendo hier soir. Je m&rsquo;attendais &agrave; un show assez d&eacute;pressif, &agrave; une ambiance encore plus glaciale que la temp&eacute;rature ext&eacute;rieure, et au final le quator nous a livr&eacute; le concert de l&rsquo;ann&eacute;e<sup>1<\/sup>, Tom Smith passant l&rsquo;heure litt&eacute;ralement en transe, pench&eacute; sur le public, exhortant tout le monde &agrave; se bouger le cul. On a m&ecirc;me eu du slam et du mouvement de foule, genre. Un truc que j&rsquo;aurais pas attendu d&rsquo;un groupe sur disque qui semblait aussi flegmatique qu&rsquo;Interpol. &Agrave; r&eacute;<em>&eacute;diter<\/em><sup>2<\/sup>.<\/p>\n<p>Apr&egrave;s, j&rsquo;ai bu du blanc avec des gens. On ne peut qu&rsquo;&ecirc;tre heureux en buvant du blanc avec des gens.<\/p>\n<p>Je tiens &eacute;galement &agrave; remercier <a target=\"_blank\" title=\"H&eacute;h&eacute;h&eacute; y'a des infos-bulles main'nant.\" href=\"http:\/\/www.20six.fr\/sweetjane\">ma joyeuse assistante<\/a> pour les nombreuses qualit&eacute;s qu&rsquo;elles a su d&eacute;ployer tout au long de la soir&eacute;e. <\/p>\n<p>Tiens, au passage, si quelqu&rsquo;un conna&icirc;t le nom du groupe qui &eacute;tait en premi&egrave;re partie, merci de me le dire. J&rsquo;ai une ou deux photos potables d&rsquo;eux et j&rsquo;aimerai les classer sous autre chose que &laquo;&nbsp;groupe inconnu&nbsp;&raquo;. Merci d&rsquo;avance.<\/p>\n<p style=\"text-align:right\"> &ldquo;<em>If something has to change then it always does<br \/>\nIf something has to change then it always does<br \/>\nOh, you don&rsquo;t need this disease, not right now<br \/>\nNo, you don&rsquo;t need this disease, not right now<\/em>&rdquo;<\/p>\n<div id=\"bandeson\">\n<p><img decoding=\"async\" src=\"https:\/\/www.wallendorff.com\/belogue\/photo\/pochettes\/e\/editors-the_back_room.jpg\" align=\"left\" \/>&nbsp;<a href=\"http:\/\/www.editorsofficial.com\/\">Editors<\/a> &ndash; <em>Bullets<\/em>        <\/p>\n<\/div>\n<p>\/Edit: Impossible d&rsquo;ins&eacute;rer la bande-son, on ne peut pas &eacute;diter le code HTML de la note et quand j&rsquo;essaie juste d&rsquo;ins&eacute;rer un fragment de code, il m&rsquo;efface tout le reste. En gros&nbsp;: Il va falloir aller vous acheter le disque. D&eacute;sol&eacute;, les gros. <\/p>\n<div id=\"bas_note\">\n<p>_____<\/p>\n<p><sup>1<\/sup> Oui, bon, c&rsquo;&eacute;tait le premier de l&rsquo;ann&eacute;e, aussi.<\/p>\n<p><sup>2<\/sup> Ah, ah. <\/p>\n<\/div>\n","protected":false},"excerpt":{"rendered":"<p>Et pour couronner le tout, je ne peux plus mettre &agrave; jour ma gigography parce qu&rsquo;il faut que je me tape 53 pages de tableau de bord g&eacute;n&eacute;ral pour aller &eacute;diter mes notes Upcoming shows et Past shows qui datent d&rsquo;ao&ucirc;t 2004. La nouvelle formule ne me pla&icirc;t pas. C&rsquo;est un vaste bordel inbutinable, l&rsquo;interface&hellip;<\/p>\n","protected":false},"author":1,"featured_media":24149,"comment_status":"open","ping_status":"open","sticky":false,"template":"","format":"standard","meta":{"_acf_changed":false,"ngg_post_thumbnail":0,"jetpack_post_was_ever_published":false,"_jetpack_newsletter_access":"","_jetpack_dont_email_post_to_subs":false,"_jetpack_newsletter_tier_id":0,"_jetpack_memberships_contains_paywalled_content":false,"_jetpack_memberships_contains_paid_content":false,"footnotes":"","jetpack_publicize_message":"","jetpack_publicize_feature_enabled":true,"jetpack_social_post_already_shared":false,"jetpack_social_options":{"image_generator_settings":{"template":"highway","default_image_id":0,"font":"","enabled":false},"version":2}},"categories":[7],"tags":[174,705,10268,10084,1323,132,10337,10120,10121,10361,143,10098,173],"class_list":["post-212","post","type-post","status-publish","format-standard","has-post-thumbnail","hentry","category-alive","tag-174","tag-20six","tag-10268","tag-alive","tag-bullets","tag-eos-20d","tag-editors","tag-france","tag-ile-de-france","tag-le-trabendo","tag-noir-et-blanc","tag-paris","tag-sigma-28-70-mm-f28-dg-ex"],"acf":[],"geo":{"latitude":48.8926849,"longitude":2.3939588,"description":"All\u00e9e du Belv\u00e9d\u00e8re, 75019 Paris, France"},"jetpack_publicize_connections":[],"jetpack_featured_media_url":"https:\/\/www.wallendorff.com\/belogue\/wp-content\/uploads\/2015\/04\/200601281.jpg","jetpack_shortlink":"https:\/\/wp.me\/p3b35P-3q","jetpack_sharing_enabled":true,"jetpack-related-posts":[{"id":4257,"url":"https:\/\/www.wallendorff.com\/belogue\/2009\/06\/03\/maximo-park-i-heart-hiroshima-le-trabendo-paris\/","url_meta":{"origin":212,"position":0},"title":"Max\u00efmo Park + I Heart Hiroshima @ le Trabendo, Paris.","author":"dpc","date":"3 juin 2009","format":false,"excerpt":"\u00a0White Lies \u2013 To Lose My Life Il faut toujours courir chouter Max\u00efmo Park, parce qu'on est presque s\u00fbr de ressortir de la fosse avec des trucs dans le genre de la photo ci-dessus ou de ces fameuses archives, ici et l\u00e0. Peu importe la salle. \u00c7a marche \u00e0 tous\u2026","rel":"","context":"Dans &quot;Alive&quot;","block_context":{"text":"Alive","link":"https:\/\/www.wallendorff.com\/belogue\/category\/alive\/"},"img":{"alt_text":"","src":"https:\/\/i0.wp.com\/www.wallendorff.com\/belogue\/wp-content\/uploads\/2015\/04\/200906031.jpg?resize=350%2C200&ssl=1","width":350,"height":200,"srcset":"https:\/\/i0.wp.com\/www.wallendorff.com\/belogue\/wp-content\/uploads\/2015\/04\/200906031.jpg?resize=350%2C200&ssl=1 1x, https:\/\/i0.wp.com\/www.wallendorff.com\/belogue\/wp-content\/uploads\/2015\/04\/200906031.jpg?resize=525%2C300&ssl=1 1.5x, https:\/\/i0.wp.com\/www.wallendorff.com\/belogue\/wp-content\/uploads\/2015\/04\/200906031.jpg?resize=700%2C400&ssl=1 2x"},"classes":[]},{"id":7654,"url":"https:\/\/www.wallendorff.com\/belogue\/2010\/06\/09\/rpa-united-nations-of-sound-le-trabendo-paris\/","url_meta":{"origin":212,"position":1},"title":"RPA &#038; United Nations of Sound @ le Trabendo, Paris.","author":"dpc","date":"9 juin 2010","format":false,"excerpt":"Si vous avez manqu\u00e9 le d\u00e9but\u00a0: apr\u00e8s la troisi\u00e8me d\u00e9bandade de The Verve, quelque part en 2009, le Richard Ashcroft a resurgi en janvier pour annoncer la naissance d'un nouveau projet, baptis\u00e9 United Nation of Sounds, puis l\u00e2cher dans la nature Are You Ready?, un premier titre que je vous\u2026","rel":"","context":"Dans &quot;Alive&quot;","block_context":{"text":"Alive","link":"https:\/\/www.wallendorff.com\/belogue\/category\/alive\/"},"img":{"alt_text":"","src":"https:\/\/i0.wp.com\/www.wallendorff.com\/belogue\/wp-content\/uploads\/2015\/04\/201006091.jpg?resize=350%2C200&ssl=1","width":350,"height":200,"srcset":"https:\/\/i0.wp.com\/www.wallendorff.com\/belogue\/wp-content\/uploads\/2015\/04\/201006091.jpg?resize=350%2C200&ssl=1 1x, https:\/\/i0.wp.com\/www.wallendorff.com\/belogue\/wp-content\/uploads\/2015\/04\/201006091.jpg?resize=525%2C300&ssl=1 1.5x, https:\/\/i0.wp.com\/www.wallendorff.com\/belogue\/wp-content\/uploads\/2015\/04\/201006091.jpg?resize=700%2C400&ssl=1 2x"},"classes":[]},{"id":1200,"url":"https:\/\/www.wallendorff.com\/belogue\/2008\/04\/08\/editors-le-bataclan-paris\/","url_meta":{"origin":212,"position":2},"title":"Editors @ le Bataclan, Paris.","author":"dpc","date":"8 avril 2008","format":false,"excerpt":"Camera | An End Has a Start | Blood | Bullets | The Weight of the World | Escape the Nest | Lights | When Anger Shows | Banging Heads | Lullaby (The Cure) | All Sparks | Munich | Push Your Head Towards the Air | Bones | Fingers\u2026","rel":"","context":"Dans &quot;Alive&quot;","block_context":{"text":"Alive","link":"https:\/\/www.wallendorff.com\/belogue\/category\/alive\/"},"img":{"alt_text":"","src":"https:\/\/i0.wp.com\/www.wallendorff.com\/belogue\/wp-content\/uploads\/2015\/04\/200804081.jpg?resize=350%2C200&ssl=1","width":350,"height":200,"srcset":"https:\/\/i0.wp.com\/www.wallendorff.com\/belogue\/wp-content\/uploads\/2015\/04\/200804081.jpg?resize=350%2C200&ssl=1 1x, https:\/\/i0.wp.com\/www.wallendorff.com\/belogue\/wp-content\/uploads\/2015\/04\/200804081.jpg?resize=525%2C300&ssl=1 1.5x, https:\/\/i0.wp.com\/www.wallendorff.com\/belogue\/wp-content\/uploads\/2015\/04\/200804081.jpg?resize=700%2C400&ssl=1 2x"},"classes":[]},{"id":1077,"url":"https:\/\/www.wallendorff.com\/belogue\/2007\/11\/10\/mon-cur-saigne-richard\/","url_meta":{"origin":212,"position":3},"title":"Mon c\u0153ur saigne, Richard.","author":"dpc","date":"10 novembre 2007","format":false,"excerpt":"Hard-Fi, le Trabendo, 19 octobre. Hard-Fi \u00e9tait un groupe sympa. Deux albums tout jaunes, bons en live, un Richard Archer qui arbore des yeux d'un bleu glac\u00e9 et une banane des plus seyantes propre \u00e0 en rendre plus d'un jaloux. Tout pour plaire. Envie de les d\u00e9fendre, ils le m\u00e9ritent,\u2026","rel":"","context":"Dans &quot;DPC&quot;","block_context":{"text":"DPC","link":"https:\/\/www.wallendorff.com\/belogue\/category\/dpc\/"},"img":{"alt_text":"","src":"https:\/\/i0.wp.com\/www.wallendorff.com\/belogue\/wp-content\/uploads\/2015\/04\/200711102.jpg?resize=350%2C200&ssl=1","width":350,"height":200},"classes":[]},{"id":1068,"url":"https:\/\/www.wallendorff.com\/belogue\/2007\/10\/29\/piles-hippies-lient\/","url_meta":{"origin":212,"position":4},"title":"Piles hippies lient.","author":"dpc","date":"29 octobre 2007","format":false,"excerpt":"59 et 90, Sugar Land, 26 septembre. Rendons hommage aujourd'hui au fier Eos 20D qui ne me quitte plus depuis le 29 octobre 2004, jour o\u00f9 je le trouvais nonchalamment abandonn\u00e9 par le mec d'UPS sur le perron de la m\u00e9m\u00e8re qui me logeait \u00e0 l'\u00e9poque. Je l'avais charg\u00e9 tout\u2026","rel":"","context":"Dans &quot;DPC&quot;","block_context":{"text":"DPC","link":"https:\/\/www.wallendorff.com\/belogue\/category\/dpc\/"},"img":{"alt_text":"","src":"https:\/\/i0.wp.com\/www.wallendorff.com\/belogue\/wp-content\/uploads\/2015\/04\/200710291.jpg?resize=350%2C200&ssl=1","width":350,"height":200},"classes":[]},{"id":3692,"url":"https:\/\/www.wallendorff.com\/belogue\/2008\/12\/19\/astonvilla-subway-le-bataclan-paris\/","url_meta":{"origin":212,"position":5},"title":"Astonvilla + Subway @ le Bataclan, Paris.","author":"dpc","date":"19 d\u00e9cembre 2008","format":false,"excerpt":"Je pourrais faire un long article racontant \u00e0 quel point le 5D Mark II est un vrai bonheur de la vie, mais le Rod s'en \u00e9tant d\u00e9j\u00e0 occup\u00e9 avant-hier, je m'en tiendrai \u00e0 une liste de pour\/contre rapide, histoire de gagner du temps\u00a0: Contre\u00a0: L'autofocus patine effectivement. Pas bien meilleur\u2026","rel":"","context":"Dans &quot;Alive&quot;","block_context":{"text":"Alive","link":"https:\/\/www.wallendorff.com\/belogue\/category\/alive\/"},"img":{"alt_text":"","src":"https:\/\/i0.wp.com\/www.wallendorff.com\/belogue\/wp-content\/uploads\/2015\/04\/200812191.jpg?resize=350%2C200&ssl=1","width":350,"height":200,"srcset":"https:\/\/i0.wp.com\/www.wallendorff.com\/belogue\/wp-content\/uploads\/2015\/04\/200812191.jpg?resize=350%2C200&ssl=1 1x, https:\/\/i0.wp.com\/www.wallendorff.com\/belogue\/wp-content\/uploads\/2015\/04\/200812191.jpg?resize=525%2C300&ssl=1 1.5x, https:\/\/i0.wp.com\/www.wallendorff.com\/belogue\/wp-content\/uploads\/2015\/04\/200812191.jpg?resize=700%2C400&ssl=1 2x"},"classes":[]}],"_links":{"self":[{"href":"https:\/\/www.wallendorff.com\/belogue\/wp-json\/wp\/v2\/posts\/212","targetHints":{"allow":["GET"]}}],"collection":[{"href":"https:\/\/www.wallendorff.com\/belogue\/wp-json\/wp\/v2\/posts"}],"about":[{"href":"https:\/\/www.wallendorff.com\/belogue\/wp-json\/wp\/v2\/types\/post"}],"author":[{"embeddable":true,"href":"https:\/\/www.wallendorff.com\/belogue\/wp-json\/wp\/v2\/users\/1"}],"replies":[{"embeddable":true,"href":"https:\/\/www.wallendorff.com\/belogue\/wp-json\/wp\/v2\/comments?post=212"}],"version-history":[{"count":4,"href":"https:\/\/www.wallendorff.com\/belogue\/wp-json\/wp\/v2\/posts\/212\/revisions"}],"predecessor-version":[{"id":15470,"href":"https:\/\/www.wallendorff.com\/belogue\/wp-json\/wp\/v2\/posts\/212\/revisions\/15470"}],"wp:featuredmedia":[{"embeddable":true,"href":"https:\/\/www.wallendorff.com\/belogue\/wp-json\/wp\/v2\/media\/24149"}],"wp:attachment":[{"href":"https:\/\/www.wallendorff.com\/belogue\/wp-json\/wp\/v2\/media?parent=212"}],"wp:term":[{"taxonomy":"category","embeddable":true,"href":"https:\/\/www.wallendorff.com\/belogue\/wp-json\/wp\/v2\/categories?post=212"},{"taxonomy":"post_tag","embeddable":true,"href":"https:\/\/www.wallendorff.com\/belogue\/wp-json\/wp\/v2\/tags?post=212"}],"curies":[{"name":"wp","href":"https:\/\/api.w.org\/{rel}","templated":true}]}}