{"id":21164,"date":"2013-06-17T11:20:16","date_gmt":"2013-06-17T09:20:16","guid":{"rendered":"http:\/\/www.wallendorff.com\/?p=21164"},"modified":"2018-05-23T08:14:25","modified_gmt":"2018-05-23T06:14:25","slug":"depeche-mode-stade-de-france-saint-denis-15-juin","status":"publish","type":"post","link":"https:\/\/www.wallendorff.com\/belogue\/2013\/06\/17\/depeche-mode-stade-de-france-saint-denis-15-juin\/","title":{"rendered":"Depeche Mode @ Stade de France, Saint-Denis, 15 juin."},"content":{"rendered":"\n<div id=\"photo\">\n<p><img decoding=\"async\" src=\"https:\/\/www.wallendorff.com\/belogue\/photo\/2013\/06\/20130617.jpg\"><\/p>\n<\/p><\/div>\n<div id=\"setlist\">\n<p><em>Welcome to My World<\/em> | <em>Angel<\/em> | <em>Walking in My Shoes<\/em> | <em>Precious<\/em> | <em>Black Celebration<\/em> | <em>Policy of Truth<\/em> | <em>Should Be Higher<\/em> | <em>Barrel of a Gun<\/em> | <em>Higher Love<\/em> | <em>Judas<\/em> | <em>Heaven<\/em> | <em>Soothe My Soul<\/em> | <em>A Pain That I&rsquo;m Used to<\/em> | <em>A Question of Time<\/em> | <em>Secret to the End<\/em> | <em>Enjoy the Silence<\/em> | <em>Personal Jesus<\/em> | <em>Goodbye<\/em> || <em>Home<\/em> | <em>Halo<\/em> | <em>Just Can&rsquo;t Get Enough<\/em> | <em>I Feel You<\/em> | <em>Never Let Me Down Again<\/em><\/p>\n<\/div>\n<p style=\"text-align:right\">[Pardon pour les filigranes affreux en plein milieu des photos, d&ucirc;s &agrave; une mauvaise farce dont je fus le dindon la semaine derni&egrave;re avec celles de Haim.]<\/p>\n<p style=\"text-align:right\">4<sup>e<\/sup> fois, toujours <a href=\"https:\/\/www.wallendorff.com\/belogue\/2006\/02\/23\/pas-cense-long-heurte-tant\/\">bien entour&eacute;<\/a> et toujours autant de frissons lorsqu&rsquo;on touche &agrave; mes deux albums pr&eacute;f&eacute;r&eacute;s ou que commence le balai des bras lev&eacute;s pendant <em>Never Let Me Down Again<\/em>.<\/p>\n<p style=\"text-align:right\">Et content de les chouter enfin.<\/p>\n<p style=\"text-align:right\">Merci &agrave; ceux qui ont rendu &ccedil;a possible.<\/p>\n<div id=\"bandeson\">\n<p><img decoding=\"async\" src=\"https:\/\/www.wallendorff.com\/belogue\/photo\/pochettes\/d\/depeche_mode-one_night_in_paris.jpg\" align=\"left\" \/><a style=\"font-weight:normal\" id=\"lienmp3\" href=\"http:\/\/www.youtube.com\/watch?v=Qwt36dygqjA\"><em>Never Let Me Down Again<\/em> (live Paris 2001) (feat. le balais des bras lev&eacute;s)<\/a><br \/><a href=\"http:\/\/www.depechemode.com\/\">Depeche Mode<\/a><\/p>\n<\/p><\/div>ngg_shortcode_0_placeholder<p>&nbsp;<\/p>\n","protected":false},"excerpt":{"rendered":"<p>Welcome to My World | Angel | Walking in My Shoes | Precious | Black Celebration | Policy of Truth | Should Be Higher | Barrel of a Gun | Higher Love | Judas | Heaven | Soothe My Soul | A Pain That I&rsquo;m Used to | A Question of Time | Secret to&hellip;<\/p>\n","protected":false},"author":1,"featured_media":26582,"comment_status":"open","ping_status":"open","sticky":false,"template":"","format":"standard","meta":{"_acf_changed":false,"ngg_post_thumbnail":0,"jetpack_post_was_ever_published":false,"_jetpack_newsletter_access":"","_jetpack_dont_email_post_to_subs":false,"_jetpack_newsletter_tier_id":0,"_jetpack_memberships_contains_paywalled_content":false,"_jetpack_memberships_contains_paid_content":false,"footnotes":"","jetpack_publicize_message":"","jetpack_publicize_feature_enabled":true,"jetpack_social_post_already_shared":true,"jetpack_social_options":{"image_generator_settings":{"template":"highway","default_image_id":0,"font":"","enabled":false},"version":2}},"categories":[7],"tags":[11281,10084,1016,2571,196,181,2615,6766,10126,10120,10121,826,10457,10398,10748],"class_list":["post-21164","post","type-post","status-publish","format-standard","has-post-thumbnail","hentry","category-alive","tag-11281","tag-alive","tag-ef-15-mm-f28-fisheye","tag-ef-16-35-mm-f28l-ii-usm","tag-ef-28-70-mm-f28l-usm","tag-ef-70-200-mm-f28l-usm","tag-eos-5d-mark-ii","tag-eos-5d-mark-iii","tag-depeche-mode","tag-france","tag-ile-de-france","tag-never-let-me-down-again","tag-saint-denis","tag-seine-saint-denis","tag-stade-de-france"],"acf":[],"geo":{"latitude":48.9249916,"longitude":2.3599679,"description":"Rue Henri Delaunay, 93200 Saint-Denis, France"},"jetpack_publicize_connections":[],"jetpack_featured_media_url":"https:\/\/www.wallendorff.com\/belogue\/wp-content\/uploads\/2015\/04\/20130617.jpg","jetpack_shortlink":"https:\/\/wp.me\/p3b35P-5vm","jetpack_sharing_enabled":true,"jetpack-related-posts":[{"id":127695,"url":"https:\/\/www.wallendorff.com\/belogue\/2024\/04\/14\/suivre-la-fleche-1-3-reference\/","url_meta":{"origin":21164,"position":0},"title":"Suivre la fl\u00e8che [1\/3] : R\u00e9f\u00e9rence.","author":"dpc","date":"14 avril 2024","format":false,"excerpt":"Voil\u00e0 5 ans, la fl\u00e8che s\u2019effondrait, emportant quelques-unes de nos certitudes.Voil\u00e0 5 ans, l\u2019incendie laissait un trou b\u00e9ant \u00e0 la place de l\u2019un des plus anciens, des plus classiques point de r\u00e9f\u00e9rence du paysage parisien.Voil\u00e0 5 ans commen\u00e7ait la lente recouvrance qui devrait se terminer \u00e0 la fin de l'ann\u00e9e\u2026","rel":"","context":"Dans &quot;DPC&quot;","block_context":{"text":"DPC","link":"https:\/\/www.wallendorff.com\/belogue\/category\/dpc\/"},"img":{"alt_text":"","src":"https:\/\/i0.wp.com\/www.wallendorff.com\/belogue\/wp-content\/uploads\/2024\/04\/20240414-01.jpg?resize=350%2C200&ssl=1","width":350,"height":200,"srcset":"https:\/\/i0.wp.com\/www.wallendorff.com\/belogue\/wp-content\/uploads\/2024\/04\/20240414-01.jpg?resize=350%2C200&ssl=1 1x, https:\/\/i0.wp.com\/www.wallendorff.com\/belogue\/wp-content\/uploads\/2024\/04\/20240414-01.jpg?resize=525%2C300&ssl=1 1.5x, https:\/\/i0.wp.com\/www.wallendorff.com\/belogue\/wp-content\/uploads\/2024\/04\/20240414-01.jpg?resize=700%2C400&ssl=1 2x, https:\/\/i0.wp.com\/www.wallendorff.com\/belogue\/wp-content\/uploads\/2024\/04\/20240414-01.jpg?resize=1050%2C600&ssl=1 3x"},"classes":[]},{"id":21205,"url":"https:\/\/www.wallendorff.com\/belogue\/2013\/06\/24\/muse-stade-de-france-saint-denis-21-juin\/","url_meta":{"origin":21164,"position":1},"title":"Muse @ Stade de France, Saint-Denis, 21 juin.","author":"dpc","date":"24 juin 2013","format":false,"excerpt":"Intro: The 2nd Law: Unsustainable | Supremacy | Supermassive Black Hole | Panic Station | Bliss | Resistance | Animals | Knights of Cydonia | Dracula Mountain (Lightning Bolt) | Sunburn | Interlude | Hysteria | Monty Jam | Feeling Good (Nina Simone) | Follow Me | Liquid State |\u2026","rel":"","context":"Dans &quot;Alive&quot;","block_context":{"text":"Alive","link":"https:\/\/www.wallendorff.com\/belogue\/category\/alive\/"},"img":{"alt_text":"","src":"https:\/\/i0.wp.com\/www.wallendorff.com\/belogue\/wp-content\/uploads\/2015\/04\/20130624.jpg?resize=350%2C200&ssl=1","width":350,"height":200,"srcset":"https:\/\/i0.wp.com\/www.wallendorff.com\/belogue\/wp-content\/uploads\/2015\/04\/20130624.jpg?resize=350%2C200&ssl=1 1x, https:\/\/i0.wp.com\/www.wallendorff.com\/belogue\/wp-content\/uploads\/2015\/04\/20130624.jpg?resize=525%2C300&ssl=1 1.5x, https:\/\/i0.wp.com\/www.wallendorff.com\/belogue\/wp-content\/uploads\/2015\/04\/20130624.jpg?resize=700%2C400&ssl=1 2x"},"classes":[]},{"id":7822,"url":"https:\/\/www.wallendorff.com\/belogue\/2010\/07\/08\/7822\/","url_meta":{"origin":21164,"position":2},"title":"&#8230;","author":"dpc","date":"8 juillet 2010","format":false,"excerpt":"Arsenal, Metz, 23 mai. [\u00c7a y est je suis sec du titre. Ma vie est foutue.] \u00a0Meursault \u2013 The Furnace (alternate version)","rel":"","context":"Dans &quot;DPC&quot;","block_context":{"text":"DPC","link":"https:\/\/www.wallendorff.com\/belogue\/category\/dpc\/"},"img":{"alt_text":"","src":"https:\/\/i0.wp.com\/www.wallendorff.com\/belogue\/wp-content\/uploads\/2015\/04\/201007081.jpg?resize=350%2C200&ssl=1","width":350,"height":200},"classes":[]},{"id":129644,"url":"https:\/\/www.wallendorff.com\/belogue\/2024\/07\/27\/paleo-festival-2024-nyon-jour-4\/","url_meta":{"origin":21164,"position":3},"title":"Pal\u00e9o Festival 2024, Nyon, jour 4.","author":"dpc","date":"27 juillet 2024","format":false,"excerpt":"","rel":"","context":"Dans &quot;Alive&quot;","block_context":{"text":"Alive","link":"https:\/\/www.wallendorff.com\/belogue\/category\/alive\/"},"img":{"alt_text":"","src":"https:\/\/i0.wp.com\/www.wallendorff.com\/belogue\/wp-content\/uploads\/2024\/07\/20240727-27.jpg?resize=350%2C200&ssl=1","width":350,"height":200,"srcset":"https:\/\/i0.wp.com\/www.wallendorff.com\/belogue\/wp-content\/uploads\/2024\/07\/20240727-27.jpg?resize=350%2C200&ssl=1 1x, https:\/\/i0.wp.com\/www.wallendorff.com\/belogue\/wp-content\/uploads\/2024\/07\/20240727-27.jpg?resize=525%2C300&ssl=1 1.5x, https:\/\/i0.wp.com\/www.wallendorff.com\/belogue\/wp-content\/uploads\/2024\/07\/20240727-27.jpg?resize=700%2C400&ssl=1 2x, https:\/\/i0.wp.com\/www.wallendorff.com\/belogue\/wp-content\/uploads\/2024\/07\/20240727-27.jpg?resize=1050%2C600&ssl=1 3x"},"classes":[]},{"id":129779,"url":"https:\/\/www.wallendorff.com\/belogue\/2024\/07\/30\/paleo-festival-2024-nyon-jour-6\/","url_meta":{"origin":21164,"position":4},"title":"Pal\u00e9o Festival 2024, Nyon, jour 6.","author":"dpc","date":"30 juillet 2024","format":false,"excerpt":"","rel":"","context":"Dans &quot;Alive&quot;","block_context":{"text":"Alive","link":"https:\/\/www.wallendorff.com\/belogue\/category\/alive\/"},"img":{"alt_text":"","src":"https:\/\/i0.wp.com\/www.wallendorff.com\/belogue\/wp-content\/uploads\/2024\/07\/20240729-35.jpg?resize=350%2C200&ssl=1","width":350,"height":200,"srcset":"https:\/\/i0.wp.com\/www.wallendorff.com\/belogue\/wp-content\/uploads\/2024\/07\/20240729-35.jpg?resize=350%2C200&ssl=1 1x, https:\/\/i0.wp.com\/www.wallendorff.com\/belogue\/wp-content\/uploads\/2024\/07\/20240729-35.jpg?resize=525%2C300&ssl=1 1.5x, https:\/\/i0.wp.com\/www.wallendorff.com\/belogue\/wp-content\/uploads\/2024\/07\/20240729-35.jpg?resize=700%2C400&ssl=1 2x, https:\/\/i0.wp.com\/www.wallendorff.com\/belogue\/wp-content\/uploads\/2024\/07\/20240729-35.jpg?resize=1050%2C600&ssl=1 3x"},"classes":[]},{"id":7905,"url":"https:\/\/www.wallendorff.com\/belogue\/2010\/07\/26\/devinette\/","url_meta":{"origin":21164,"position":5},"title":"Devinette.","author":"dpc","date":"26 juillet 2010","format":false,"excerpt":"Pont Neuf, Paris, 22 juin. Quelle est la couleur des n\u00e9ons blancs d'Henri IV\u00a0? \u00a0Japandroids \u2013 Sovereignty","rel":"","context":"Dans &quot;DPC&quot;","block_context":{"text":"DPC","link":"https:\/\/www.wallendorff.com\/belogue\/category\/dpc\/"},"img":{"alt_text":"","src":"https:\/\/i0.wp.com\/www.wallendorff.com\/belogue\/wp-content\/uploads\/2015\/04\/201007261.jpg?resize=350%2C200&ssl=1","width":350,"height":200},"classes":[]}],"_links":{"self":[{"href":"https:\/\/www.wallendorff.com\/belogue\/wp-json\/wp\/v2\/posts\/21164","targetHints":{"allow":["GET"]}}],"collection":[{"href":"https:\/\/www.wallendorff.com\/belogue\/wp-json\/wp\/v2\/posts"}],"about":[{"href":"https:\/\/www.wallendorff.com\/belogue\/wp-json\/wp\/v2\/types\/post"}],"author":[{"embeddable":true,"href":"https:\/\/www.wallendorff.com\/belogue\/wp-json\/wp\/v2\/users\/1"}],"replies":[{"embeddable":true,"href":"https:\/\/www.wallendorff.com\/belogue\/wp-json\/wp\/v2\/comments?post=21164"}],"version-history":[{"count":10,"href":"https:\/\/www.wallendorff.com\/belogue\/wp-json\/wp\/v2\/posts\/21164\/revisions"}],"predecessor-version":[{"id":21289,"href":"https:\/\/www.wallendorff.com\/belogue\/wp-json\/wp\/v2\/posts\/21164\/revisions\/21289"}],"wp:featuredmedia":[{"embeddable":true,"href":"https:\/\/www.wallendorff.com\/belogue\/wp-json\/wp\/v2\/media\/26582"}],"wp:attachment":[{"href":"https:\/\/www.wallendorff.com\/belogue\/wp-json\/wp\/v2\/media?parent=21164"}],"wp:term":[{"taxonomy":"category","embeddable":true,"href":"https:\/\/www.wallendorff.com\/belogue\/wp-json\/wp\/v2\/categories?post=21164"},{"taxonomy":"post_tag","embeddable":true,"href":"https:\/\/www.wallendorff.com\/belogue\/wp-json\/wp\/v2\/tags?post=21164"}],"curies":[{"name":"wp","href":"https:\/\/api.w.org\/{rel}","templated":true}]}}