{"id":21150,"date":"2013-06-13T12:45:41","date_gmt":"2013-06-13T10:45:41","guid":{"rendered":"http:\/\/www.wallendorff.com\/?p=21150"},"modified":"2018-05-23T08:14:25","modified_gmt":"2018-05-23T06:14:25","slug":"snow-park","status":"publish","type":"post","link":"https:\/\/www.wallendorff.com\/belogue\/2013\/06\/13\/snow-park\/","title":{"rendered":"Snow park."},"content":{"rendered":"\n<div id=\"photo\">\n<p><img decoding=\"async\" src=\"https:\/\/www.wallendorff.com\/belogue\/photo\/2013\/06\/20130613.jpg\"><br \/>\nRoute des Prehez, Morbier, 27 avril.<\/p>\n<\/p><\/div>\n<div id=\"bandeson\">\n<p><img decoding=\"async\" src=\"https:\/\/www.wallendorff.com\/belogue\/photo\/pochettes\/n\/naked_and_famous_the-passive_me_aggressive_you-b-sides.jpg\" align=\"left\" \/><a style=\"font-weight:normal\" id=\"lienmp3\" href=\"http:\/\/www.youtube.com\/watch?v=cjwuYeDKw_0\"><em>The Sun<\/em> (The Sight Below remix)<\/a><br \/><a href=\"http:\/\/www.thenakedandfamous.com\/\">The Naked and Famous<\/a><\/p>\n<\/p><\/div>\n","protected":false},"excerpt":{"rendered":"<p>Route des Prehez, Morbier, 27 avril. The Sun (The Sight Below remix)The Naked and Famous<\/p>\n","protected":false},"author":1,"featured_media":26580,"comment_status":"open","ping_status":"open","sticky":false,"template":"","format":"standard","meta":{"_acf_changed":false,"ngg_post_thumbnail":0,"jetpack_post_was_ever_published":false,"_jetpack_newsletter_access":"","_jetpack_dont_email_post_to_subs":false,"_jetpack_newsletter_tier_id":0,"_jetpack_memberships_contains_paywalled_content":false,"_jetpack_memberships_contains_paid_content":false,"footnotes":"","jetpack_publicize_message":"","jetpack_publicize_feature_enabled":true,"jetpack_social_post_already_shared":true,"jetpack_social_options":{"image_generator_settings":{"template":"highway","default_image_id":0,"font":"","enabled":false},"version":2}},"categories":[3],"tags":[737,2571,6766,10120,10296,10663,11473,11474,10211,10101,7750,10865,7752,10171],"class_list":["post-21150","post","type-post","status-publish","format-standard","has-post-thumbnail","hentry","category-dpc","tag-bleu","tag-ef-16-35-mm-f28l-ii-usm","tag-eos-5d-mark-iii","tag-france","tag-franche-comte","tag-hiver","tag-jura","tag-morbier","tag-neige","tag-parking","tag-route-des-prehez","tag-the-naked-and-famous","tag-the-sun","tag-voiture"],"acf":[],"geo":{"latitude":46.5542831,"longitude":6.030035,"description":"Morbier, Franche-Comt\u00e9, 39400, FR"},"jetpack_publicize_connections":[],"jetpack_featured_media_url":"https:\/\/www.wallendorff.com\/belogue\/wp-content\/uploads\/2015\/04\/20130613.jpg","jetpack_shortlink":"https:\/\/wp.me\/p3b35P-5v8","jetpack_sharing_enabled":true,"jetpack-related-posts":[{"id":22913,"url":"https:\/\/www.wallendorff.com\/belogue\/2014\/06\/07\/dix-ans-dhivers\/","url_meta":{"origin":21150,"position":0},"title":"Dix ans d&rsquo;hivers.","author":"dpc","date":"7 juin 2014","format":false,"excerpt":"10 ans de blanc, dix ans de bleu d\u00e9satur\u00e9. Dix ans \u00e0 \u00e9couter des morceaux d'Air et des pieds qui crissent. Arbore les sens. Lac Sainte-Claire, D\u00e9troit, 8 janvier 2005. \u00a0 Banc-crise. Lac Sainte-Claire, D\u00e9troit, 8 janvier 2005. \u00a0 Ares comptant pour un. Lac Sainte-Claire, D\u00e9troit, 8 janvier 2005. \u00a0\u2026","rel":"","context":"Dans &quot;DPC&quot;","block_context":{"text":"DPC","link":"https:\/\/www.wallendorff.com\/belogue\/category\/dpc\/"},"img":{"alt_text":"","src":"https:\/\/i0.wp.com\/www.wallendorff.com\/belogue\/wp-content\/uploads\/2015\/04\/201104203.jpg?resize=350%2C200&ssl=1","width":350,"height":200,"srcset":"https:\/\/i0.wp.com\/www.wallendorff.com\/belogue\/wp-content\/uploads\/2015\/04\/201104203.jpg?resize=350%2C200&ssl=1 1x, https:\/\/i0.wp.com\/www.wallendorff.com\/belogue\/wp-content\/uploads\/2015\/04\/201104203.jpg?resize=525%2C300&ssl=1 1.5x, https:\/\/i0.wp.com\/www.wallendorff.com\/belogue\/wp-content\/uploads\/2015\/04\/201104203.jpg?resize=700%2C400&ssl=1 2x"},"classes":[]},{"id":7555,"url":"https:\/\/www.wallendorff.com\/belogue\/2010\/05\/19\/avi-buffalo-boogers-le-reservoir-paris\/","url_meta":{"origin":21150,"position":1},"title":"Avi Buffalo + Boogers @ le R\u00e9servoir, Paris.","author":"dpc","date":"19 mai 2010","format":false,"excerpt":"Avi Buffalo. Bande de quatre grands gamins de Long Beach, Californie, form\u00e9e autour d'Avigdor Zahner-Isenberg \u2015\u00a0qu'on surnommera Avi, comme le reste de la plan\u00e8te, pour s'\u00e9viter des tendinites de doigts \u00e0 r\u00e9p\u00e9tition\u00a0\u2015 m\u00e9langeant MGMT pour les chants en forme de ch\u0153urs, Arcade Fire pour les ch\u0153urs en forme de chants,\u2026","rel":"","context":"Dans &quot;Alive&quot;","block_context":{"text":"Alive","link":"https:\/\/www.wallendorff.com\/belogue\/category\/alive\/"},"img":{"alt_text":"","src":"https:\/\/i0.wp.com\/www.wallendorff.com\/belogue\/wp-content\/uploads\/2015\/04\/201005191.jpg?resize=350%2C200&ssl=1","width":350,"height":200,"srcset":"https:\/\/i0.wp.com\/www.wallendorff.com\/belogue\/wp-content\/uploads\/2015\/04\/201005191.jpg?resize=350%2C200&ssl=1 1x, https:\/\/i0.wp.com\/www.wallendorff.com\/belogue\/wp-content\/uploads\/2015\/04\/201005191.jpg?resize=525%2C300&ssl=1 1.5x, https:\/\/i0.wp.com\/www.wallendorff.com\/belogue\/wp-content\/uploads\/2015\/04\/201005191.jpg?resize=700%2C400&ssl=1 2x"},"classes":[]},{"id":22026,"url":"https:\/\/www.wallendorff.com\/belogue\/2013\/11\/20\/the-naked-and-famous-le-trabendo-paris-14-novembre\/","url_meta":{"origin":21150,"position":2},"title":"The Naked and Famous @ le Trabendo, Paris, 14 novembre.","author":"dpc","date":"20 novembre 2013","format":false,"excerpt":"A Stillness | Hearts Like Ours | Girls Like You | Rolling Waves | The Sun | Frayed | I Kill Giants | Grow Old | All of This | Punching in a Dream | Waltz | No Way || The Mess | Young Blood Ces gens sont vraiment, vraiment\u2026","rel":"","context":"Dans &quot;Alive&quot;","block_context":{"text":"Alive","link":"https:\/\/www.wallendorff.com\/belogue\/category\/alive\/"},"img":{"alt_text":"","src":"https:\/\/i0.wp.com\/www.wallendorff.com\/belogue\/wp-content\/uploads\/2015\/04\/201311181.jpg?resize=350%2C200&ssl=1","width":350,"height":200,"srcset":"https:\/\/i0.wp.com\/www.wallendorff.com\/belogue\/wp-content\/uploads\/2015\/04\/201311181.jpg?resize=350%2C200&ssl=1 1x, https:\/\/i0.wp.com\/www.wallendorff.com\/belogue\/wp-content\/uploads\/2015\/04\/201311181.jpg?resize=525%2C300&ssl=1 1.5x, https:\/\/i0.wp.com\/www.wallendorff.com\/belogue\/wp-content\/uploads\/2015\/04\/201311181.jpg?resize=700%2C400&ssl=1 2x"},"classes":[]},{"id":12987,"url":"https:\/\/www.wallendorff.com\/belogue\/2011\/07\/08\/main-square-festival-2011-hors-scene\/","url_meta":{"origin":21150,"position":3},"title":"Main Square Festival 2011, hors sc\u00e8ne[s].","author":"dpc","date":"8 juillet 2011","format":false,"excerpt":"Encore des gens en lycra, des Belges \u00e0 chapeaux, un drapeau breton, un gros objectif, un ami de la nature, un tatouage de joue, des contres-jours, de l'escalade, des fen\u00eatres sur cour, des gens, des fosses, d'autres gens et d'autres fosses. Et de beaux chapeaux. La suite l'ann\u00e9e prochaine, peut-\u00eatre.\u2026","rel":"","context":"Dans &quot;Alive&quot;","block_context":{"text":"Alive","link":"https:\/\/www.wallendorff.com\/belogue\/category\/alive\/"},"img":{"alt_text":"","src":"https:\/\/i0.wp.com\/www.wallendorff.com\/belogue\/wp-content\/uploads\/2015\/04\/201107081.jpg?resize=350%2C200&ssl=1","width":350,"height":200,"srcset":"https:\/\/i0.wp.com\/www.wallendorff.com\/belogue\/wp-content\/uploads\/2015\/04\/201107081.jpg?resize=350%2C200&ssl=1 1x, https:\/\/i0.wp.com\/www.wallendorff.com\/belogue\/wp-content\/uploads\/2015\/04\/201107081.jpg?resize=525%2C300&ssl=1 1.5x, https:\/\/i0.wp.com\/www.wallendorff.com\/belogue\/wp-content\/uploads\/2015\/04\/201107081.jpg?resize=700%2C400&ssl=1 2x"},"classes":[]},{"id":16458,"url":"https:\/\/www.wallendorff.com\/belogue\/2012\/03\/20\/maux-quon-ttriple\/","url_meta":{"origin":21150,"position":4},"title":"Maux qu&rsquo;on t&rsquo;triple.","author":"dpc","date":"20 mars 2012","format":false,"excerpt":"Pont des Arts, Paris, 24 janvier. Moralit\u00e9\u00a0: Ne jamais s'aventurer sur le pont des Arts sans sa cl\u00e9-de-13-\u00e0-d\u00e9monter-les-poubelles. The Naked and Famous \u2013 No Way (Echo Mountain Recording, 02\/03\/2012)","rel":"","context":"Dans &quot;DPC&quot;","block_context":{"text":"DPC","link":"https:\/\/www.wallendorff.com\/belogue\/category\/dpc\/"},"img":{"alt_text":"","src":"https:\/\/i0.wp.com\/www.wallendorff.com\/belogue\/wp-content\/uploads\/2015\/04\/201203201.jpg?resize=350%2C200&ssl=1","width":350,"height":200,"srcset":"https:\/\/i0.wp.com\/www.wallendorff.com\/belogue\/wp-content\/uploads\/2015\/04\/201203201.jpg?resize=350%2C200&ssl=1 1x, https:\/\/i0.wp.com\/www.wallendorff.com\/belogue\/wp-content\/uploads\/2015\/04\/201203201.jpg?resize=525%2C300&ssl=1 1.5x, https:\/\/i0.wp.com\/www.wallendorff.com\/belogue\/wp-content\/uploads\/2015\/04\/201203201.jpg?resize=700%2C400&ssl=1 2x"},"classes":[]},{"id":33551,"url":"https:\/\/www.wallendorff.com\/belogue\/2017\/02\/09\/the-naked-and-famous-le-trianon-paris\/","url_meta":{"origin":21150,"position":5},"title":"The Naked and Famous @ le Trianon, Paris.","author":"dpc","date":"9 f\u00e9vrier 2017","format":false,"excerpt":"Laid Low The Naked and Famous","rel":"","context":"Dans &quot;Alive&quot;","block_context":{"text":"Alive","link":"https:\/\/www.wallendorff.com\/belogue\/category\/alive\/"},"img":{"alt_text":"","src":"https:\/\/i0.wp.com\/www.wallendorff.com\/belogue\/wp-content\/uploads\/2017\/02\/20170209-02.jpg?resize=350%2C200&ssl=1","width":350,"height":200,"srcset":"https:\/\/i0.wp.com\/www.wallendorff.com\/belogue\/wp-content\/uploads\/2017\/02\/20170209-02.jpg?resize=350%2C200&ssl=1 1x, https:\/\/i0.wp.com\/www.wallendorff.com\/belogue\/wp-content\/uploads\/2017\/02\/20170209-02.jpg?resize=525%2C300&ssl=1 1.5x, https:\/\/i0.wp.com\/www.wallendorff.com\/belogue\/wp-content\/uploads\/2017\/02\/20170209-02.jpg?resize=700%2C400&ssl=1 2x"},"classes":[]}],"_links":{"self":[{"href":"https:\/\/www.wallendorff.com\/belogue\/wp-json\/wp\/v2\/posts\/21150","targetHints":{"allow":["GET"]}}],"collection":[{"href":"https:\/\/www.wallendorff.com\/belogue\/wp-json\/wp\/v2\/posts"}],"about":[{"href":"https:\/\/www.wallendorff.com\/belogue\/wp-json\/wp\/v2\/types\/post"}],"author":[{"embeddable":true,"href":"https:\/\/www.wallendorff.com\/belogue\/wp-json\/wp\/v2\/users\/1"}],"replies":[{"embeddable":true,"href":"https:\/\/www.wallendorff.com\/belogue\/wp-json\/wp\/v2\/comments?post=21150"}],"version-history":[{"count":5,"href":"https:\/\/www.wallendorff.com\/belogue\/wp-json\/wp\/v2\/posts\/21150\/revisions"}],"predecessor-version":[{"id":38249,"href":"https:\/\/www.wallendorff.com\/belogue\/wp-json\/wp\/v2\/posts\/21150\/revisions\/38249"}],"wp:featuredmedia":[{"embeddable":true,"href":"https:\/\/www.wallendorff.com\/belogue\/wp-json\/wp\/v2\/media\/26580"}],"wp:attachment":[{"href":"https:\/\/www.wallendorff.com\/belogue\/wp-json\/wp\/v2\/media?parent=21150"}],"wp:term":[{"taxonomy":"category","embeddable":true,"href":"https:\/\/www.wallendorff.com\/belogue\/wp-json\/wp\/v2\/categories?post=21150"},{"taxonomy":"post_tag","embeddable":true,"href":"https:\/\/www.wallendorff.com\/belogue\/wp-json\/wp\/v2\/tags?post=21150"}],"curies":[{"name":"wp","href":"https:\/\/api.w.org\/{rel}","templated":true}]}}