{"id":21123,"date":"2013-06-11T12:50:22","date_gmt":"2013-06-11T10:50:22","guid":{"rendered":"http:\/\/www.wallendorff.com\/?p=21123"},"modified":"2018-05-23T08:14:26","modified_gmt":"2018-05-23T06:14:26","slug":"jaime-pas-les-gants","status":"publish","type":"post","link":"https:\/\/www.wallendorff.com\/belogue\/2013\/06\/11\/jaime-pas-les-gants\/","title":{"rendered":"J&rsquo;aime pas les gants."},"content":{"rendered":"\n<div id=\"photo\">\n<p><img decoding=\"async\" src=\"https:\/\/www.wallendorff.com\/belogue\/photo\/2013\/06\/20130611.jpg\"><br \/>\nQuintessence, Saint-Ouen, avril 2013.<\/p>\n<\/p><\/div>\n<div id=\"bandeson\">\n<p><img decoding=\"async\" src=\"https:\/\/www.wallendorff.com\/belogue\/photo\/pochettes\/f\/fox_and_the_law-sleep_with_the_lights_on.jpg\" align=\"left\" \/><a style=\"font-weight:normal\" id=\"lienmp3\" href=\"http:\/\/www.youtube.com\/watch?v=7lJ7RhaHrNE\"><em>Sleep with the Lights on<\/em><\/a><br \/><a href=\"http:\/\/foxandthelaw.tumblr.com\/\">Fox and the Law<\/a><\/p>\n<\/p><\/div>\n","protected":false},"excerpt":{"rendered":"<p>Quintessence, Saint-Ouen, avril 2013. Sleep with the Lights onFox and the Law<\/p>\n","protected":false},"author":1,"featured_media":26606,"comment_status":"open","ping_status":"open","sticky":false,"template":"","format":"standard","meta":{"_acf_changed":false,"ngg_post_thumbnail":0,"jetpack_post_was_ever_published":false,"_jetpack_newsletter_access":"","_jetpack_dont_email_post_to_subs":false,"_jetpack_newsletter_tier_id":0,"_jetpack_memberships_contains_paywalled_content":false,"_jetpack_memberships_contains_paid_content":false,"footnotes":"","jetpack_publicize_message":"","jetpack_publicize_feature_enabled":true,"jetpack_social_post_already_shared":true,"jetpack_social_options":{"image_generator_settings":{"template":"highway","default_image_id":0,"font":"","enabled":false},"version":2}},"categories":[3],"tags":[2571,6766,7746,10120,10121,3593,10696,10622,4813,143,7745,4819,10876,10398,7747],"class_list":["post-21123","post","type-post","status-publish","format-standard","has-post-thumbnail","hentry","category-dpc","tag-ef-16-35-mm-f28l-ii-usm","tag-eos-5d-mark-iii","tag-fox-and-the-law","tag-france","tag-ile-de-france","tag-machine-a-ecrire","tag-magasin","tag-main","tag-marche-aux-puces","tag-noir-et-blanc","tag-quintessence","tag-rue-paul-bert","tag-saint-ouen","tag-seine-saint-denis","tag-sleep-with-the-lights-on"],"acf":[],"geo":{"latitude":48.9029312,"longitude":2.3401227,"description":"3 Rue Paul Bert, 93400 Saint-Ouen, France"},"jetpack_publicize_connections":[],"jetpack_featured_media_url":"https:\/\/www.wallendorff.com\/belogue\/wp-content\/uploads\/2015\/04\/20130611.jpg","jetpack_shortlink":"https:\/\/wp.me\/p3b35P-5uH","jetpack_sharing_enabled":true,"jetpack-related-posts":[{"id":12623,"url":"https:\/\/www.wallendorff.com\/belogue\/2011\/04\/08\/ccon-quun-ane-scie\/","url_meta":{"origin":21123,"position":0},"title":"C&rsquo;con qu&rsquo;un \u00e2ne scie.","author":"dpc","date":"8 avril 2011","format":false,"excerpt":"March\u00e9 Dauphine, Saint-Ouen, 20 mars. \u00a0Matthew and the Atlas \u2014 I Will Remain","rel":"","context":"Dans &quot;DPC&quot;","block_context":{"text":"DPC","link":"https:\/\/www.wallendorff.com\/belogue\/category\/dpc\/"},"img":{"alt_text":"","src":"https:\/\/i0.wp.com\/www.wallendorff.com\/belogue\/wp-content\/uploads\/2015\/04\/201104081.jpg?resize=350%2C200&ssl=1","width":350,"height":200},"classes":[]},{"id":21984,"url":"https:\/\/www.wallendorff.com\/belogue\/2013\/11\/12\/couleur\/","url_meta":{"origin":21123,"position":1},"title":"Couleur.","author":"dpc","date":"12 novembre 2013","format":false,"excerpt":"Rue Jules-Vall\u00e8s, Saint-Ouen, 22 septembre. Afterlife Arcade Fire","rel":"","context":"Dans &quot;DPC&quot;","block_context":{"text":"DPC","link":"https:\/\/www.wallendorff.com\/belogue\/category\/dpc\/"},"img":{"alt_text":"","src":"https:\/\/i0.wp.com\/www.wallendorff.com\/belogue\/wp-content\/uploads\/2015\/04\/201311121.jpg?resize=350%2C200&ssl=1","width":350,"height":200,"srcset":"https:\/\/i0.wp.com\/www.wallendorff.com\/belogue\/wp-content\/uploads\/2015\/04\/201311121.jpg?resize=350%2C200&ssl=1 1x, https:\/\/i0.wp.com\/www.wallendorff.com\/belogue\/wp-content\/uploads\/2015\/04\/201311121.jpg?resize=525%2C300&ssl=1 1.5x, https:\/\/i0.wp.com\/www.wallendorff.com\/belogue\/wp-content\/uploads\/2015\/04\/201311121.jpg?resize=700%2C400&ssl=1 2x"},"classes":[]},{"id":12626,"url":"https:\/\/www.wallendorff.com\/belogue\/2011\/04\/11\/azur-rance-tout-rixe\/","url_meta":{"origin":21123,"position":2},"title":"Azur rance, tout rixe.","author":"dpc","date":"11 avril 2011","format":false,"excerpt":"Rue Paul Bert, Saint-Ouen, 20 mars. \u00a0The Go! Team \u2014 Back Like 8 Track [youtube]http:\/\/www.youtube.com\/watch?v=_l7FgzQxlU8[\/youtube]","rel":"","context":"Dans &quot;DPC&quot;","block_context":{"text":"DPC","link":"https:\/\/www.wallendorff.com\/belogue\/category\/dpc\/"},"img":{"alt_text":"","src":"https:\/\/i0.wp.com\/www.wallendorff.com\/belogue\/wp-content\/uploads\/2015\/04\/201104111.jpg?resize=350%2C200&ssl=1","width":350,"height":200},"classes":[]},{"id":21456,"url":"https:\/\/www.wallendorff.com\/belogue\/2013\/08\/20\/culs-nuls-leau-nains-bussent\/","url_meta":{"origin":21123,"position":3},"title":"Culs nus, l&rsquo;eau nains bussent.","author":"dpc","date":"20 ao\u00fbt 2013","format":false,"excerpt":"Rue des Rosiers, Saint-Ouen, 16 juin. Tout le monde \u00e9tant encore en vacances, \u00e0 peu pr\u00e8s personne ne constatera que\u00a0: Ce titre est pourri. L'emploi de l'imp' sub' y est tout \u00e0 fait discutable. \u00c0 vue de pif, il s'agit plut\u00f4t d'un fractus. Et c'est point plus mal. Indigo MeadowThe\u2026","rel":"","context":"Dans &quot;DPC&quot;","block_context":{"text":"DPC","link":"https:\/\/www.wallendorff.com\/belogue\/category\/dpc\/"},"img":{"alt_text":"","src":"https:\/\/i0.wp.com\/www.wallendorff.com\/belogue\/wp-content\/uploads\/2015\/04\/201308201.jpg?resize=350%2C200&ssl=1","width":350,"height":200,"srcset":"https:\/\/i0.wp.com\/www.wallendorff.com\/belogue\/wp-content\/uploads\/2015\/04\/201308201.jpg?resize=350%2C200&ssl=1 1x, https:\/\/i0.wp.com\/www.wallendorff.com\/belogue\/wp-content\/uploads\/2015\/04\/201308201.jpg?resize=525%2C300&ssl=1 1.5x, https:\/\/i0.wp.com\/www.wallendorff.com\/belogue\/wp-content\/uploads\/2015\/04\/201308201.jpg?resize=700%2C400&ssl=1 2x"},"classes":[]},{"id":1024,"url":"https:\/\/www.wallendorff.com\/belogue\/2007\/08\/28\/craie-a-son-isthme\/","url_meta":{"origin":21123,"position":4},"title":"Craie a son isthme.","author":"dpc","date":"28 ao\u00fbt 2007","format":false,"excerpt":"Damstraat, Amsterdam, 12 ao\u00fbt. En attendant les vacances dans le Dorset qu'elle nous a promises pour le 24 septembre, l'avant-go\u00fbt du jour\u00a0: \u00a0PJ Harvey \u2013 Ouen Under Ezer","rel":"","context":"Dans &quot;DPC&quot;","block_context":{"text":"DPC","link":"https:\/\/www.wallendorff.com\/belogue\/category\/dpc\/"},"img":{"alt_text":"","src":"https:\/\/i0.wp.com\/www.wallendorff.com\/belogue\/wp-content\/uploads\/2015\/04\/200708281.jpg?resize=350%2C200&ssl=1","width":350,"height":200},"classes":[]},{"id":47517,"url":"https:\/\/www.wallendorff.com\/belogue\/2021\/01\/04\/la-petite-ceinture-paris\/","url_meta":{"origin":21123,"position":5},"title":"La Petite Ceinture, Paris.","author":"dpc","date":"4 janvier 2021","format":false,"excerpt":"Le Hasard Ludique, Paris, 14\u00a0septembre 2020. Reportage r\u00e9alis\u00e9 pour le num\u00e9ro 887 d'Historia Magazine, avec l'aimable participation de l'association pour la Sauvegarde de la Petite Ceinture, le Hasard Ludique et le Poin\u00e7on.","rel":"","context":"Dans &quot;DPC&quot;","block_context":{"text":"DPC","link":"https:\/\/www.wallendorff.com\/belogue\/category\/dpc\/"},"img":{"alt_text":"","src":"https:\/\/i0.wp.com\/www.wallendorff.com\/belogue\/wp-content\/uploads\/2021\/01\/20210104-23.jpg?resize=350%2C200&ssl=1","width":350,"height":200,"srcset":"https:\/\/i0.wp.com\/www.wallendorff.com\/belogue\/wp-content\/uploads\/2021\/01\/20210104-23.jpg?resize=350%2C200&ssl=1 1x, https:\/\/i0.wp.com\/www.wallendorff.com\/belogue\/wp-content\/uploads\/2021\/01\/20210104-23.jpg?resize=525%2C300&ssl=1 1.5x, https:\/\/i0.wp.com\/www.wallendorff.com\/belogue\/wp-content\/uploads\/2021\/01\/20210104-23.jpg?resize=700%2C400&ssl=1 2x, https:\/\/i0.wp.com\/www.wallendorff.com\/belogue\/wp-content\/uploads\/2021\/01\/20210104-23.jpg?resize=1050%2C600&ssl=1 3x"},"classes":[]}],"_links":{"self":[{"href":"https:\/\/www.wallendorff.com\/belogue\/wp-json\/wp\/v2\/posts\/21123","targetHints":{"allow":["GET"]}}],"collection":[{"href":"https:\/\/www.wallendorff.com\/belogue\/wp-json\/wp\/v2\/posts"}],"about":[{"href":"https:\/\/www.wallendorff.com\/belogue\/wp-json\/wp\/v2\/types\/post"}],"author":[{"embeddable":true,"href":"https:\/\/www.wallendorff.com\/belogue\/wp-json\/wp\/v2\/users\/1"}],"replies":[{"embeddable":true,"href":"https:\/\/www.wallendorff.com\/belogue\/wp-json\/wp\/v2\/comments?post=21123"}],"version-history":[{"count":4,"href":"https:\/\/www.wallendorff.com\/belogue\/wp-json\/wp\/v2\/posts\/21123\/revisions"}],"predecessor-version":[{"id":21127,"href":"https:\/\/www.wallendorff.com\/belogue\/wp-json\/wp\/v2\/posts\/21123\/revisions\/21127"}],"wp:featuredmedia":[{"embeddable":true,"href":"https:\/\/www.wallendorff.com\/belogue\/wp-json\/wp\/v2\/media\/26606"}],"wp:attachment":[{"href":"https:\/\/www.wallendorff.com\/belogue\/wp-json\/wp\/v2\/media?parent=21123"}],"wp:term":[{"taxonomy":"category","embeddable":true,"href":"https:\/\/www.wallendorff.com\/belogue\/wp-json\/wp\/v2\/categories?post=21123"},{"taxonomy":"post_tag","embeddable":true,"href":"https:\/\/www.wallendorff.com\/belogue\/wp-json\/wp\/v2\/tags?post=21123"}],"curies":[{"name":"wp","href":"https:\/\/api.w.org\/{rel}","templated":true}]}}