{"id":210,"date":"2006-01-23T22:07:26","date_gmt":"2006-01-23T22:07:26","guid":{"rendered":"http:\/\/www.po-l.com\/wordpress\/?p=210"},"modified":"2012-01-19T11:43:23","modified_gmt":"2012-01-19T09:43:23","slug":"etre-re","status":"publish","type":"post","link":"https:\/\/www.wallendorff.com\/belogue\/2006\/01\/23\/etre-re\/","title":{"rendered":"&Ecirc;tre re<sup>1<\/sup>."},"content":{"rendered":"\n<div id=\"photo\">\n<p><img decoding=\"async\" src=\"http:\/\/www.po-L.com\/belogue\/photo\/2006\/01\/20060123.jpg\" \/><br \/>Temple de Garnison, Metz, 14 janvier, 09h48.<\/p>\n<\/p><\/div>\n<p style=\"text-align:right\">Tu<br \/>\n        Recherches une bande-son matinale, tu<br \/>\n        Retrouves le disque, tu<br \/>\n        R&eacute;&eacute;coutes le disque et<\/p>\n<p style=\"text-align:right\">Tu<br \/>\n        Revis ton avril 94, tu<br \/>\n        Resillonnes l&rsquo;Angleterre, tu<br \/>\n        Red&eacute;couvres les Pumpkins, tu<br \/>\n        Revois la campagne alors<\/p>\n<p style=\"text-align:right\">Tu <br \/>\n        Reprends un peu de <em>pudding<\/em>.<\/p>\n<div id=\"bandeson\">\n<p><img decoding=\"async\" src=\"https:\/\/www.wallendorff.com\/belogue\/photo\/pochettes\/s\/satriani_joe-the_extremist.jpg\" align=\"left\" \/>&nbsp;<a href=\"http:\/\/www.satriani.com\">Joe Satriani<\/a> &mdash; <em>Rubina&rsquo;s Blue Sky Happiness<\/em><\/p>\n<\/p><\/div>\n<div id=\"bas_note\">\n<p>_____<\/p>\n<p><sup>1<\/sup> Ligne de base &copy; le Club Med, je sais, je devrais avoir honte.<\/p>\n<\/p><\/div>\n","protected":false},"excerpt":{"rendered":"<p>Temple de Garnison, Metz, 14 janvier, 09h48. Tu Recherches une bande-son matinale, tu Retrouves le disque, tu R&eacute;&eacute;coutes le disque et Tu Revis ton avril 94, tu Resillonnes l&rsquo;Angleterre, tu Red&eacute;couvres les Pumpkins, tu Revois la campagne alors Tu Reprends un peu de pudding. &nbsp;Joe Satriani &mdash; Rubina&rsquo;s Blue Sky Happiness _____ 1 Ligne de&hellip;<\/p>\n","protected":false},"author":1,"featured_media":24147,"comment_status":"open","ping_status":"open","sticky":false,"template":"","format":"standard","meta":{"_acf_changed":false,"ngg_post_thumbnail":0,"jetpack_post_was_ever_published":false,"_jetpack_newsletter_access":"","_jetpack_dont_email_post_to_subs":false,"_jetpack_newsletter_tier_id":0,"_jetpack_memberships_contains_paywalled_content":false,"_jetpack_memberships_contains_paid_content":false,"footnotes":"","jetpack_publicize_message":"","jetpack_publicize_feature_enabled":true,"jetpack_social_post_already_shared":false,"jetpack_social_options":{"image_generator_settings":{"template":"highway","default_image_id":0,"font":"","enabled":false},"version":2}},"categories":[3],"tags":[1365,132,10120,782,845,10175,10173,10174,1430,173,416],"class_list":["post-210","post","type-post","status-publish","format-standard","has-post-thumbnail","hentry","category-dpc","tag-brouillard","tag-eos-20d","tag-france","tag-jaune","tag-joe-satriani","tag-lorraine","tag-metz","tag-moselle","tag-rubinas-blue-sky-happiness","tag-sigma-28-70-mm-f28-dg-ex","tag-temple-de-garnison"],"acf":[],"geo":{"latitude":49.1237297,"longitude":6.1657815,"description":null},"jetpack_publicize_connections":[],"jetpack_featured_media_url":"https:\/\/www.wallendorff.com\/belogue\/wp-content\/uploads\/2015\/04\/200601231.jpg","jetpack_shortlink":"https:\/\/wp.me\/p3b35P-3o","jetpack_sharing_enabled":true,"jetpack-related-posts":[{"id":678,"url":"https:\/\/www.wallendorff.com\/belogue\/2004\/09\/01\/metz-30-aout-2004\/","url_meta":{"origin":210,"position":0},"title":"Metz, 30 ao\u00fbt 2004.","author":"dpc","date":"1 septembre 2004","format":false,"excerpt":"Au fond, le Temple de Garnison. \u00c0 droite, la Cath\u00e9drale.","rel":"","context":"Dans &quot;DPC&quot;","block_context":{"text":"DPC","link":"https:\/\/www.wallendorff.com\/belogue\/category\/dpc\/"},"img":{"alt_text":"","src":"https:\/\/i0.wp.com\/www.wallendorff.com\/belogue\/wp-content\/uploads\/2015\/04\/017.jpg?resize=350%2C200&ssl=1","width":350,"height":200},"classes":[]},{"id":373,"url":"https:\/\/www.wallendorff.com\/belogue\/2005\/05\/15\/merveilleuse-cite-dort\/","url_meta":{"origin":210,"position":1},"title":"Merveilleuse cit\u00e9 dort.","author":"dpc","date":"15 mai 2005","format":false,"excerpt":"Temple de Garnison et Cath\u00e9drale Saint-\u00c9tienne, Metz, 4 mai. Cliquouze \u00e9tant rentr\u00e9e, c'est\u00a0\u00e0 moi de partir. Du nouveau jeudi, je pense. Soyez sages, hein. \u00a0The White Stripes \u2013 Going Back to Memphis (Soledad Brothers cover) (live)","rel":"","context":"Dans &quot;DPC&quot;","block_context":{"text":"DPC","link":"https:\/\/www.wallendorff.com\/belogue\/category\/dpc\/"},"img":{"alt_text":"","src":"https:\/\/i0.wp.com\/www.wallendorff.com\/belogue\/wp-content\/uploads\/2015\/04\/200505151.jpg?resize=350%2C200&ssl=1","width":350,"height":200},"classes":[]},{"id":10744,"url":"https:\/\/www.wallendorff.com\/belogue\/2010\/12\/14\/ca-digue-ou-la-destinee\/","url_meta":{"origin":210,"position":2},"title":"\u00c7a digue [ou la destin\u00e9e].","author":"dpc","date":"14 d\u00e9cembre 2010","format":false,"excerpt":"Plage de Langoz, Loctudy, 31 octobre. Il est certes de fort mauvais go\u00fbt de poster en 2010 des bandes-sons avec des coiffures pareilles mais \u00e7a fait treize ans que ce truc me tombe dans la t\u00eate \u00e0 chaque fois que je croise une plage ensoleill\u00e9e et zut \u00e0 la fin\u2026","rel":"","context":"Dans &quot;DPC&quot;","block_context":{"text":"DPC","link":"https:\/\/www.wallendorff.com\/belogue\/category\/dpc\/"},"img":{"alt_text":"","src":"https:\/\/i0.wp.com\/www.wallendorff.com\/belogue\/wp-content\/uploads\/2015\/04\/201012141.jpg?resize=350%2C200&ssl=1","width":350,"height":200,"srcset":"https:\/\/i0.wp.com\/www.wallendorff.com\/belogue\/wp-content\/uploads\/2015\/04\/201012141.jpg?resize=350%2C200&ssl=1 1x, https:\/\/i0.wp.com\/www.wallendorff.com\/belogue\/wp-content\/uploads\/2015\/04\/201012141.jpg?resize=525%2C300&ssl=1 1.5x, https:\/\/i0.wp.com\/www.wallendorff.com\/belogue\/wp-content\/uploads\/2015\/04\/201012141.jpg?resize=700%2C400&ssl=1 2x"},"classes":[]},{"id":1086,"url":"https:\/\/www.wallendorff.com\/belogue\/2007\/11\/20\/joe-satriani-the-extremist\/","url_meta":{"origin":210,"position":3},"title":"Joe Satriani &ndash; The Extremist","author":"dpc","date":"20 novembre 2007","format":false,"excerpt":"#27 Label\u00a0: Epic Sortie\u00a0: 21 juillet 1992 Producteur\u00a0: Joe Satriani, Andy Johns, John Cuniberti En vrai, sur la cassette de Sepultura que le Lacaille m'avait fil\u00e9e1 figurait en face B cet album \u00e0 l'oppos\u00e9 de l'autre, aussi fignol\u00e9 et lisse que Chaos AD pouvait \u00eatre r\u00e8che et sauvage. The Extremist.\u2026","rel":"","context":"Dans &quot;Autodiscobiographie&quot;","block_context":{"text":"Autodiscobiographie","link":"https:\/\/www.wallendorff.com\/belogue\/category\/autodiscobiographie\/"},"img":{"alt_text":"","src":"https:\/\/i0.wp.com\/www.wallendorff.com\/belogue\/wp-content\/uploads\/2015\/04\/016b1.jpg?resize=350%2C200&ssl=1","width":350,"height":200,"srcset":"https:\/\/i0.wp.com\/www.wallendorff.com\/belogue\/wp-content\/uploads\/2015\/04\/016b1.jpg?resize=350%2C200&ssl=1 1x, https:\/\/i0.wp.com\/www.wallendorff.com\/belogue\/wp-content\/uploads\/2015\/04\/016b1.jpg?resize=525%2C300&ssl=1 1.5x, https:\/\/i0.wp.com\/www.wallendorff.com\/belogue\/wp-content\/uploads\/2015\/04\/016b1.jpg?resize=700%2C400&ssl=1 2x"},"classes":[]},{"id":521,"url":"https:\/\/www.wallendorff.com\/belogue\/2004\/12\/27\/tu-relus-tu-tus-chat-beau-point-tue\/","url_meta":{"origin":210,"position":4},"title":"Tu relus tu tus [chat beau point tue].","author":"dpc","date":"27 d\u00e9cembre 2004","format":false,"excerpt":"Sainte-S\u00e9gol\u00e8ne, Metz, 22 d\u00e9cembre. Me voy a Paris. Hasta Jueves. [\/Edit: J'allais partir en oubliant de mettre le 2004 en... du jour, frustrant du m\u00eame coup tout un tas de gens, dont une bonne part de judoka professionnels qui auraient eu t\u00f4t fait de me retrouver et me faire passer\u2026","rel":"","context":"Dans &quot;DPC&quot;","block_context":{"text":"DPC","link":"https:\/\/www.wallendorff.com\/belogue\/category\/dpc\/"},"img":{"alt_text":"","src":"https:\/\/i0.wp.com\/www.wallendorff.com\/belogue\/wp-content\/uploads\/2015\/04\/543.jpg?resize=350%2C200&ssl=1","width":350,"height":200},"classes":[]},{"id":459,"url":"https:\/\/www.wallendorff.com\/belogue\/2005\/02\/20\/les-brames-en-tombes\/","url_meta":{"origin":210,"position":5},"title":"Les br&acirc;mes en tombes.","author":"dpc","date":"20 f\u00e9vrier 2005","format":false,"excerpt":"Forest Hill Cemetery, Ann Arbor, 3 f\u00e9vrier. [Pass\u00e9 la soir\u00e9e devant le DVD de De Caunes. Replong\u00e9 en enfance. Ressorti mes tubes de l'\u00e9poque.] \u00a0Joe Satriani \u2014 Rubina (live)","rel":"","context":"Dans &quot;DPC&quot;","block_context":{"text":"DPC","link":"https:\/\/www.wallendorff.com\/belogue\/category\/dpc\/"},"img":{"alt_text":"","src":"https:\/\/i0.wp.com\/www.wallendorff.com\/belogue\/wp-content\/uploads\/2015\/04\/20050220-011.jpg?resize=350%2C200&ssl=1","width":350,"height":200},"classes":[]}],"_links":{"self":[{"href":"https:\/\/www.wallendorff.com\/belogue\/wp-json\/wp\/v2\/posts\/210","targetHints":{"allow":["GET"]}}],"collection":[{"href":"https:\/\/www.wallendorff.com\/belogue\/wp-json\/wp\/v2\/posts"}],"about":[{"href":"https:\/\/www.wallendorff.com\/belogue\/wp-json\/wp\/v2\/types\/post"}],"author":[{"embeddable":true,"href":"https:\/\/www.wallendorff.com\/belogue\/wp-json\/wp\/v2\/users\/1"}],"replies":[{"embeddable":true,"href":"https:\/\/www.wallendorff.com\/belogue\/wp-json\/wp\/v2\/comments?post=210"}],"version-history":[{"count":2,"href":"https:\/\/www.wallendorff.com\/belogue\/wp-json\/wp\/v2\/posts\/210\/revisions"}],"predecessor-version":[{"id":15434,"href":"https:\/\/www.wallendorff.com\/belogue\/wp-json\/wp\/v2\/posts\/210\/revisions\/15434"}],"wp:featuredmedia":[{"embeddable":true,"href":"https:\/\/www.wallendorff.com\/belogue\/wp-json\/wp\/v2\/media\/24147"}],"wp:attachment":[{"href":"https:\/\/www.wallendorff.com\/belogue\/wp-json\/wp\/v2\/media?parent=210"}],"wp:term":[{"taxonomy":"category","embeddable":true,"href":"https:\/\/www.wallendorff.com\/belogue\/wp-json\/wp\/v2\/categories?post=210"},{"taxonomy":"post_tag","embeddable":true,"href":"https:\/\/www.wallendorff.com\/belogue\/wp-json\/wp\/v2\/tags?post=210"}],"curies":[{"name":"wp","href":"https:\/\/api.w.org\/{rel}","templated":true}]}}