{"id":21,"date":"2006-02-03T23:40:45","date_gmt":"2006-02-03T23:40:45","guid":{"rendered":"http:\/\/www.po-l.com\/wordpress\/?p=21"},"modified":"2012-01-26T11:34:56","modified_gmt":"2012-01-26T09:34:56","slug":"previously-unreleased-25sup1-sup","status":"publish","type":"post","link":"https:\/\/www.wallendorff.com\/belogue\/2006\/02\/03\/previously-unreleased-25sup1-sup\/","title":{"rendered":"Previously Unreleased #25&sup1;."},"content":{"rendered":"\n<div id=\"photo\">\n<p><img decoding=\"async\" src=\"http:\/\/www.po-L.com\/belogue\/photo\/2006\/02\/20060203.jpg\" \/><br \/>\n          Groupe-inconnu-en-premi&egrave;re-partie-des-Editors, le Trabendo, Paris, 27 janvier.<\/p>\n<\/p><\/div>\n<p style=\"text-align:right\"> &ldquo;<em>I wonder to myself <br \/>\n        Could life ever be sane again?<\/em>&rdquo;<\/p>\n<div id=\"bandeson\">\n<p><img decoding=\"async\" src=\"https:\/\/www.wallendorff.com\/belogue\/photo\/pochettes\/s\/smiths_the-panic.jpg\" align=\"left\" \/>&nbsp;<a href=\"http:\/\/www.askmeaskmeaskme.com\">The Smiths<\/a> &mdash; <em>Panic<\/em><\/p>\n<\/p><\/div>\n<div id=\"bas_note\">\n<p>_____<\/p>\n<p><sup>1<\/sup> Concept bien foutu de chez <a href=\"http:\/\/blog.julietterobert.com\">cette gente dame<\/a> venu.<\/p>\n<\/p><\/div>\n","protected":false},"excerpt":{"rendered":"<p>Groupe-inconnu-en-premi&egrave;re-partie-des-Editors, le Trabendo, Paris, 27 janvier. &ldquo;I wonder to myself Could life ever be sane again?&rdquo; &nbsp;The Smiths &mdash; Panic _____ 1 Concept bien foutu de chez cette gente dame venu.<\/p>\n","protected":false},"author":1,"featured_media":23956,"comment_status":"open","ping_status":"open","sticky":false,"template":"","format":"standard","meta":{"_acf_changed":false,"ngg_post_thumbnail":0,"jetpack_post_was_ever_published":false,"_jetpack_newsletter_access":"","_jetpack_dont_email_post_to_subs":false,"_jetpack_newsletter_tier_id":0,"_jetpack_memberships_contains_paywalled_content":false,"_jetpack_memberships_contains_paid_content":false,"footnotes":"","jetpack_publicize_message":"","jetpack_publicize_feature_enabled":true,"jetpack_social_post_already_shared":false,"jetpack_social_options":{"image_generator_settings":{"template":"highway","default_image_id":0,"font":"","enabled":false},"version":2}},"categories":[5],"tags":[174,10268,10084,132,10120,1444,10121,10361,484,10098,173,213],"class_list":["post-21","post","type-post","status-publish","format-standard","has-post-thumbnail","hentry","category-previously-unreleased","tag-174","tag-10268","tag-alive","tag-eos-20d","tag-france","tag-gliss","tag-ile-de-france","tag-le-trabendo","tag-panic","tag-paris","tag-sigma-28-70-mm-f28-dg-ex","tag-the-smiths"],"acf":[],"geo":{"latitude":48.8926849,"longitude":2.3939588,"description":"All\u00e9e du Belv\u00e9d\u00e8re, 75019 Paris, France"},"jetpack_publicize_connections":[],"jetpack_featured_media_url":"https:\/\/www.wallendorff.com\/belogue\/wp-content\/uploads\/2015\/04\/200602031.jpg","jetpack_shortlink":"https:\/\/wp.me\/p3b35P-l","jetpack_sharing_enabled":true,"jetpack-related-posts":[{"id":5461,"url":"https:\/\/www.wallendorff.com\/belogue\/2009\/12\/20\/previously-unreleased-87\/","url_meta":{"origin":21,"position":0},"title":"Previously unreleased #87.","author":"dpc","date":"20 d\u00e9cembre 2009","format":false,"excerpt":"Heavy Trash, le Trabendo, Paris, 7 octobre. \u00a0The Walkmen \u2013 The Rat","rel":"","context":"Dans &quot;Previously unreleased&quot;","block_context":{"text":"Previously unreleased","link":"https:\/\/www.wallendorff.com\/belogue\/category\/previously-unreleased\/"},"img":{"alt_text":"","src":"https:\/\/i0.wp.com\/www.wallendorff.com\/belogue\/wp-content\/uploads\/2015\/04\/200912201.jpg?resize=350%2C200&ssl=1","width":350,"height":200},"classes":[]},{"id":97,"url":"https:\/\/www.wallendorff.com\/belogue\/2006\/03\/10\/previously-unreleased-27\/","url_meta":{"origin":21,"position":1},"title":"Previously unreleased #271.","author":"dpc","date":"10 mars 2006","format":false,"excerpt":"Arctic Monkeys, Le Trabendo, Paris, 24 f\u00e9vrier, 21h19. Bon. Caf\u00e9. Vite. \u00a0The Subways \u2013 Staring at the Sun (TV on the Radio cover) (acoustic) _____ 1 Concept choupi repomp\u00e9 ici.","rel":"","context":"Dans &quot;Previously unreleased&quot;","block_context":{"text":"Previously unreleased","link":"https:\/\/www.wallendorff.com\/belogue\/category\/previously-unreleased\/"},"img":{"alt_text":"","src":"https:\/\/i0.wp.com\/www.wallendorff.com\/belogue\/wp-content\/uploads\/2015\/04\/200603091.jpg?resize=350%2C200&ssl=1","width":350,"height":200},"classes":[]},{"id":1007,"url":"https:\/\/www.wallendorff.com\/belogue\/2007\/08\/02\/previously-unreleased-62\/","url_meta":{"origin":21,"position":2},"title":"Previously unreleased #62\u00b9.","author":"dpc","date":"2 ao\u00fbt 2007","format":false,"excerpt":"Ben Kweller [sans Pierre Guimard], le Trabendo, Paris, 6 novembre 2006. Je voulais me trouver un Everyday Should Be a Holiday, \u00f4de \u00e0 la gloire de l'\u00e9picurisme latente vautr\u00e9 dans lequel je serais bien mieux que l\u00e0, maintenant, tout de suite, c'est quand les vacances berdel\u00a0?, mais le Internet n'est\u2026","rel":"","context":"Dans &quot;Previously unreleased&quot;","block_context":{"text":"Previously unreleased","link":"https:\/\/www.wallendorff.com\/belogue\/category\/previously-unreleased\/"},"img":{"alt_text":"","src":"https:\/\/i0.wp.com\/www.wallendorff.com\/belogue\/wp-content\/uploads\/2015\/04\/200708021.jpg?resize=350%2C200&ssl=1","width":350,"height":200},"classes":[]},{"id":1014,"url":"https:\/\/www.wallendorff.com\/belogue\/2007\/08\/10\/previously-unreleased-64\/","url_meta":{"origin":21,"position":3},"title":"Previously unreleased #64\u00b9.","author":"dpc","date":"10 ao\u00fbt 2007","format":false,"excerpt":"Cold War Kids, le Trabendo, 2 mai. La\u00ef, La\u00ef la\u00ef, Oh. \u00a0The White Stripes \u2013 Prickly Thorn, But Sweetly Worn (live Glace Bay, 14\/07\/2007) [concert complet dispo l\u00e0.] \/Edit : Chez moi le lecteur embarqu\u00e9 a d\u00e9cid\u00e9 de lire la bande-son \u00e0 la moiti\u00e9 de sa vitesse. Certes, on profite\u2026","rel":"","context":"Dans &quot;Previously unreleased&quot;","block_context":{"text":"Previously unreleased","link":"https:\/\/www.wallendorff.com\/belogue\/category\/previously-unreleased\/"},"img":{"alt_text":"","src":"https:\/\/i0.wp.com\/www.wallendorff.com\/belogue\/wp-content\/uploads\/2015\/04\/200708101.jpg?resize=350%2C200&ssl=1","width":350,"height":200},"classes":[]},{"id":128393,"url":"https:\/\/www.wallendorff.com\/belogue\/2024\/06\/16\/cetait-2008\/","url_meta":{"origin":21,"position":4},"title":"C&rsquo;\u00e9tait 2008.","author":"dpc","date":"16 juin 2024","format":false,"excerpt":"2008, fin de cycles. KillerPilze @ le Trabendo, Paris, 12 janvier 2008. Linkin Park @ le Galaxie, Amn\u00e9ville, 17 janvier 2008. Paris, 27 janvier 2008. Mademoiselle K @ studios Jet, Bruxelles, 16 f\u00e9vrier 2008. Londres, 18 f\u00e9vrier 2008. Amsterdam, 2 avril 2008. Editors @ le Bataclan, Paris, 07 avril 2008\u2026","rel":"","context":"Dans &quot;DPC&quot;","block_context":{"text":"DPC","link":"https:\/\/www.wallendorff.com\/belogue\/category\/dpc\/"},"img":{"alt_text":"","src":"https:\/\/i0.wp.com\/www.wallendorff.com\/belogue\/wp-content\/uploads\/2024\/06\/20240616-04.jpg?resize=350%2C200&ssl=1","width":350,"height":200,"srcset":"https:\/\/i0.wp.com\/www.wallendorff.com\/belogue\/wp-content\/uploads\/2024\/06\/20240616-04.jpg?resize=350%2C200&ssl=1 1x, https:\/\/i0.wp.com\/www.wallendorff.com\/belogue\/wp-content\/uploads\/2024\/06\/20240616-04.jpg?resize=525%2C300&ssl=1 1.5x, https:\/\/i0.wp.com\/www.wallendorff.com\/belogue\/wp-content\/uploads\/2024\/06\/20240616-04.jpg?resize=700%2C400&ssl=1 2x, https:\/\/i0.wp.com\/www.wallendorff.com\/belogue\/wp-content\/uploads\/2024\/06\/20240616-04.jpg?resize=1050%2C600&ssl=1 3x"},"classes":[]},{"id":128329,"url":"https:\/\/www.wallendorff.com\/belogue\/2024\/06\/14\/cetait-2006\/","url_meta":{"origin":21,"position":5},"title":"C&rsquo;\u00e9tait 2006.","author":"dpc","date":"14 juin 2024","format":false,"excerpt":"62 concerts en 2006. \u00c7a explique la nature de la galerie de l'ann\u00e9e. Arctic Monkeys @ le Trabendo, Paris, 24 f\u00e9vrier 2006 Londres, 3 mars 2006 Londres, 28 avril 2006 Arctic Monkeys @ le Bataclan, Paris, 2 mai 2006 Dresden Dolls @ le Bataclan, Paris, 18 mai 2006 Asyl @\u2026","rel":"","context":"Dans &quot;DPC&quot;","block_context":{"text":"DPC","link":"https:\/\/www.wallendorff.com\/belogue\/category\/dpc\/"},"img":{"alt_text":"","src":"https:\/\/i0.wp.com\/www.wallendorff.com\/belogue\/wp-content\/uploads\/2024\/06\/20240614-19.jpg?resize=350%2C200&ssl=1","width":350,"height":200,"srcset":"https:\/\/i0.wp.com\/www.wallendorff.com\/belogue\/wp-content\/uploads\/2024\/06\/20240614-19.jpg?resize=350%2C200&ssl=1 1x, https:\/\/i0.wp.com\/www.wallendorff.com\/belogue\/wp-content\/uploads\/2024\/06\/20240614-19.jpg?resize=525%2C300&ssl=1 1.5x, https:\/\/i0.wp.com\/www.wallendorff.com\/belogue\/wp-content\/uploads\/2024\/06\/20240614-19.jpg?resize=700%2C400&ssl=1 2x, https:\/\/i0.wp.com\/www.wallendorff.com\/belogue\/wp-content\/uploads\/2024\/06\/20240614-19.jpg?resize=1050%2C600&ssl=1 3x"},"classes":[]}],"_links":{"self":[{"href":"https:\/\/www.wallendorff.com\/belogue\/wp-json\/wp\/v2\/posts\/21","targetHints":{"allow":["GET"]}}],"collection":[{"href":"https:\/\/www.wallendorff.com\/belogue\/wp-json\/wp\/v2\/posts"}],"about":[{"href":"https:\/\/www.wallendorff.com\/belogue\/wp-json\/wp\/v2\/types\/post"}],"author":[{"embeddable":true,"href":"https:\/\/www.wallendorff.com\/belogue\/wp-json\/wp\/v2\/users\/1"}],"replies":[{"embeddable":true,"href":"https:\/\/www.wallendorff.com\/belogue\/wp-json\/wp\/v2\/comments?post=21"}],"version-history":[{"count":1,"href":"https:\/\/www.wallendorff.com\/belogue\/wp-json\/wp\/v2\/posts\/21\/revisions"}],"predecessor-version":[{"id":15539,"href":"https:\/\/www.wallendorff.com\/belogue\/wp-json\/wp\/v2\/posts\/21\/revisions\/15539"}],"wp:featuredmedia":[{"embeddable":true,"href":"https:\/\/www.wallendorff.com\/belogue\/wp-json\/wp\/v2\/media\/23956"}],"wp:attachment":[{"href":"https:\/\/www.wallendorff.com\/belogue\/wp-json\/wp\/v2\/media?parent=21"}],"wp:term":[{"taxonomy":"category","embeddable":true,"href":"https:\/\/www.wallendorff.com\/belogue\/wp-json\/wp\/v2\/categories?post=21"},{"taxonomy":"post_tag","embeddable":true,"href":"https:\/\/www.wallendorff.com\/belogue\/wp-json\/wp\/v2\/tags?post=21"}],"curies":[{"name":"wp","href":"https:\/\/api.w.org\/{rel}","templated":true}]}}