{"id":20990,"date":"2013-05-22T11:40:13","date_gmt":"2013-05-22T09:40:13","guid":{"rendered":"http:\/\/www.wallendorff.com\/?p=20990"},"modified":"2013-12-27T16:09:38","modified_gmt":"2013-12-27T14:09:38","slug":"crystal-fighters-la-machine-du-moulin-rouge-paris","status":"publish","type":"post","link":"https:\/\/www.wallendorff.com\/belogue\/2013\/05\/22\/crystal-fighters-la-machine-du-moulin-rouge-paris\/","title":{"rendered":"Crystal Fighters @ la Machine du Moulin Rouge, Paris."},"content":{"rendered":"\n<div id=\"photo\">\n<p><img decoding=\"async\" src=\"https:\/\/www.wallendorff.com\/belogue\/photo\/2013\/05\/20130522.jpg\"><\/p>\n<\/p><\/div>\n<div id=\"bandeson\">\n<p><img decoding=\"async\" src=\"https:\/\/www.wallendorff.com\/belogue\/photo\/pochettes\/c\/crystal_fighters-cave_rave.jpg\" align=\"left\" \/><a style=\"font-weight:normal\" id=\"lienmp3\" href=\"http:\/\/www.youtube.com\/watch?v=mxk24nL7xQY\"><em>You &amp; I<\/em><\/a><br \/><a href=\"http:\/\/www.crystalfighters.com\/\">Crystal Fighters<\/a><\/p>\n<\/p><\/div>ngg_shortcode_0_placeholder<p>&nbsp;<\/p>\n","protected":false},"excerpt":{"rendered":"<p>You &amp; ICrystal Fighters &nbsp;<\/p>\n","protected":false},"author":1,"featured_media":26572,"comment_status":"open","ping_status":"open","sticky":false,"template":"","format":"standard","meta":{"_acf_changed":false,"ngg_post_thumbnail":0,"jetpack_post_was_ever_published":false,"_jetpack_newsletter_access":"","_jetpack_dont_email_post_to_subs":false,"_jetpack_newsletter_tier_id":0,"_jetpack_memberships_contains_paywalled_content":false,"_jetpack_memberships_contains_paid_content":false,"footnotes":"","jetpack_publicize_message":"","jetpack_publicize_feature_enabled":true,"jetpack_social_post_already_shared":true,"jetpack_social_options":{"image_generator_settings":{"template":"highway","default_image_id":0,"font":"","enabled":false},"version":2}},"categories":[7],"tags":[11281,10143,10084,10898,196,181,2615,6766,8268,10762,10120,10121,10998,10098,7676],"class_list":["post-20990","post","type-post","status-publish","format-standard","has-post-thumbnail","hentry","category-alive","tag-11281","tag-10143","tag-alive","tag-boulevard-de-clichy","tag-ef-28-70-mm-f28l-usm","tag-ef-70-200-mm-f28l-usm","tag-eos-5d-mark-ii","tag-eos-5d-mark-iii","tag-cave-rave","tag-crystal-fighters","tag-france","tag-ile-de-france","tag-la-machine-du-moulin-rouge","tag-paris","tag-you-i"],"acf":[],"geo":{"latitude":48.8841705,"longitude":2.3322077,"description":"Paris 17 Batignolles-Monceau, \u00cele-de-France, 75845 CEDEX 17, FR"},"jetpack_publicize_connections":[],"jetpack_featured_media_url":"https:\/\/www.wallendorff.com\/belogue\/wp-content\/uploads\/2015\/04\/20130522.jpg","jetpack_shortlink":"https:\/\/wp.me\/p3b35P-5sy","jetpack_sharing_enabled":true,"jetpack-related-posts":[{"id":7617,"url":"https:\/\/www.wallendorff.com\/belogue\/2010\/06\/02\/kate-nash-la-cigale-paris\/","url_meta":{"origin":20990,"position":0},"title":"Kate Nash @ la Cigale, Paris.","author":"dpc","date":"2 juin 2010","format":false,"excerpt":"Entre nous, c'est quand m\u00eame plus facile quand la rock star sourit tout le temps. [Et dans une belle robe en forme de drapeau breton qu'on se croirait d\u00e9j\u00e0 en pleine saison des festivals, c'est encore mieux.] \u00a0Kate Nash \u2013 Mouthwash","rel":"","context":"Dans &quot;Alive&quot;","block_context":{"text":"Alive","link":"https:\/\/www.wallendorff.com\/belogue\/category\/alive\/"},"img":{"alt_text":"","src":"https:\/\/i0.wp.com\/www.wallendorff.com\/belogue\/wp-content\/uploads\/2015\/04\/201006021.jpg?resize=350%2C200&ssl=1","width":350,"height":200,"srcset":"https:\/\/i0.wp.com\/www.wallendorff.com\/belogue\/wp-content\/uploads\/2015\/04\/201006021.jpg?resize=350%2C200&ssl=1 1x, https:\/\/i0.wp.com\/www.wallendorff.com\/belogue\/wp-content\/uploads\/2015\/04\/201006021.jpg?resize=525%2C300&ssl=1 1.5x, https:\/\/i0.wp.com\/www.wallendorff.com\/belogue\/wp-content\/uploads\/2015\/04\/201006021.jpg?resize=700%2C400&ssl=1 2x"},"classes":[]},{"id":32763,"url":"https:\/\/www.wallendorff.com\/belogue\/2016\/10\/28\/crystal-fighters-le-trabendo-paris-24-octobre\/","url_meta":{"origin":20990,"position":1},"title":"Crystal Fighters @ le Trabendo, Paris, 24 octobre.","author":"dpc","date":"28 octobre 2016","format":false,"excerpt":"Lay Low Crystal Fighters","rel":"","context":"Dans &quot;Alive&quot;","block_context":{"text":"Alive","link":"https:\/\/www.wallendorff.com\/belogue\/category\/alive\/"},"img":{"alt_text":"","src":"https:\/\/i0.wp.com\/www.wallendorff.com\/belogue\/wp-content\/uploads\/2016\/10\/20161027-08-1.jpg?resize=350%2C200&ssl=1","width":350,"height":200,"srcset":"https:\/\/i0.wp.com\/www.wallendorff.com\/belogue\/wp-content\/uploads\/2016\/10\/20161027-08-1.jpg?resize=350%2C200&ssl=1 1x, https:\/\/i0.wp.com\/www.wallendorff.com\/belogue\/wp-content\/uploads\/2016\/10\/20161027-08-1.jpg?resize=525%2C300&ssl=1 1.5x, https:\/\/i0.wp.com\/www.wallendorff.com\/belogue\/wp-content\/uploads\/2016\/10\/20161027-08-1.jpg?resize=700%2C400&ssl=1 2x"},"classes":[]},{"id":16236,"url":"https:\/\/www.wallendorff.com\/belogue\/2012\/03\/06\/sleigh-bells-charli-xcx-la-machine-du-moulin-rouge-paris\/","url_meta":{"origin":20990,"position":2},"title":"Sleigh Bells + Charli XCX @ la Machine du Moulin Rouge, Paris.","author":"dpc","date":"6 mars 2012","format":false,"excerpt":"Intro | True Shred Guitar | Born to Lose | Riot Rhythm | A\/B Machines | Kids | End of the Line | Comeback Kid | Tell 'Em | Leader of the Pack | Straight A's | Treats | Infinity Guitars || Rill Rill | Demons | Crown on the\u2026","rel":"","context":"Dans &quot;Alive&quot;","block_context":{"text":"Alive","link":"https:\/\/www.wallendorff.com\/belogue\/category\/alive\/"},"img":{"alt_text":"","src":"https:\/\/i0.wp.com\/www.wallendorff.com\/belogue\/wp-content\/uploads\/2015\/04\/201203061.jpg?resize=350%2C200&ssl=1","width":350,"height":200,"srcset":"https:\/\/i0.wp.com\/www.wallendorff.com\/belogue\/wp-content\/uploads\/2015\/04\/201203061.jpg?resize=350%2C200&ssl=1 1x, https:\/\/i0.wp.com\/www.wallendorff.com\/belogue\/wp-content\/uploads\/2015\/04\/201203061.jpg?resize=525%2C300&ssl=1 1.5x, https:\/\/i0.wp.com\/www.wallendorff.com\/belogue\/wp-content\/uploads\/2015\/04\/201203061.jpg?resize=700%2C400&ssl=1 2x"},"classes":[]},{"id":21955,"url":"https:\/\/www.wallendorff.com\/belogue\/2013\/11\/05\/crystal-fighters-le-bataclan-paris-29-octobre\/","url_meta":{"origin":20990,"position":3},"title":"Crystal Fighters @ le Bataclan, Paris, 29 octobre.","author":"dpc","date":"5 novembre 2013","format":false,"excerpt":"Solar System | Follow | L.A. Calling | Champion Sound | Separator | I Do This Everyday | Love Is All I Got | You & I | Plage | Are We One | Love Natural | In the Summer | At Home || I Love London | Xtatic Truth\u2026","rel":"","context":"Dans &quot;Alive&quot;","block_context":{"text":"Alive","link":"https:\/\/www.wallendorff.com\/belogue\/category\/alive\/"},"img":{"alt_text":"","src":"https:\/\/i0.wp.com\/www.wallendorff.com\/belogue\/wp-content\/uploads\/2015\/04\/201311051.jpg?resize=350%2C200&ssl=1","width":350,"height":200,"srcset":"https:\/\/i0.wp.com\/www.wallendorff.com\/belogue\/wp-content\/uploads\/2015\/04\/201311051.jpg?resize=350%2C200&ssl=1 1x, https:\/\/i0.wp.com\/www.wallendorff.com\/belogue\/wp-content\/uploads\/2015\/04\/201311051.jpg?resize=525%2C300&ssl=1 1.5x, https:\/\/i0.wp.com\/www.wallendorff.com\/belogue\/wp-content\/uploads\/2015\/04\/201311051.jpg?resize=700%2C400&ssl=1 2x"},"classes":[]},{"id":7774,"url":"https:\/\/www.wallendorff.com\/belogue\/2010\/06\/30\/en-slip-harley-sarah-tousse-toi\/","url_meta":{"origin":20990,"position":4},"title":"En slip Harley, Sarah tousse-toi.","author":"dpc","date":"30 juin 2010","format":false,"excerpt":"Rue Jacques-Fran\u00e7ois Blondel, Metz, 22 mai. Mais \u00e0 part \u00e7a, rien. \u00a0The Ponys \u2013 Little Friends","rel":"","context":"Dans &quot;DPC&quot;","block_context":{"text":"DPC","link":"https:\/\/www.wallendorff.com\/belogue\/category\/dpc\/"},"img":{"alt_text":"","src":"https:\/\/i0.wp.com\/www.wallendorff.com\/belogue\/wp-content\/uploads\/2015\/04\/201006301.jpg?resize=350%2C200&ssl=1","width":350,"height":200},"classes":[]},{"id":34362,"url":"https:\/\/www.wallendorff.com\/belogue\/2017\/07\/04\/foo-fighters-bercy-arena-paris\/","url_meta":{"origin":20990,"position":5},"title":"Foo Fighters @ Bercy Ar\u00e9na, Paris.","author":"dpc","date":"4 juillet 2017","format":false,"excerpt":"","rel":"","context":"Dans &quot;Alive&quot;","block_context":{"text":"Alive","link":"https:\/\/www.wallendorff.com\/belogue\/category\/alive\/"},"img":{"alt_text":"","src":"https:\/\/i0.wp.com\/www.wallendorff.com\/belogue\/wp-content\/uploads\/2017\/07\/20170704-09.jpg?resize=350%2C200&ssl=1","width":350,"height":200,"srcset":"https:\/\/i0.wp.com\/www.wallendorff.com\/belogue\/wp-content\/uploads\/2017\/07\/20170704-09.jpg?resize=350%2C200&ssl=1 1x, https:\/\/i0.wp.com\/www.wallendorff.com\/belogue\/wp-content\/uploads\/2017\/07\/20170704-09.jpg?resize=525%2C300&ssl=1 1.5x, https:\/\/i0.wp.com\/www.wallendorff.com\/belogue\/wp-content\/uploads\/2017\/07\/20170704-09.jpg?resize=700%2C400&ssl=1 2x"},"classes":[]}],"_links":{"self":[{"href":"https:\/\/www.wallendorff.com\/belogue\/wp-json\/wp\/v2\/posts\/20990","targetHints":{"allow":["GET"]}}],"collection":[{"href":"https:\/\/www.wallendorff.com\/belogue\/wp-json\/wp\/v2\/posts"}],"about":[{"href":"https:\/\/www.wallendorff.com\/belogue\/wp-json\/wp\/v2\/types\/post"}],"author":[{"embeddable":true,"href":"https:\/\/www.wallendorff.com\/belogue\/wp-json\/wp\/v2\/users\/1"}],"replies":[{"embeddable":true,"href":"https:\/\/www.wallendorff.com\/belogue\/wp-json\/wp\/v2\/comments?post=20990"}],"version-history":[{"count":6,"href":"https:\/\/www.wallendorff.com\/belogue\/wp-json\/wp\/v2\/posts\/20990\/revisions"}],"predecessor-version":[{"id":22286,"href":"https:\/\/www.wallendorff.com\/belogue\/wp-json\/wp\/v2\/posts\/20990\/revisions\/22286"}],"wp:featuredmedia":[{"embeddable":true,"href":"https:\/\/www.wallendorff.com\/belogue\/wp-json\/wp\/v2\/media\/26572"}],"wp:attachment":[{"href":"https:\/\/www.wallendorff.com\/belogue\/wp-json\/wp\/v2\/media?parent=20990"}],"wp:term":[{"taxonomy":"category","embeddable":true,"href":"https:\/\/www.wallendorff.com\/belogue\/wp-json\/wp\/v2\/categories?post=20990"},{"taxonomy":"post_tag","embeddable":true,"href":"https:\/\/www.wallendorff.com\/belogue\/wp-json\/wp\/v2\/tags?post=20990"}],"curies":[{"name":"wp","href":"https:\/\/api.w.org\/{rel}","templated":true}]}}