{"id":20986,"date":"2013-05-21T12:54:29","date_gmt":"2013-05-21T10:54:29","guid":{"rendered":"http:\/\/www.wallendorff.com\/?p=20986"},"modified":"2013-05-21T12:54:29","modified_gmt":"2013-05-21T10:54:29","slug":"%c2%ab-la-butte-non-lue-%c2%bb-croit-yves","status":"publish","type":"post","link":"https:\/\/www.wallendorff.com\/belogue\/2013\/05\/21\/%c2%ab-la-butte-non-lue-%c2%bb-croit-yves\/","title":{"rendered":"\u00ab La butte non lue \u00bb, croit Yves."},"content":{"rendered":"\n<div id=\"photo\">\n<p><img decoding=\"async\" src=\"https:\/\/www.wallendorff.com\/belogue\/photo\/2013\/05\/20130521.jpg\"><br \/>\nButte Bergeyre, Paris, 14 avril.<\/p>\n<\/p><\/div>\n<div id=\"bandeson\">\n<p><img decoding=\"async\" src=\"https:\/\/www.wallendorff.com\/belogue\/photo\/pochettes\/b\/bibio-silver_wilkinson.jpg\" align=\"left\" \/><a style=\"font-weight:normal\" id=\"lienmp3\" href=\"http:\/\/www.youtube.com\/watch?v=De6GrveAjzo\"><em>&Agrave; tout &agrave; l&rsquo;heure<\/em><\/a><br \/><a href=\"https:\/\/www.facebook.com\/mrBibio\">Bibio<\/a><\/p>\n<\/p><\/div>\n","protected":false},"excerpt":{"rendered":"<p>Butte Bergeyre, Paris, 14 avril. &Agrave; tout &agrave; l&rsquo;heureBibio<\/p>\n","protected":false},"author":1,"featured_media":26575,"comment_status":"open","ping_status":"open","sticky":false,"template":"","format":"standard","meta":{"_acf_changed":false,"ngg_post_thumbnail":0,"jetpack_post_was_ever_published":false,"_jetpack_newsletter_access":"","_jetpack_dont_email_post_to_subs":false,"_jetpack_newsletter_tier_id":0,"_jetpack_memberships_contains_paywalled_content":false,"_jetpack_memberships_contains_paid_content":false,"footnotes":"","jetpack_publicize_message":"","jetpack_publicize_feature_enabled":true,"jetpack_social_post_already_shared":true,"jetpack_social_options":{"image_generator_settings":{"template":"highway","default_image_id":0,"font":"","enabled":false},"version":2}},"categories":[3],"tags":[10268,7675,10487,7674,5648,6766,10238,10120,10121,10142,10098,10514,170],"class_list":["post-20986","post","type-post","status-publish","format-standard","has-post-thumbnail","hentry","category-dpc","tag-10268","tag-a-tout-a-lheure","tag-basilique-du-sacre-coeur","tag-bibio","tag-butte-bergeyre","tag-eos-5d-mark-iii","tag-eglise","tag-france","tag-ile-de-france","tag-montmartre","tag-paris","tag-paysage","tag-sigma-70-300-mm-f4-56-dg-apo-macro"],"acf":[],"geo":{"latitude":48.8773346,"longitude":2.3756273,"description":"Paris 19, \u00cele-de-France, 75958 CEDEX 19, FR"},"jetpack_publicize_connections":[],"jetpack_featured_media_url":"https:\/\/www.wallendorff.com\/belogue\/wp-content\/uploads\/2015\/04\/20130521.jpg","jetpack_shortlink":"https:\/\/wp.me\/p3b35P-5su","jetpack_sharing_enabled":true,"jetpack-related-posts":[{"id":16362,"url":"https:\/\/www.wallendorff.com\/belogue\/2012\/03\/13\/fenetres-i\/","url_meta":{"origin":20986,"position":0},"title":"Fen\u00eatres [I].","author":"dpc","date":"13 mars 2012","format":false,"excerpt":"Rue Georges Lardennois, Paris, 22 janvier. Plants and Animals \u2013 Lightshow [youtube]http:\/\/www.youtube.com\/watch?v=EhJvSw99G1E[\/youtube]","rel":"","context":"Dans &quot;DPC&quot;","block_context":{"text":"DPC","link":"https:\/\/www.wallendorff.com\/belogue\/category\/dpc\/"},"img":{"alt_text":"","src":"https:\/\/i0.wp.com\/www.wallendorff.com\/belogue\/wp-content\/uploads\/2015\/04\/201203131.jpg?resize=350%2C200&ssl=1","width":350,"height":200,"srcset":"https:\/\/i0.wp.com\/www.wallendorff.com\/belogue\/wp-content\/uploads\/2015\/04\/201203131.jpg?resize=350%2C200&ssl=1 1x, https:\/\/i0.wp.com\/www.wallendorff.com\/belogue\/wp-content\/uploads\/2015\/04\/201203131.jpg?resize=525%2C300&ssl=1 1.5x, https:\/\/i0.wp.com\/www.wallendorff.com\/belogue\/wp-content\/uploads\/2015\/04\/201203131.jpg?resize=700%2C400&ssl=1 2x"},"classes":[]},{"id":16411,"url":"https:\/\/www.wallendorff.com\/belogue\/2012\/03\/16\/fenetres-ii\/","url_meta":{"origin":20986,"position":1},"title":"Fen\u00eatres [II].","author":"dpc","date":"16 mars 2012","format":false,"excerpt":"Rue Georges Lardennois, Paris, 22 janvier. Yellow Ostrich \u2013 Stay at Home [youtube]http:\/\/www.youtube.com\/watch?v=CEEUKpQRuJQ[\/youtube]","rel":"","context":"Dans &quot;DPC&quot;","block_context":{"text":"DPC","link":"https:\/\/www.wallendorff.com\/belogue\/category\/dpc\/"},"img":{"alt_text":"","src":"https:\/\/i0.wp.com\/www.wallendorff.com\/belogue\/wp-content\/uploads\/2015\/04\/201203161.jpg?resize=350%2C200&ssl=1","width":350,"height":200},"classes":[]},{"id":33986,"url":"https:\/\/www.wallendorff.com\/belogue\/2017\/04\/30\/avril-2017\/","url_meta":{"origin":20986,"position":2},"title":"Avril 2017.","author":"dpc","date":"30 avril 2017","format":false,"excerpt":"Un bar, un enfant, un Bercy, des coulisses, un chat pr\u00e9nomm\u00e9 Clyst\u00e8re, un concert, un concours de vin, un cr\u00e9puscule, un bar \u00e0 cocktail, un anniversaire, un train, un th\u00e9\u00e2tre, un num\u00e9ro, une pointe, un champ, un phare, un J\u00e9sus, une grosse bo\u00eete, une pointe, un phare, un graffiti, des\u2026","rel":"","context":"Dans &quot;Blog-note&quot;","block_context":{"text":"Blog-note","link":"https:\/\/www.wallendorff.com\/belogue\/category\/blog-note\/"},"img":{"alt_text":"","src":"https:\/\/i0.wp.com\/www.wallendorff.com\/belogue\/wp-content\/uploads\/2017\/04\/20170516-30.jpg?resize=350%2C200&ssl=1","width":350,"height":200,"srcset":"https:\/\/i0.wp.com\/www.wallendorff.com\/belogue\/wp-content\/uploads\/2017\/04\/20170516-30.jpg?resize=350%2C200&ssl=1 1x, https:\/\/i0.wp.com\/www.wallendorff.com\/belogue\/wp-content\/uploads\/2017\/04\/20170516-30.jpg?resize=525%2C300&ssl=1 1.5x, https:\/\/i0.wp.com\/www.wallendorff.com\/belogue\/wp-content\/uploads\/2017\/04\/20170516-30.jpg?resize=700%2C400&ssl=1 2x"},"classes":[]},{"id":21635,"url":"https:\/\/www.wallendorff.com\/belogue\/2013\/09\/20\/a-butte-pourvoir\/","url_meta":{"origin":20986,"position":3},"title":"\u00c0 butte, pourvoir.","author":"dpc","date":"20 septembre 2013","format":false,"excerpt":"Paris, 14 ao\u00fbt. Hearts Like OursThe Naked and Famous","rel":"","context":"Dans &quot;DPC&quot;","block_context":{"text":"DPC","link":"https:\/\/www.wallendorff.com\/belogue\/category\/dpc\/"},"img":{"alt_text":"","src":"https:\/\/i0.wp.com\/www.wallendorff.com\/belogue\/wp-content\/uploads\/2015\/04\/201309201.jpg?resize=350%2C200&ssl=1","width":350,"height":200},"classes":[]},{"id":453,"url":"https:\/\/www.wallendorff.com\/belogue\/2005\/02\/28\/de-butte-en-blanc\/","url_meta":{"origin":20986,"position":4},"title":"De Butte-En-Blanc.","author":"dpc","date":"28 f\u00e9vrier 2005","format":false,"excerpt":"Montmartre, Paris, 23 f\u00e9vrier. \"This could be the very minute I'm aware I'm alive All these places feel like home...\" \u00a0Snow Patrol \u2013 Chocolate","rel":"","context":"Dans &quot;DPC&quot;","block_context":{"text":"DPC","link":"https:\/\/www.wallendorff.com\/belogue\/category\/dpc\/"},"img":{"alt_text":"","src":"https:\/\/i0.wp.com\/www.wallendorff.com\/belogue\/wp-content\/uploads\/2015\/04\/20050228-011.jpg?resize=350%2C200&ssl=1","width":350,"height":200},"classes":[]},{"id":1239,"url":"https:\/\/www.wallendorff.com\/belogue\/2008\/05\/30\/t-amre-la-butte\/","url_meta":{"origin":20986,"position":5},"title":"T&rsquo;am\u00e8re la butte.","author":"dpc","date":"30 mai 2008","format":false,"excerpt":"Rue Cortot, Paris, 12 avril. Ah oui sinon, Nigel Tufnel est toujours vivant et fid\u00e8le \u00e0 lui-m\u00eame. [Et de mon c\u00f4t\u00e9 je squatte chez les Mademoiselle K mais je dis \u00e7a seulement parce que c'est rare qu'on me polaro\u00efde, pas par pur \u00e9gocentrisme \u00e9hont\u00e9.] \u00a0Low \u2013 Point of Disgust","rel":"","context":"Dans &quot;DPC&quot;","block_context":{"text":"DPC","link":"https:\/\/www.wallendorff.com\/belogue\/category\/dpc\/"},"img":{"alt_text":"","src":"https:\/\/i0.wp.com\/www.wallendorff.com\/belogue\/wp-content\/uploads\/2015\/04\/200805301.jpg?resize=350%2C200&ssl=1","width":350,"height":200},"classes":[]}],"_links":{"self":[{"href":"https:\/\/www.wallendorff.com\/belogue\/wp-json\/wp\/v2\/posts\/20986","targetHints":{"allow":["GET"]}}],"collection":[{"href":"https:\/\/www.wallendorff.com\/belogue\/wp-json\/wp\/v2\/posts"}],"about":[{"href":"https:\/\/www.wallendorff.com\/belogue\/wp-json\/wp\/v2\/types\/post"}],"author":[{"embeddable":true,"href":"https:\/\/www.wallendorff.com\/belogue\/wp-json\/wp\/v2\/users\/1"}],"replies":[{"embeddable":true,"href":"https:\/\/www.wallendorff.com\/belogue\/wp-json\/wp\/v2\/comments?post=20986"}],"version-history":[{"count":3,"href":"https:\/\/www.wallendorff.com\/belogue\/wp-json\/wp\/v2\/posts\/20986\/revisions"}],"predecessor-version":[{"id":20989,"href":"https:\/\/www.wallendorff.com\/belogue\/wp-json\/wp\/v2\/posts\/20986\/revisions\/20989"}],"wp:featuredmedia":[{"embeddable":true,"href":"https:\/\/www.wallendorff.com\/belogue\/wp-json\/wp\/v2\/media\/26575"}],"wp:attachment":[{"href":"https:\/\/www.wallendorff.com\/belogue\/wp-json\/wp\/v2\/media?parent=20986"}],"wp:term":[{"taxonomy":"category","embeddable":true,"href":"https:\/\/www.wallendorff.com\/belogue\/wp-json\/wp\/v2\/categories?post=20986"},{"taxonomy":"post_tag","embeddable":true,"href":"https:\/\/www.wallendorff.com\/belogue\/wp-json\/wp\/v2\/tags?post=20986"}],"curies":[{"name":"wp","href":"https:\/\/api.w.org\/{rel}","templated":true}]}}