{"id":209,"date":"2006-01-22T23:43:00","date_gmt":"2006-01-22T23:43:00","guid":{"rendered":"http:\/\/www.po-l.com\/wordpress\/?p=209"},"modified":"2012-01-18T11:39:47","modified_gmt":"2012-01-18T09:39:47","slug":"prendre-gares-d-a-soi-3","status":"publish","type":"post","link":"https:\/\/www.wallendorff.com\/belogue\/2006\/01\/22\/prendre-gares-d-a-soi-3\/","title":{"rendered":"Prendre gares d&rsquo;&agrave; soi #3."},"content":{"rendered":"\n<div id=\"photo\">\n<p><img decoding=\"async\" src=\"http:\/\/www.po-L.com\/belogue\/photo\/2006\/01\/20060122.jpg\"\/><br \/>\n          Gare SNCF, Metz, 13 janvier, 21h46.<\/p>\n<\/p><\/div>\n<p style=\"text-align:right\">S={&Oslash;}<\/p>\n<div id=\"bandeson\">\n<p><img decoding=\"async\" src=\"https:\/\/www.wallendorff.com\/belogue\/photo\/pochettes\/p\/pearl_jam-no_code.jpg\" align=\"left\" \/>&nbsp;<a href=\"http:\/\/www.tenclub.net\/\">Pearl Jam<\/a> &ndash; <em>I&rsquo;m Open<\/em><\/p>\n<\/p><\/div>\n","protected":false},"excerpt":{"rendered":"<p>Gare SNCF, Metz, 13 janvier, 21h46. S={&Oslash;} &nbsp;Pearl Jam &ndash; I&rsquo;m Open<\/p>\n","protected":false},"author":1,"featured_media":24146,"comment_status":"open","ping_status":"open","sticky":false,"template":"","format":"standard","meta":{"_acf_changed":false,"ngg_post_thumbnail":0,"jetpack_post_was_ever_published":false,"_jetpack_newsletter_access":"","_jetpack_dont_email_post_to_subs":false,"_jetpack_newsletter_tier_id":0,"_jetpack_memberships_contains_paywalled_content":false,"_jetpack_memberships_contains_paid_content":false,"footnotes":"","jetpack_publicize_message":"","jetpack_publicize_feature_enabled":true,"jetpack_social_post_already_shared":false,"jetpack_social_options":{"image_generator_settings":{"template":"highway","default_image_id":0,"font":"","enabled":false},"version":2}},"categories":[3],"tags":[132,10319,10120,10247,10248,1429,10175,10173,10174,10147,10165,170],"class_list":["post-209","post","type-post","status-publish","format-standard","has-post-thumbnail","hentry","category-dpc","tag-eos-20d","tag-flou","tag-france","tag-gare","tag-gare-de-metz-ville","tag-im-open","tag-lorraine","tag-metz","tag-moselle","tag-nuit","tag-pearl-jam","tag-sigma-70-300-mm-f4-56-dg-apo-macro"],"acf":[],"geo":{"latitude":49.1094322,"longitude":6.1778407,"description":null},"jetpack_publicize_connections":[],"jetpack_featured_media_url":"https:\/\/www.wallendorff.com\/belogue\/wp-content\/uploads\/2015\/04\/200601221.jpg","jetpack_shortlink":"https:\/\/wp.me\/p3b35P-3n","jetpack_sharing_enabled":true,"jetpack-related-posts":[{"id":53974,"url":"https:\/\/www.wallendorff.com\/belogue\/2022\/12\/29\/313\/","url_meta":{"origin":209,"position":0},"title":"313.","author":"dpc","date":"29 d\u00e9cembre 2022","format":false,"excerpt":"Deux photos prises \u00e0 1 h 55 min d'intervalle, d'un bout \u00e0 l'autre de la ligne de chemin de fer Metz \u2013 Paris.\u00a0","rel":"","context":"Dans &quot;DPC&quot;","block_context":{"text":"DPC","link":"https:\/\/www.wallendorff.com\/belogue\/category\/dpc-en\/"},"img":{"alt_text":"","src":"https:\/\/i0.wp.com\/www.wallendorff.com\/belogue\/wp-content\/uploads\/2022\/12\/20221229-01.jpg?resize=350%2C200&ssl=1","width":350,"height":200,"srcset":"https:\/\/i0.wp.com\/www.wallendorff.com\/belogue\/wp-content\/uploads\/2022\/12\/20221229-01.jpg?resize=350%2C200&ssl=1 1x, https:\/\/i0.wp.com\/www.wallendorff.com\/belogue\/wp-content\/uploads\/2022\/12\/20221229-01.jpg?resize=525%2C300&ssl=1 1.5x, https:\/\/i0.wp.com\/www.wallendorff.com\/belogue\/wp-content\/uploads\/2022\/12\/20221229-01.jpg?resize=700%2C400&ssl=1 2x, https:\/\/i0.wp.com\/www.wallendorff.com\/belogue\/wp-content\/uploads\/2022\/12\/20221229-01.jpg?resize=1050%2C600&ssl=1 3x"},"classes":[]},{"id":208,"url":"https:\/\/www.wallendorff.com\/belogue\/2006\/01\/20\/prendre-gares-d-a-soi-2\/","url_meta":{"origin":209,"position":1},"title":"Prendre gares d&rsquo;&agrave; soi #2.","author":"dpc","date":"20 janvier 2006","format":false,"excerpt":"Gare SNCF, Metz, 13 janvier, 21h44. \u201cAlways back to the sun, Always back to someone.\u201d \u00a0The Duke Spirit \u2013 Lovetones","rel":"","context":"Dans &quot;DPC&quot;","block_context":{"text":"DPC","link":"https:\/\/www.wallendorff.com\/belogue\/category\/dpc\/"},"img":{"alt_text":"","src":"https:\/\/i0.wp.com\/www.wallendorff.com\/belogue\/wp-content\/uploads\/2015\/04\/200601201.jpg?resize=350%2C200&ssl=1","width":350,"height":200},"classes":[]},{"id":430,"url":"https:\/\/www.wallendorff.com\/belogue\/2005\/03\/25\/banc-quai\/","url_meta":{"origin":209,"position":2},"title":"Banc-quai.","author":"dpc","date":"25 mars 2005","format":false,"excerpt":"Gare de Metz-Ville, 20 mars. \"Il en va de l'Amour comme du temps, Parfois la bise annonce le vent.\" [Je l'ai trouv\u00e9e dans le train, j'\u00e9tais content de moi] [Je sais, je sais, y avait pas de quoi.] \u00a0PJ Harvey \u2013 Pocket Knife","rel":"","context":"Dans &quot;DPC&quot;","block_context":{"text":"DPC","link":"https:\/\/www.wallendorff.com\/belogue\/category\/dpc\/"},"img":{"alt_text":"","src":"https:\/\/i0.wp.com\/www.wallendorff.com\/belogue\/wp-content\/uploads\/2015\/04\/20050325-011.jpg?resize=350%2C200&ssl=1","width":350,"height":200},"classes":[]},{"id":126836,"url":"https:\/\/www.wallendorff.com\/belogue\/2023\/12\/08\/metz-du-dimanche\/","url_meta":{"origin":209,"position":3},"title":"Metz du dimanche.","author":"dpc","date":"8 d\u00e9cembre 2023","format":false,"excerpt":"","rel":"","context":"Dans &quot;DPC&quot;","block_context":{"text":"DPC","link":"https:\/\/www.wallendorff.com\/belogue\/category\/dpc\/"},"img":{"alt_text":"","src":"https:\/\/i0.wp.com\/www.wallendorff.com\/belogue\/wp-content\/uploads\/2023\/12\/20231208-02.jpg?resize=350%2C200&ssl=1","width":350,"height":200,"srcset":"https:\/\/i0.wp.com\/www.wallendorff.com\/belogue\/wp-content\/uploads\/2023\/12\/20231208-02.jpg?resize=350%2C200&ssl=1 1x, https:\/\/i0.wp.com\/www.wallendorff.com\/belogue\/wp-content\/uploads\/2023\/12\/20231208-02.jpg?resize=525%2C300&ssl=1 1.5x, https:\/\/i0.wp.com\/www.wallendorff.com\/belogue\/wp-content\/uploads\/2023\/12\/20231208-02.jpg?resize=700%2C400&ssl=1 2x"},"classes":[]},{"id":785,"url":"https:\/\/www.wallendorff.com\/belogue\/2006\/09\/13\/train-t-es-en-so-assure-t-on\/","url_meta":{"origin":209,"position":4},"title":"Train t&rsquo;es en [so assure-t-on].","author":"dpc","date":"13 septembre 2006","format":false,"excerpt":"Gare SNCF, Metz, 10 septembre. Je ne vous ai pas parl\u00e9 de Beno\u00eet. Bonjour. Il s'appelle Beno\u00eet, il a 34 ans, il porte des chandails \u00e0 col roul\u00e9 et il est informaticien (ouuuuuuuuuuuuh1). Beno\u00eet2, il a cr\u00e9\u00e9 d\u00e9clencheur.com, un podcast qu'il est belge et qu'il est bien pour parler photo,\u2026","rel":"","context":"Dans &quot;DPC&quot;","block_context":{"text":"DPC","link":"https:\/\/www.wallendorff.com\/belogue\/category\/dpc\/"},"img":{"alt_text":"","src":"https:\/\/i0.wp.com\/www.wallendorff.com\/belogue\/wp-content\/uploads\/2015\/04\/200609131.jpg?resize=350%2C200&ssl=1","width":350,"height":200},"classes":[]},{"id":108,"url":"https:\/\/www.wallendorff.com\/belogue\/2006\/03\/23\/va-ciller\/","url_meta":{"origin":209,"position":5},"title":"Va ciller.","author":"dpc","date":"23 mars 2006","format":false,"excerpt":"Gare du Nord, Paris, 14 mars, 22h12. [Wherever you might be, happy eighty-three.] Direction Metz, son IV, sa Com', ses Ar\u00eanes, ses cravates, son muguet, ses ronds de chapeaux et son Ricard. Retour dimanche ou bien. \u201cAlice died, In the night, I've been learning to drive My whole life.\u201d \u00a0Arcade\u2026","rel":"","context":"Dans &quot;DPC&quot;","block_context":{"text":"DPC","link":"https:\/\/www.wallendorff.com\/belogue\/category\/dpc\/"},"img":{"alt_text":"","src":"https:\/\/i0.wp.com\/www.wallendorff.com\/belogue\/wp-content\/uploads\/2015\/04\/200603231.jpg?resize=350%2C200&ssl=1","width":350,"height":200},"classes":[]}],"_links":{"self":[{"href":"https:\/\/www.wallendorff.com\/belogue\/wp-json\/wp\/v2\/posts\/209","targetHints":{"allow":["GET"]}}],"collection":[{"href":"https:\/\/www.wallendorff.com\/belogue\/wp-json\/wp\/v2\/posts"}],"about":[{"href":"https:\/\/www.wallendorff.com\/belogue\/wp-json\/wp\/v2\/types\/post"}],"author":[{"embeddable":true,"href":"https:\/\/www.wallendorff.com\/belogue\/wp-json\/wp\/v2\/users\/1"}],"replies":[{"embeddable":true,"href":"https:\/\/www.wallendorff.com\/belogue\/wp-json\/wp\/v2\/comments?post=209"}],"version-history":[{"count":1,"href":"https:\/\/www.wallendorff.com\/belogue\/wp-json\/wp\/v2\/posts\/209\/revisions"}],"predecessor-version":[{"id":15418,"href":"https:\/\/www.wallendorff.com\/belogue\/wp-json\/wp\/v2\/posts\/209\/revisions\/15418"}],"wp:featuredmedia":[{"embeddable":true,"href":"https:\/\/www.wallendorff.com\/belogue\/wp-json\/wp\/v2\/media\/24146"}],"wp:attachment":[{"href":"https:\/\/www.wallendorff.com\/belogue\/wp-json\/wp\/v2\/media?parent=209"}],"wp:term":[{"taxonomy":"category","embeddable":true,"href":"https:\/\/www.wallendorff.com\/belogue\/wp-json\/wp\/v2\/categories?post=209"},{"taxonomy":"post_tag","embeddable":true,"href":"https:\/\/www.wallendorff.com\/belogue\/wp-json\/wp\/v2\/tags?post=209"}],"curies":[{"name":"wp","href":"https:\/\/api.w.org\/{rel}","templated":true}]}}