{"id":20863,"date":"2013-05-07T16:06:56","date_gmt":"2013-05-07T14:06:56","guid":{"rendered":"http:\/\/www.wallendorff.com\/?p=20863"},"modified":"2013-12-27T15:59:34","modified_gmt":"2013-12-27T13:59:34","slug":"into-the-wide-8","status":"publish","type":"post","link":"https:\/\/www.wallendorff.com\/belogue\/2013\/05\/07\/into-the-wide-8\/","title":{"rendered":"Into the wide #8."},"content":{"rendered":"\n<div id=\"photo\">\n<p><img decoding=\"async\" src=\"https:\/\/www.wallendorff.com\/belogue\/photo\/2013\/05\/20130507.jpg\"><br \/>\nLe Trianon, Paris, 16 mars.<\/p>\n<\/p><\/div>\n<p style=\"text-align:right\">Il y avait eu un <a href=\"https:\/\/www.wallendorff.com\/belogue\/2013\/01\/24\/aftershow\/\">apr&egrave;s<\/a>, voil&agrave; un avant. Pris bien apr&egrave;s l&rsquo;apr&egrave;s. Et de bien moins pr&egrave;s que l&rsquo;apr&egrave;s, qui l&rsquo;avait &eacute;t&eacute; de l&rsquo;avant.<\/p>\n<p style=\"text-align:right\">[Mais pas expr&egrave;s.]<\/p>\n<div id=\"bandeson\">\n<p><img decoding=\"async\" src=\"https:\/\/www.wallendorff.com\/belogue\/photo\/pochettes\/j\/junip-junip.jpg\" align=\"left\" \/><a style=\"font-weight:normal\" id=\"lienmp3\" href=\"https:\/\/www.wallendorff.com\/belogue\/media\/20130507.mp3\"><em>After All Is Said And Done<\/em><\/a><br \/><a href=\"http:\/\/www.junip.net\/\">Junip<\/a><\/p>\n<\/p><\/div>\n","protected":false},"excerpt":{"rendered":"<p>Le Trianon, Paris, 16 mars. Il y avait eu un apr&egrave;s, voil&agrave; un avant. Pris bien apr&egrave;s l&rsquo;apr&egrave;s. Et de bien moins pr&egrave;s que l&rsquo;apr&egrave;s, qui l&rsquo;avait &eacute;t&eacute; de l&rsquo;avant. [Mais pas expr&egrave;s.] After All Is Said And DoneJunip<\/p>\n","protected":false},"author":1,"featured_media":26576,"comment_status":"open","ping_status":"open","sticky":false,"template":"","format":"standard","meta":{"_acf_changed":false,"ngg_post_thumbnail":0,"jetpack_post_was_ever_published":false,"_jetpack_newsletter_access":"","_jetpack_dont_email_post_to_subs":false,"_jetpack_newsletter_tier_id":0,"_jetpack_memberships_contains_paywalled_content":false,"_jetpack_memberships_contains_paid_content":false,"footnotes":"","jetpack_publicize_message":"","jetpack_publicize_feature_enabled":true,"jetpack_social_post_already_shared":true,"jetpack_social_options":{"image_generator_settings":{"template":"highway","default_image_id":0,"font":"","enabled":false},"version":2}},"categories":[7356],"tags":[10143,7649,10118,11014,1016,6766,10533,10121,10744,8264,10894,10098,11280,7338,10712],"class_list":["post-20863","post","type-post","status-publish","format-standard","has-post-thumbnail","hentry","category-into-the-wide","tag-10143","tag-after-all-is-said-and-done","tag-black-rebel-motorcycle-club","tag-boulevard-de-rochechouart","tag-ef-15-mm-f28-fisheye","tag-eos-5d-mark-iii","tag-concert","tag-ile-de-france","tag-junip","tag-junip-album","tag-le-trianon","tag-paris","tag-salle","tag-specter-at-the-feast","tag-vide"],"acf":[],"geo":{"latitude":48.882946,"longitude":2.3429611,"description":"82 Boulevard de Rochechouart, 75018 Paris, France"},"jetpack_publicize_connections":[],"jetpack_featured_media_url":"https:\/\/www.wallendorff.com\/belogue\/wp-content\/uploads\/2015\/04\/20130507.jpg","jetpack_shortlink":"https:\/\/wp.me\/p3b35P-5qv","jetpack_sharing_enabled":true,"jetpack-related-posts":[{"id":20927,"url":"https:\/\/www.wallendorff.com\/belogue\/2013\/05\/15\/junip-barbarossa-le-trabendo-paris\/","url_meta":{"origin":20863,"position":0},"title":"Junip + Barbarossa @ le Trabendo, Paris.","author":"dpc","date":"15 mai 2013","format":false,"excerpt":"Jos\u00e9 Gonz\u00e1lez \u00e9tait d\u00e9j\u00e0 bon tout seul, il est encore meilleur en groupe. \u00c0 noter aussi la bonne d\u00e9couverte Barbarossa. Walking LightlyJunip Barbarossa \u00a0 Junip \u00a0","rel":"","context":"Dans &quot;Alive&quot;","block_context":{"text":"Alive","link":"https:\/\/www.wallendorff.com\/belogue\/category\/alive\/"},"img":{"alt_text":"","src":"https:\/\/i0.wp.com\/www.wallendorff.com\/belogue\/wp-content\/uploads\/2015\/04\/20130515.jpg?resize=350%2C200&ssl=1","width":350,"height":200,"srcset":"https:\/\/i0.wp.com\/www.wallendorff.com\/belogue\/wp-content\/uploads\/2015\/04\/20130515.jpg?resize=350%2C200&ssl=1 1x, https:\/\/i0.wp.com\/www.wallendorff.com\/belogue\/wp-content\/uploads\/2015\/04\/20130515.jpg?resize=525%2C300&ssl=1 1.5x, https:\/\/i0.wp.com\/www.wallendorff.com\/belogue\/wp-content\/uploads\/2015\/04\/20130515.jpg?resize=700%2C400&ssl=1 2x"},"classes":[]},{"id":7642,"url":"https:\/\/www.wallendorff.com\/belogue\/2010\/06\/06\/menomena-junip-la-fleche-dor-paris\/","url_meta":{"origin":20863,"position":1},"title":"Menomena + Junip @ la Fl\u00e8che d&rsquo;Or, Paris.","author":"dpc","date":"6 juin 2010","format":false,"excerpt":"\u00a0Junip \u2013 Far Away Junip Menomena","rel":"","context":"Dans &quot;Alive&quot;","block_context":{"text":"Alive","link":"https:\/\/www.wallendorff.com\/belogue\/category\/alive\/"},"img":{"alt_text":"","src":"https:\/\/i0.wp.com\/www.wallendorff.com\/belogue\/wp-content\/uploads\/2015\/04\/201006061.jpg?resize=350%2C200&ssl=1","width":350,"height":200,"srcset":"https:\/\/i0.wp.com\/www.wallendorff.com\/belogue\/wp-content\/uploads\/2015\/04\/201006061.jpg?resize=350%2C200&ssl=1 1x, https:\/\/i0.wp.com\/www.wallendorff.com\/belogue\/wp-content\/uploads\/2015\/04\/201006061.jpg?resize=525%2C300&ssl=1 1.5x, https:\/\/i0.wp.com\/www.wallendorff.com\/belogue\/wp-content\/uploads\/2015\/04\/201006061.jpg?resize=700%2C400&ssl=1 2x"},"classes":[]},{"id":20388,"url":"https:\/\/www.wallendorff.com\/belogue\/2013\/02\/05\/what-would-you-say-if-you-had-to-leave-today\/","url_meta":{"origin":20863,"position":2},"title":"What would you say, if you had to leave today.","author":"dpc","date":"5 f\u00e9vrier 2013","format":false,"excerpt":"Faidherbe - Chaligny, Paris, 28 d\u00e9cembre 2012. Line of Fire Junip","rel":"","context":"Dans &quot;DPC&quot;","block_context":{"text":"DPC","link":"https:\/\/www.wallendorff.com\/belogue\/category\/dpc\/"},"img":{"alt_text":"","src":"https:\/\/i0.wp.com\/www.wallendorff.com\/belogue\/wp-content\/uploads\/2015\/04\/20130205.jpg?resize=350%2C200&ssl=1","width":350,"height":200,"srcset":"https:\/\/i0.wp.com\/www.wallendorff.com\/belogue\/wp-content\/uploads\/2015\/04\/20130205.jpg?resize=350%2C200&ssl=1 1x, https:\/\/i0.wp.com\/www.wallendorff.com\/belogue\/wp-content\/uploads\/2015\/04\/20130205.jpg?resize=525%2C300&ssl=1 1.5x, https:\/\/i0.wp.com\/www.wallendorff.com\/belogue\/wp-content\/uploads\/2015\/04\/20130205.jpg?resize=700%2C400&ssl=1 2x"},"classes":[]},{"id":21722,"url":"https:\/\/www.wallendorff.com\/belogue\/2013\/10\/04\/dos-aux-morts\/","url_meta":{"origin":20863,"position":3},"title":"Dos aux morts.","author":"dpc","date":"4 octobre 2013","format":false,"excerpt":"Cimeti\u00e8re du P\u00e8re-Lachaise, Paris, 16 ao\u00fbt. Walking LightlyJunip","rel":"","context":"Dans &quot;DPC&quot;","block_context":{"text":"DPC","link":"https:\/\/www.wallendorff.com\/belogue\/category\/dpc\/"},"img":{"alt_text":"","src":"https:\/\/i0.wp.com\/www.wallendorff.com\/belogue\/wp-content\/uploads\/2015\/04\/201310041.jpg?resize=350%2C200&ssl=1","width":350,"height":200},"classes":[]},{"id":12759,"url":"https:\/\/www.wallendorff.com\/belogue\/2011\/05\/16\/follow-v\/","url_meta":{"origin":20863,"position":4},"title":"Follow [V].","author":"dpc","date":"16 mai 2011","format":false,"excerpt":"Rue Lepic, Paris, 20 avril. \u00a0Junip \u2013 Nackrosdammen","rel":"","context":"Dans &quot;DPC&quot;","block_context":{"text":"DPC","link":"https:\/\/www.wallendorff.com\/belogue\/category\/dpc\/"},"img":{"alt_text":"","src":"https:\/\/i0.wp.com\/www.wallendorff.com\/belogue\/wp-content\/uploads\/2015\/04\/201105161.jpg?resize=350%2C200&ssl=1","width":350,"height":200},"classes":[]},{"id":14452,"url":"https:\/\/www.wallendorff.com\/belogue\/2011\/11\/14\/la-petite-boutique-des-horaires\/","url_meta":{"origin":20863,"position":5},"title":"La petite boutique des horaires.","author":"dpc","date":"14 novembre 2011","format":false,"excerpt":"Rue Ravignan, Paris, 30 ao\u00fbt. Junip \u2013 White Rain","rel":"","context":"Dans &quot;DPC&quot;","block_context":{"text":"DPC","link":"https:\/\/www.wallendorff.com\/belogue\/category\/dpc\/"},"img":{"alt_text":"","src":"https:\/\/i0.wp.com\/www.wallendorff.com\/belogue\/wp-content\/uploads\/2015\/04\/201111141.jpg?resize=350%2C200&ssl=1","width":350,"height":200,"srcset":"https:\/\/i0.wp.com\/www.wallendorff.com\/belogue\/wp-content\/uploads\/2015\/04\/201111141.jpg?resize=350%2C200&ssl=1 1x, https:\/\/i0.wp.com\/www.wallendorff.com\/belogue\/wp-content\/uploads\/2015\/04\/201111141.jpg?resize=525%2C300&ssl=1 1.5x"},"classes":[]}],"_links":{"self":[{"href":"https:\/\/www.wallendorff.com\/belogue\/wp-json\/wp\/v2\/posts\/20863","targetHints":{"allow":["GET"]}}],"collection":[{"href":"https:\/\/www.wallendorff.com\/belogue\/wp-json\/wp\/v2\/posts"}],"about":[{"href":"https:\/\/www.wallendorff.com\/belogue\/wp-json\/wp\/v2\/types\/post"}],"author":[{"embeddable":true,"href":"https:\/\/www.wallendorff.com\/belogue\/wp-json\/wp\/v2\/users\/1"}],"replies":[{"embeddable":true,"href":"https:\/\/www.wallendorff.com\/belogue\/wp-json\/wp\/v2\/comments?post=20863"}],"version-history":[{"count":5,"href":"https:\/\/www.wallendorff.com\/belogue\/wp-json\/wp\/v2\/posts\/20863\/revisions"}],"predecessor-version":[{"id":22265,"href":"https:\/\/www.wallendorff.com\/belogue\/wp-json\/wp\/v2\/posts\/20863\/revisions\/22265"}],"wp:featuredmedia":[{"embeddable":true,"href":"https:\/\/www.wallendorff.com\/belogue\/wp-json\/wp\/v2\/media\/26576"}],"wp:attachment":[{"href":"https:\/\/www.wallendorff.com\/belogue\/wp-json\/wp\/v2\/media?parent=20863"}],"wp:term":[{"taxonomy":"category","embeddable":true,"href":"https:\/\/www.wallendorff.com\/belogue\/wp-json\/wp\/v2\/categories?post=20863"},{"taxonomy":"post_tag","embeddable":true,"href":"https:\/\/www.wallendorff.com\/belogue\/wp-json\/wp\/v2\/tags?post=20863"}],"curies":[{"name":"wp","href":"https:\/\/api.w.org\/{rel}","templated":true}]}}