{"id":20811,"date":"2013-04-26T16:15:01","date_gmt":"2013-04-26T14:15:01","guid":{"rendered":"http:\/\/www.wallendorff.com\/?p=20811"},"modified":"2013-04-26T16:15:30","modified_gmt":"2013-04-26T14:15:30","slug":"wanna-die-in-beat-city-and-run-run-run","status":"publish","type":"post","link":"https:\/\/www.wallendorff.com\/belogue\/2013\/04\/26\/wanna-die-in-beat-city-and-run-run-run\/","title":{"rendered":"Wanna die in Beat City and run run run."},"content":{"rendered":"\n<div id=\"photo\">\n<p><img decoding=\"async\" src=\"https:\/\/www.wallendorff.com\/belogue\/photo\/2013\/04\/20130426.jpg\"><br \/>\nVia Cavour, Rome, 10 f&eacute;vrier.<\/p>\n<\/p><\/div>\n<p style=\"text-align:right\">Vient compl&eacute;ter la s&eacute;rie entam&eacute;e &agrave; <a href=\"https:\/\/www.wallendorff.com\/belogue\/2005\/02\/26\/previously-unreleased-6\/\">D&eacute;troit<\/a> et continu&eacute;e &agrave; <a href=\"https:\/\/www.wallendorff.com\/belogue\/2008\/12\/16\/les-mamies-de-mes-amis-sont-mes-ames-mies1\/\">Oslo<\/a> et <a href=\"https:\/\/www.wallendorff.com\/belogue\/2010\/04\/04\/fond-de-tiroir-4\/\">Chicago<\/a>.<\/p>\n<div id=\"bandeson\">\n<p><img decoding=\"async\" src=\"https:\/\/www.wallendorff.com\/belogue\/photo\/pochettes\/r\/raveonettes_the-whip_it_on.jpg\" align=\"left\" \/><a style=\"font-weight:normal\" id=\"lienmp3\" href=\"http:\/\/www.youtube.com\/watch?v=1Aad16yI6D8\"><em>Beat City<\/em><\/a><br \/><a href=\"http:\/\/www.theraveonettes.com\/\">The Raveonettes<\/a><\/p>\n<\/p><\/div>\n","protected":false},"excerpt":{"rendered":"<p>Via Cavour, Rome, 10 f&eacute;vrier. Vient compl&eacute;ter la s&eacute;rie entam&eacute;e &agrave; D&eacute;troit et continu&eacute;e &agrave; Oslo et Chicago. Beat CityThe Raveonettes<\/p>\n","protected":false},"author":1,"featured_media":26566,"comment_status":"open","ping_status":"open","sticky":false,"template":"","format":"standard","meta":{"_acf_changed":false,"ngg_post_thumbnail":0,"jetpack_post_was_ever_published":false,"_jetpack_newsletter_access":"","_jetpack_dont_email_post_to_subs":false,"_jetpack_newsletter_tier_id":0,"_jetpack_memberships_contains_paywalled_content":false,"_jetpack_memberships_contains_paid_content":false,"footnotes":"","jetpack_publicize_message":"","jetpack_publicize_feature_enabled":true,"jetpack_social_post_already_shared":true,"jetpack_social_options":{"image_generator_settings":{"template":"highway","default_image_id":0,"font":"","enabled":false},"version":2}},"categories":[3],"tags":[7576,2571,6766,10782,10257,7575,10646,11339,11340,11341,10147,10305,11344,11342,10351,10231,7574,10808],"class_list":["post-20811","post","type-post","status-publish","format-standard","has-post-thumbnail","hentry","category-dpc","tag-beat-city","tag-ef-16-35-mm-f28l-ii-usm","tag-eos-5d-mark-iii","tag-facade","tag-hotel","tag-hotel-atlantico","tag-immeuble","tag-italie","tag-latium","tag-municipio-i","tag-nuit","tag-porte","tag-province-de-rome","tag-rome","tag-rue","tag-the-raveonettes","tag-via-cavour","tag-ville"],"acf":[],"geo":{"latitude":41.900135,"longitude":12.4987268,"description":"Torre Spaccata, Lazio, 00169, IT"},"jetpack_publicize_connections":[],"jetpack_featured_media_url":"https:\/\/www.wallendorff.com\/belogue\/wp-content\/uploads\/2015\/04\/20130426.jpg","jetpack_shortlink":"https:\/\/wp.me\/p3b35P-5pF","jetpack_sharing_enabled":true,"jetpack-related-posts":[{"id":18985,"url":"https:\/\/www.wallendorff.com\/belogue\/2012\/09\/18\/couloir-no-127\/","url_meta":{"origin":20811,"position":0},"title":"Couloir no 127.","author":"dpc","date":"18 septembre 2012","format":false,"excerpt":"H\u00f4tel Grand, Sarajevo, 28 juillet. [Pur\u00e9e c'est dingue ce qu'on se croirait \u00e0 Milwaukee ou Londres.] The Raveonettes \u2013 Curse the Night","rel":"","context":"Dans &quot;DPC&quot;","block_context":{"text":"DPC","link":"https:\/\/www.wallendorff.com\/belogue\/category\/dpc\/"},"img":{"alt_text":"","src":"https:\/\/i0.wp.com\/www.wallendorff.com\/belogue\/wp-content\/uploads\/2015\/04\/201209181.jpg?resize=350%2C200&ssl=1","width":350,"height":200},"classes":[]},{"id":23349,"url":"https:\/\/www.wallendorff.com\/belogue\/2014\/09\/15\/ramures-tu-jures\/","url_meta":{"origin":20811,"position":1},"title":"Ramures [tu jures].","author":"dpc","date":"15 septembre 2014","format":false,"excerpt":"Rathauspark, Vienne, 20 juin. Summer Ends The Raveonettes","rel":"","context":"Dans &quot;DPC&quot;","block_context":{"text":"DPC","link":"https:\/\/www.wallendorff.com\/belogue\/category\/dpc\/"},"img":{"alt_text":"","src":"https:\/\/i0.wp.com\/www.wallendorff.com\/belogue\/wp-content\/uploads\/2015\/04\/201409151.jpg?resize=350%2C200&ssl=1","width":350,"height":200,"srcset":"https:\/\/i0.wp.com\/www.wallendorff.com\/belogue\/wp-content\/uploads\/2015\/04\/201409151.jpg?resize=350%2C200&ssl=1 1x, https:\/\/i0.wp.com\/www.wallendorff.com\/belogue\/wp-content\/uploads\/2015\/04\/201409151.jpg?resize=525%2C300&ssl=1 1.5x"},"classes":[]},{"id":20919,"url":"https:\/\/www.wallendorff.com\/belogue\/2013\/05\/14\/the-raveonettes-la-maroquinerie-paris-12-mai\/","url_meta":{"origin":20811,"position":2},"title":"The Raveonettes @ la Maroquinerie, Paris, 12 mai.","author":"dpc","date":"14 mai 2013","format":false,"excerpt":"TwilightThe Raveonettes \u00a0","rel":"","context":"Dans &quot;Alive&quot;","block_context":{"text":"Alive","link":"https:\/\/www.wallendorff.com\/belogue\/category\/alive\/"},"img":{"alt_text":"","src":"https:\/\/i0.wp.com\/www.wallendorff.com\/belogue\/wp-content\/uploads\/2015\/04\/20130514.jpg?resize=350%2C200&ssl=1","width":350,"height":200,"srcset":"https:\/\/i0.wp.com\/www.wallendorff.com\/belogue\/wp-content\/uploads\/2015\/04\/20130514.jpg?resize=350%2C200&ssl=1 1x, https:\/\/i0.wp.com\/www.wallendorff.com\/belogue\/wp-content\/uploads\/2015\/04\/20130514.jpg?resize=525%2C300&ssl=1 1.5x, https:\/\/i0.wp.com\/www.wallendorff.com\/belogue\/wp-content\/uploads\/2015\/04\/20130514.jpg?resize=700%2C400&ssl=1 2x"},"classes":[]},{"id":15775,"url":"https:\/\/www.wallendorff.com\/belogue\/2012\/02\/07\/qui-peut-les-paluches-peut-les-mains\/","url_meta":{"origin":20811,"position":3},"title":"Qui peut les paluches peut les mains.","author":"dpc","date":"7 f\u00e9vrier 2012","format":false,"excerpt":"Landmark London, Londres, 15 d\u00e9cembre 2011. The Raveonettes \u2013 Vamp, Scratch, Whore (rough remix) [youtube]http:\/\/www.youtube.com\/watch?v=6UcI9hZeQqw[\/youtube]","rel":"","context":"Dans &quot;DPC&quot;","block_context":{"text":"DPC","link":"https:\/\/www.wallendorff.com\/belogue\/category\/dpc\/"},"img":{"alt_text":"","src":"https:\/\/i0.wp.com\/www.wallendorff.com\/belogue\/wp-content\/uploads\/2015\/04\/201202071.jpg?resize=350%2C200&ssl=1","width":350,"height":200,"srcset":"https:\/\/i0.wp.com\/www.wallendorff.com\/belogue\/wp-content\/uploads\/2015\/04\/201202071.jpg?resize=350%2C200&ssl=1 1x, https:\/\/i0.wp.com\/www.wallendorff.com\/belogue\/wp-content\/uploads\/2015\/04\/201202071.jpg?resize=525%2C300&ssl=1 1.5x, https:\/\/i0.wp.com\/www.wallendorff.com\/belogue\/wp-content\/uploads\/2015\/04\/201202071.jpg?resize=700%2C400&ssl=1 2x"},"classes":[]},{"id":19727,"url":"https:\/\/www.wallendorff.com\/belogue\/2012\/12\/08\/the-raveonettes-le-trabendo-paris\/","url_meta":{"origin":20811,"position":4},"title":"The Raveonettes @ le Trabendo, Paris.","author":"dpc","date":"8 d\u00e9cembre 2012","format":false,"excerpt":"Hallucinations | She Owns the Streets | Blush | Dead Sound | Lust | Curse the Night | Gone Forever | The Enemy | Observations | Apparitions | Young and Cold | Attack of the Ghost Riders | My Tornado | Bowels of the Beast | Aly, Walk with Me\u2026","rel":"","context":"Dans &quot;Alive&quot;","block_context":{"text":"Alive","link":"https:\/\/www.wallendorff.com\/belogue\/category\/alive\/"},"img":{"alt_text":"","src":"https:\/\/i0.wp.com\/www.wallendorff.com\/belogue\/wp-content\/uploads\/2015\/04\/201212081.jpg?resize=350%2C200&ssl=1","width":350,"height":200,"srcset":"https:\/\/i0.wp.com\/www.wallendorff.com\/belogue\/wp-content\/uploads\/2015\/04\/201212081.jpg?resize=350%2C200&ssl=1 1x, https:\/\/i0.wp.com\/www.wallendorff.com\/belogue\/wp-content\/uploads\/2015\/04\/201212081.jpg?resize=525%2C300&ssl=1 1.5x, https:\/\/i0.wp.com\/www.wallendorff.com\/belogue\/wp-content\/uploads\/2015\/04\/201212081.jpg?resize=700%2C400&ssl=1 2x"},"classes":[]},{"id":19800,"url":"https:\/\/www.wallendorff.com\/belogue\/2012\/12\/19\/ovale-marque-ohe-ohe\/","url_meta":{"origin":20811,"position":5},"title":"Ovale marqu\u00e9. [oh\u00e9, oh\u00e9.]","author":"dpc","date":"19 d\u00e9cembre 2012","format":false,"excerpt":"H\u00f4tel de Salm, Paris, 16 septembre. \u00a0The Raveonettes \u2013 Young and Cold","rel":"","context":"Dans &quot;DPC&quot;","block_context":{"text":"DPC","link":"https:\/\/www.wallendorff.com\/belogue\/category\/dpc\/"},"img":{"alt_text":"","src":"https:\/\/i0.wp.com\/www.wallendorff.com\/belogue\/wp-content\/uploads\/2015\/04\/201212191.jpg?resize=350%2C200&ssl=1","width":350,"height":200,"srcset":"https:\/\/i0.wp.com\/www.wallendorff.com\/belogue\/wp-content\/uploads\/2015\/04\/201212191.jpg?resize=350%2C200&ssl=1 1x, https:\/\/i0.wp.com\/www.wallendorff.com\/belogue\/wp-content\/uploads\/2015\/04\/201212191.jpg?resize=525%2C300&ssl=1 1.5x, https:\/\/i0.wp.com\/www.wallendorff.com\/belogue\/wp-content\/uploads\/2015\/04\/201212191.jpg?resize=700%2C400&ssl=1 2x"},"classes":[]}],"_links":{"self":[{"href":"https:\/\/www.wallendorff.com\/belogue\/wp-json\/wp\/v2\/posts\/20811","targetHints":{"allow":["GET"]}}],"collection":[{"href":"https:\/\/www.wallendorff.com\/belogue\/wp-json\/wp\/v2\/posts"}],"about":[{"href":"https:\/\/www.wallendorff.com\/belogue\/wp-json\/wp\/v2\/types\/post"}],"author":[{"embeddable":true,"href":"https:\/\/www.wallendorff.com\/belogue\/wp-json\/wp\/v2\/users\/1"}],"replies":[{"embeddable":true,"href":"https:\/\/www.wallendorff.com\/belogue\/wp-json\/wp\/v2\/comments?post=20811"}],"version-history":[{"count":4,"href":"https:\/\/www.wallendorff.com\/belogue\/wp-json\/wp\/v2\/posts\/20811\/revisions"}],"predecessor-version":[{"id":20815,"href":"https:\/\/www.wallendorff.com\/belogue\/wp-json\/wp\/v2\/posts\/20811\/revisions\/20815"}],"wp:featuredmedia":[{"embeddable":true,"href":"https:\/\/www.wallendorff.com\/belogue\/wp-json\/wp\/v2\/media\/26566"}],"wp:attachment":[{"href":"https:\/\/www.wallendorff.com\/belogue\/wp-json\/wp\/v2\/media?parent=20811"}],"wp:term":[{"taxonomy":"category","embeddable":true,"href":"https:\/\/www.wallendorff.com\/belogue\/wp-json\/wp\/v2\/categories?post=20811"},{"taxonomy":"post_tag","embeddable":true,"href":"https:\/\/www.wallendorff.com\/belogue\/wp-json\/wp\/v2\/tags?post=20811"}],"curies":[{"name":"wp","href":"https:\/\/api.w.org\/{rel}","templated":true}]}}