{"id":20794,"date":"2013-04-23T13:46:55","date_gmt":"2013-04-23T11:46:55","guid":{"rendered":"http:\/\/www.wallendorff.com\/?p=20794"},"modified":"2013-04-23T13:52:01","modified_gmt":"2013-04-23T11:52:01","slug":"saints-a-lair","status":"publish","type":"post","link":"https:\/\/www.wallendorff.com\/belogue\/2013\/04\/23\/saints-a-lair\/","title":{"rendered":"Les saints \u00e0 l&rsquo;air."},"content":{"rendered":"\n<div id=\"photo\">\n<p><img decoding=\"async\" src=\"https:\/\/www.wallendorff.com\/belogue\/photo\/2013\/04\/20130423.jpg\"><br \/>\nBasilique Saint-Pierre, Vatican, 10 f&eacute;vrier.<\/p>\n<\/p><\/div>\n<div id=\"bandeson\">\n<p><object width=\"80\" height=\"80\" align=\"left\" style=\"margin-right:1em\"><param name=\"movie\" value=\"http:\/\/www.mx3.ch\/player\/nanoplayer.swf?id=126740&#038;color=0xB90007&#038;ext=http:\/\/www.mx3.ch\/share\/zeno\/reachoutforthesun\"><\/param><param name=\"allowFullScreen\" value=\"true\"><\/param><param name=\"allowscriptaccess\" value=\"always\"><\/param><\/object><em>Reah Out for the Sun<\/em><br \/><a href=\"http:\/\/www.mx3.ch\/play\/zeno\/reachoutforthesun\">Zeno<\/a><\/p>\n<\/p><\/div>\n","protected":false},"excerpt":{"rendered":"<p>Basilique Saint-Pierre, Vatican, 10 f&eacute;vrier. Reah Out for the SunZeno<\/p>\n","protected":false},"author":1,"featured_media":26563,"comment_status":"open","ping_status":"open","sticky":false,"template":"","format":"standard","meta":{"_acf_changed":false,"ngg_post_thumbnail":0,"jetpack_post_was_ever_published":false,"_jetpack_newsletter_access":"","_jetpack_dont_email_post_to_subs":false,"_jetpack_newsletter_tier_id":0,"_jetpack_memberships_contains_paywalled_content":false,"_jetpack_memberships_contains_paid_content":false,"footnotes":"","jetpack_publicize_message":"","jetpack_publicize_feature_enabled":true,"jetpack_social_post_already_shared":true,"jetpack_social_options":{"image_generator_settings":{"template":"highway","default_image_id":0,"font":"","enabled":false},"version":2}},"categories":[3],"tags":[11362,6766,11363,10246,11339,11340,11341,7482,11344,7563,11342,170,10407,10324,10227,7556,7562],"class_list":["post-20794","post","type-post","status-publish","format-standard","has-post-thumbnail","hentry","category-dpc","tag-basilique-saint-pierre-du-vatican","tag-eos-5d-mark-iii","tag-cite-du-vatican","tag-contre-jour","tag-italie","tag-latium","tag-municipio-i","tag-place-saint-pierre","tag-province-de-rome","tag-reach-out-for-the-sun","tag-rome","tag-sigma-70-300-mm-f4-56-dg-apo-macro","tag-silhouette","tag-soleil","tag-statue","tag-vatican","tag-zeno"],"acf":[],"geo":{"latitude":41.9024315,"longitude":12.4537754,"description":"Via Sant'Anna, 00120, Vatican"},"jetpack_publicize_connections":[],"jetpack_featured_media_url":"https:\/\/www.wallendorff.com\/belogue\/wp-content\/uploads\/2015\/04\/201304231.jpg","jetpack_shortlink":"https:\/\/wp.me\/p3b35P-5po","jetpack_sharing_enabled":true,"jetpack-related-posts":[{"id":20792,"url":"https:\/\/www.wallendorff.com\/belogue\/2013\/04\/22\/into-the-wide-6\/","url_meta":{"origin":20794,"position":0},"title":"Into the wide #6.","author":"dpc","date":"22 avril 2013","format":false,"excerpt":"Basilique Saint-Pierre, Vatican, 10 f\u00e9vrier. FantasyMS MR","rel":"","context":"Dans &quot;Into the wide&quot;","block_context":{"text":"Into the wide","link":"https:\/\/www.wallendorff.com\/belogue\/category\/into-the-wide\/"},"img":{"alt_text":"","src":"https:\/\/i0.wp.com\/www.wallendorff.com\/belogue\/wp-content\/uploads\/2015\/04\/20130422.jpg?resize=350%2C200&ssl=1","width":350,"height":200,"srcset":"https:\/\/i0.wp.com\/www.wallendorff.com\/belogue\/wp-content\/uploads\/2015\/04\/20130422.jpg?resize=350%2C200&ssl=1 1x, https:\/\/i0.wp.com\/www.wallendorff.com\/belogue\/wp-content\/uploads\/2015\/04\/20130422.jpg?resize=525%2C300&ssl=1 1.5x, https:\/\/i0.wp.com\/www.wallendorff.com\/belogue\/wp-content\/uploads\/2015\/04\/20130422.jpg?resize=700%2C400&ssl=1 2x"},"classes":[]},{"id":20776,"url":"https:\/\/www.wallendorff.com\/belogue\/2013\/04\/17\/statue-quhaut\/","url_meta":{"origin":20794,"position":1},"title":"Statue qu&rsquo;haut.","author":"dpc","date":"17 avril 2013","format":false,"excerpt":"Basilique Saint-Pierre, Cit\u00e9 du Vatican, 10 f\u00e9vrier. Water & PowerCold War Kids","rel":"","context":"Dans &quot;DPC&quot;","block_context":{"text":"DPC","link":"https:\/\/www.wallendorff.com\/belogue\/category\/dpc\/"},"img":{"alt_text":"","src":"https:\/\/i0.wp.com\/www.wallendorff.com\/belogue\/wp-content\/uploads\/2015\/04\/20130417.jpg?resize=350%2C200&ssl=1","width":350,"height":200,"srcset":"https:\/\/i0.wp.com\/www.wallendorff.com\/belogue\/wp-content\/uploads\/2015\/04\/20130417.jpg?resize=350%2C200&ssl=1 1x, https:\/\/i0.wp.com\/www.wallendorff.com\/belogue\/wp-content\/uploads\/2015\/04\/20130417.jpg?resize=525%2C300&ssl=1 1.5x, https:\/\/i0.wp.com\/www.wallendorff.com\/belogue\/wp-content\/uploads\/2015\/04\/20130417.jpg?resize=700%2C400&ssl=1 2x"},"classes":[]},{"id":20779,"url":"https:\/\/www.wallendorff.com\/belogue\/2013\/04\/18\/into-the-wide-5\/","url_meta":{"origin":20794,"position":2},"title":"Into the wide #5.","author":"dpc","date":"18 avril 2013","format":false,"excerpt":"Basilique Saint-Pierre, Cit\u00e9 du Vatican, 10 f\u00e9vrier. Le cadrage, c'est pas encore \u00e7a. Mais j'apprends. It's Alright, It's OKPrimal Scream","rel":"","context":"Dans &quot;Into the wide&quot;","block_context":{"text":"Into the wide","link":"https:\/\/www.wallendorff.com\/belogue\/category\/into-the-wide\/"},"img":{"alt_text":"","src":"https:\/\/i0.wp.com\/www.wallendorff.com\/belogue\/wp-content\/uploads\/2015\/04\/20130418.jpg?resize=350%2C200&ssl=1","width":350,"height":200,"srcset":"https:\/\/i0.wp.com\/www.wallendorff.com\/belogue\/wp-content\/uploads\/2015\/04\/20130418.jpg?resize=350%2C200&ssl=1 1x, https:\/\/i0.wp.com\/www.wallendorff.com\/belogue\/wp-content\/uploads\/2015\/04\/20130418.jpg?resize=525%2C300&ssl=1 1.5x, https:\/\/i0.wp.com\/www.wallendorff.com\/belogue\/wp-content\/uploads\/2015\/04\/20130418.jpg?resize=700%2C400&ssl=1 2x"},"classes":[]},{"id":20714,"url":"https:\/\/www.wallendorff.com\/belogue\/2013\/04\/02\/quatre-garcons-dans-lauvent\/","url_meta":{"origin":20794,"position":3},"title":"Quatre gar\u00e7ons dans l&rsquo;auvent.","author":"dpc","date":"2 avril 2013","format":false,"excerpt":"Place Saint-Pierre, Cit\u00e9 du Vatican, 9 f\u00e9vrier. Si on m'avait dit qu'entre la prise et la publication de cette photo on aurait le temps de changer de pape, je l'aurions point cru. Evil Friends Portugal. The Man","rel":"","context":"Dans &quot;DPC&quot;","block_context":{"text":"DPC","link":"https:\/\/www.wallendorff.com\/belogue\/category\/dpc\/"},"img":{"alt_text":"","src":"https:\/\/i0.wp.com\/www.wallendorff.com\/belogue\/wp-content\/uploads\/2015\/04\/20130402.jpg?resize=350%2C200&ssl=1","width":350,"height":200},"classes":[]},{"id":49863,"url":"https:\/\/www.wallendorff.com\/belogue\/2021\/11\/04\/ciao-roma\/","url_meta":{"origin":20794,"position":4},"title":"Ciao Roma.","author":"dpc","date":"4 novembre 2021","format":false,"excerpt":"","rel":"","context":"Dans &quot;DPC&quot;","block_context":{"text":"DPC","link":"https:\/\/www.wallendorff.com\/belogue\/category\/dpc\/"},"img":{"alt_text":"","src":"https:\/\/i0.wp.com\/www.wallendorff.com\/belogue\/wp-content\/uploads\/2021\/11\/20211104-05.jpg?resize=350%2C200&ssl=1","width":350,"height":200,"srcset":"https:\/\/i0.wp.com\/www.wallendorff.com\/belogue\/wp-content\/uploads\/2021\/11\/20211104-05.jpg?resize=350%2C200&ssl=1 1x, https:\/\/i0.wp.com\/www.wallendorff.com\/belogue\/wp-content\/uploads\/2021\/11\/20211104-05.jpg?resize=525%2C300&ssl=1 1.5x, https:\/\/i0.wp.com\/www.wallendorff.com\/belogue\/wp-content\/uploads\/2021\/11\/20211104-05.jpg?resize=700%2C400&ssl=1 2x, https:\/\/i0.wp.com\/www.wallendorff.com\/belogue\/wp-content\/uploads\/2021\/11\/20211104-05.jpg?resize=1050%2C600&ssl=1 3x"},"classes":[]},{"id":47678,"url":"https:\/\/www.wallendorff.com\/belogue\/2021\/01\/15\/ciaaaaaao-roma\/","url_meta":{"origin":20794,"position":5},"title":"Ciaaaaaao Roma.","author":"dpc","date":"15 janvier 2021","format":false,"excerpt":"Rome, 18 \u2013 20\u00a0septembre 2020.","rel":"","context":"Dans &quot;DPC&quot;","block_context":{"text":"DPC","link":"https:\/\/www.wallendorff.com\/belogue\/category\/dpc\/"},"img":{"alt_text":"","src":"https:\/\/i0.wp.com\/www.wallendorff.com\/belogue\/wp-content\/uploads\/2021\/01\/20210115-04.jpg?resize=350%2C200&ssl=1","width":350,"height":200,"srcset":"https:\/\/i0.wp.com\/www.wallendorff.com\/belogue\/wp-content\/uploads\/2021\/01\/20210115-04.jpg?resize=350%2C200&ssl=1 1x, https:\/\/i0.wp.com\/www.wallendorff.com\/belogue\/wp-content\/uploads\/2021\/01\/20210115-04.jpg?resize=525%2C300&ssl=1 1.5x, https:\/\/i0.wp.com\/www.wallendorff.com\/belogue\/wp-content\/uploads\/2021\/01\/20210115-04.jpg?resize=700%2C400&ssl=1 2x, https:\/\/i0.wp.com\/www.wallendorff.com\/belogue\/wp-content\/uploads\/2021\/01\/20210115-04.jpg?resize=1050%2C600&ssl=1 3x"},"classes":[]}],"_links":{"self":[{"href":"https:\/\/www.wallendorff.com\/belogue\/wp-json\/wp\/v2\/posts\/20794","targetHints":{"allow":["GET"]}}],"collection":[{"href":"https:\/\/www.wallendorff.com\/belogue\/wp-json\/wp\/v2\/posts"}],"about":[{"href":"https:\/\/www.wallendorff.com\/belogue\/wp-json\/wp\/v2\/types\/post"}],"author":[{"embeddable":true,"href":"https:\/\/www.wallendorff.com\/belogue\/wp-json\/wp\/v2\/users\/1"}],"replies":[{"embeddable":true,"href":"https:\/\/www.wallendorff.com\/belogue\/wp-json\/wp\/v2\/comments?post=20794"}],"version-history":[{"count":8,"href":"https:\/\/www.wallendorff.com\/belogue\/wp-json\/wp\/v2\/posts\/20794\/revisions"}],"predecessor-version":[{"id":20802,"href":"https:\/\/www.wallendorff.com\/belogue\/wp-json\/wp\/v2\/posts\/20794\/revisions\/20802"}],"wp:featuredmedia":[{"embeddable":true,"href":"https:\/\/www.wallendorff.com\/belogue\/wp-json\/wp\/v2\/media\/26563"}],"wp:attachment":[{"href":"https:\/\/www.wallendorff.com\/belogue\/wp-json\/wp\/v2\/media?parent=20794"}],"wp:term":[{"taxonomy":"category","embeddable":true,"href":"https:\/\/www.wallendorff.com\/belogue\/wp-json\/wp\/v2\/categories?post=20794"},{"taxonomy":"post_tag","embeddable":true,"href":"https:\/\/www.wallendorff.com\/belogue\/wp-json\/wp\/v2\/tags?post=20794"}],"curies":[{"name":"wp","href":"https:\/\/api.w.org\/{rel}","templated":true}]}}