{"id":20792,"date":"2013-04-22T12:49:07","date_gmt":"2013-04-22T10:49:07","guid":{"rendered":"http:\/\/www.wallendorff.com\/?p=20792"},"modified":"2013-04-22T12:49:07","modified_gmt":"2013-04-22T10:49:07","slug":"into-the-wide-6","status":"publish","type":"post","link":"https:\/\/www.wallendorff.com\/belogue\/2013\/04\/22\/into-the-wide-6\/","title":{"rendered":"Into the wide #6."},"content":{"rendered":"\n<div id=\"photo\">\n<p><img decoding=\"async\" src=\"https:\/\/www.wallendorff.com\/belogue\/photo\/2013\/04\/20130422.jpg\"><br \/>\nBasilique Saint-Pierre, Vatican, 10 f&eacute;vrier.<\/p>\n<\/p><\/div>\n<div id=\"bandeson\">\n<p><img decoding=\"async\" src=\"https:\/\/www.wallendorff.com\/belogue\/photo\/pochettes\/m\/ms_mr-secondhand_rapture.jpg\" align=\"left\" \/><a style=\"font-weight:normal\" id=\"lienmp3\" href=\"http:\/\/www.youtube.com\/watch?v=DE5DXUfX0cc\"><em>Fantasy<\/em><\/a><br \/><a href=\"http:\/\/www.msmrsounds.com\/\">MS MR<\/a><\/p>\n<\/p><\/div>\n","protected":false},"excerpt":{"rendered":"<p>Basilique Saint-Pierre, Vatican, 10 f&eacute;vrier. FantasyMS MR<\/p>\n","protected":false},"author":1,"featured_media":26561,"comment_status":"open","ping_status":"open","sticky":false,"template":"","format":"standard","meta":{"_acf_changed":false,"ngg_post_thumbnail":0,"jetpack_post_was_ever_published":false,"_jetpack_newsletter_access":"","_jetpack_dont_email_post_to_subs":false,"_jetpack_newsletter_tier_id":0,"_jetpack_memberships_contains_paywalled_content":false,"_jetpack_memberships_contains_paid_content":false,"footnotes":"","jetpack_publicize_message":"","jetpack_publicize_feature_enabled":true,"jetpack_social_post_already_shared":true,"jetpack_social_options":{"image_generator_settings":{"template":"highway","default_image_id":0,"font":"","enabled":false},"version":2}},"categories":[7356],"tags":[11362,2571,6766,11363,10238,4881,11339,11340,11425,11341,2403,11323,10514,7482,11344,11342,7556],"class_list":["post-20792","post","type-post","status-publish","format-standard","has-post-thumbnail","hentry","category-into-the-wide","tag-basilique-saint-pierre-du-vatican","tag-ef-16-35-mm-f28l-ii-usm","tag-eos-5d-mark-iii","tag-cite-du-vatican","tag-eglise","tag-fantasy","tag-italie","tag-latium","tag-ms-mr","tag-municipio-i","tag-panorama","tag-panoramique","tag-paysage","tag-place-saint-pierre","tag-province-de-rome","tag-rome","tag-vatican"],"acf":[],"geo":{"latitude":41.9024315,"longitude":12.4537754,"description":"Via Sant'Anna, 00120, Vatican"},"jetpack_publicize_connections":[],"jetpack_featured_media_url":"https:\/\/www.wallendorff.com\/belogue\/wp-content\/uploads\/2015\/04\/20130422.jpg","jetpack_shortlink":"https:\/\/wp.me\/p3b35P-5pm","jetpack_sharing_enabled":true,"jetpack-related-posts":[{"id":20779,"url":"https:\/\/www.wallendorff.com\/belogue\/2013\/04\/18\/into-the-wide-5\/","url_meta":{"origin":20792,"position":0},"title":"Into the wide #5.","author":"dpc","date":"18 avril 2013","format":false,"excerpt":"Basilique Saint-Pierre, Cit\u00e9 du Vatican, 10 f\u00e9vrier. Le cadrage, c'est pas encore \u00e7a. Mais j'apprends. It's Alright, It's OKPrimal Scream","rel":"","context":"Dans &quot;Into the wide&quot;","block_context":{"text":"Into the wide","link":"https:\/\/www.wallendorff.com\/belogue\/category\/into-the-wide\/"},"img":{"alt_text":"","src":"https:\/\/i0.wp.com\/www.wallendorff.com\/belogue\/wp-content\/uploads\/2015\/04\/20130418.jpg?resize=350%2C200&ssl=1","width":350,"height":200,"srcset":"https:\/\/i0.wp.com\/www.wallendorff.com\/belogue\/wp-content\/uploads\/2015\/04\/20130418.jpg?resize=350%2C200&ssl=1 1x, https:\/\/i0.wp.com\/www.wallendorff.com\/belogue\/wp-content\/uploads\/2015\/04\/20130418.jpg?resize=525%2C300&ssl=1 1.5x, https:\/\/i0.wp.com\/www.wallendorff.com\/belogue\/wp-content\/uploads\/2015\/04\/20130418.jpg?resize=700%2C400&ssl=1 2x"},"classes":[]},{"id":20794,"url":"https:\/\/www.wallendorff.com\/belogue\/2013\/04\/23\/saints-a-lair\/","url_meta":{"origin":20792,"position":1},"title":"Les saints \u00e0 l&rsquo;air.","author":"dpc","date":"23 avril 2013","format":false,"excerpt":"Basilique Saint-Pierre, Vatican, 10 f\u00e9vrier. Reah Out for the SunZeno","rel":"","context":"Dans &quot;DPC&quot;","block_context":{"text":"DPC","link":"https:\/\/www.wallendorff.com\/belogue\/category\/dpc\/"},"img":{"alt_text":"","src":"https:\/\/i0.wp.com\/www.wallendorff.com\/belogue\/wp-content\/uploads\/2015\/04\/201304231.jpg?resize=350%2C200&ssl=1","width":350,"height":200,"srcset":"https:\/\/i0.wp.com\/www.wallendorff.com\/belogue\/wp-content\/uploads\/2015\/04\/201304231.jpg?resize=350%2C200&ssl=1 1x, https:\/\/i0.wp.com\/www.wallendorff.com\/belogue\/wp-content\/uploads\/2015\/04\/201304231.jpg?resize=525%2C300&ssl=1 1.5x, https:\/\/i0.wp.com\/www.wallendorff.com\/belogue\/wp-content\/uploads\/2015\/04\/201304231.jpg?resize=700%2C400&ssl=1 2x"},"classes":[]},{"id":20776,"url":"https:\/\/www.wallendorff.com\/belogue\/2013\/04\/17\/statue-quhaut\/","url_meta":{"origin":20792,"position":2},"title":"Statue qu&rsquo;haut.","author":"dpc","date":"17 avril 2013","format":false,"excerpt":"Basilique Saint-Pierre, Cit\u00e9 du Vatican, 10 f\u00e9vrier. Water & PowerCold War Kids","rel":"","context":"Dans &quot;DPC&quot;","block_context":{"text":"DPC","link":"https:\/\/www.wallendorff.com\/belogue\/category\/dpc\/"},"img":{"alt_text":"","src":"https:\/\/i0.wp.com\/www.wallendorff.com\/belogue\/wp-content\/uploads\/2015\/04\/20130417.jpg?resize=350%2C200&ssl=1","width":350,"height":200,"srcset":"https:\/\/i0.wp.com\/www.wallendorff.com\/belogue\/wp-content\/uploads\/2015\/04\/20130417.jpg?resize=350%2C200&ssl=1 1x, https:\/\/i0.wp.com\/www.wallendorff.com\/belogue\/wp-content\/uploads\/2015\/04\/20130417.jpg?resize=525%2C300&ssl=1 1.5x, https:\/\/i0.wp.com\/www.wallendorff.com\/belogue\/wp-content\/uploads\/2015\/04\/20130417.jpg?resize=700%2C400&ssl=1 2x"},"classes":[]},{"id":20714,"url":"https:\/\/www.wallendorff.com\/belogue\/2013\/04\/02\/quatre-garcons-dans-lauvent\/","url_meta":{"origin":20792,"position":3},"title":"Quatre gar\u00e7ons dans l&rsquo;auvent.","author":"dpc","date":"2 avril 2013","format":false,"excerpt":"Place Saint-Pierre, Cit\u00e9 du Vatican, 9 f\u00e9vrier. Si on m'avait dit qu'entre la prise et la publication de cette photo on aurait le temps de changer de pape, je l'aurions point cru. Evil Friends Portugal. The Man","rel":"","context":"Dans &quot;DPC&quot;","block_context":{"text":"DPC","link":"https:\/\/www.wallendorff.com\/belogue\/category\/dpc\/"},"img":{"alt_text":"","src":"https:\/\/i0.wp.com\/www.wallendorff.com\/belogue\/wp-content\/uploads\/2015\/04\/20130402.jpg?resize=350%2C200&ssl=1","width":350,"height":200},"classes":[]},{"id":49863,"url":"https:\/\/www.wallendorff.com\/belogue\/2021\/11\/04\/ciao-roma\/","url_meta":{"origin":20792,"position":4},"title":"Ciao Roma.","author":"dpc","date":"4 novembre 2021","format":false,"excerpt":"","rel":"","context":"Dans &quot;DPC&quot;","block_context":{"text":"DPC","link":"https:\/\/www.wallendorff.com\/belogue\/category\/dpc\/"},"img":{"alt_text":"","src":"https:\/\/i0.wp.com\/www.wallendorff.com\/belogue\/wp-content\/uploads\/2021\/11\/20211104-05.jpg?resize=350%2C200&ssl=1","width":350,"height":200,"srcset":"https:\/\/i0.wp.com\/www.wallendorff.com\/belogue\/wp-content\/uploads\/2021\/11\/20211104-05.jpg?resize=350%2C200&ssl=1 1x, https:\/\/i0.wp.com\/www.wallendorff.com\/belogue\/wp-content\/uploads\/2021\/11\/20211104-05.jpg?resize=525%2C300&ssl=1 1.5x, https:\/\/i0.wp.com\/www.wallendorff.com\/belogue\/wp-content\/uploads\/2021\/11\/20211104-05.jpg?resize=700%2C400&ssl=1 2x, https:\/\/i0.wp.com\/www.wallendorff.com\/belogue\/wp-content\/uploads\/2021\/11\/20211104-05.jpg?resize=1050%2C600&ssl=1 3x"},"classes":[]},{"id":47678,"url":"https:\/\/www.wallendorff.com\/belogue\/2021\/01\/15\/ciaaaaaao-roma\/","url_meta":{"origin":20792,"position":5},"title":"Ciaaaaaao Roma.","author":"dpc","date":"15 janvier 2021","format":false,"excerpt":"Rome, 18 \u2013 20\u00a0septembre 2020.","rel":"","context":"Dans &quot;DPC&quot;","block_context":{"text":"DPC","link":"https:\/\/www.wallendorff.com\/belogue\/category\/dpc\/"},"img":{"alt_text":"","src":"https:\/\/i0.wp.com\/www.wallendorff.com\/belogue\/wp-content\/uploads\/2021\/01\/20210115-04.jpg?resize=350%2C200&ssl=1","width":350,"height":200,"srcset":"https:\/\/i0.wp.com\/www.wallendorff.com\/belogue\/wp-content\/uploads\/2021\/01\/20210115-04.jpg?resize=350%2C200&ssl=1 1x, https:\/\/i0.wp.com\/www.wallendorff.com\/belogue\/wp-content\/uploads\/2021\/01\/20210115-04.jpg?resize=525%2C300&ssl=1 1.5x, https:\/\/i0.wp.com\/www.wallendorff.com\/belogue\/wp-content\/uploads\/2021\/01\/20210115-04.jpg?resize=700%2C400&ssl=1 2x, https:\/\/i0.wp.com\/www.wallendorff.com\/belogue\/wp-content\/uploads\/2021\/01\/20210115-04.jpg?resize=1050%2C600&ssl=1 3x"},"classes":[]}],"_links":{"self":[{"href":"https:\/\/www.wallendorff.com\/belogue\/wp-json\/wp\/v2\/posts\/20792","targetHints":{"allow":["GET"]}}],"collection":[{"href":"https:\/\/www.wallendorff.com\/belogue\/wp-json\/wp\/v2\/posts"}],"about":[{"href":"https:\/\/www.wallendorff.com\/belogue\/wp-json\/wp\/v2\/types\/post"}],"author":[{"embeddable":true,"href":"https:\/\/www.wallendorff.com\/belogue\/wp-json\/wp\/v2\/users\/1"}],"replies":[{"embeddable":true,"href":"https:\/\/www.wallendorff.com\/belogue\/wp-json\/wp\/v2\/comments?post=20792"}],"version-history":[{"count":1,"href":"https:\/\/www.wallendorff.com\/belogue\/wp-json\/wp\/v2\/posts\/20792\/revisions"}],"predecessor-version":[{"id":20793,"href":"https:\/\/www.wallendorff.com\/belogue\/wp-json\/wp\/v2\/posts\/20792\/revisions\/20793"}],"wp:featuredmedia":[{"embeddable":true,"href":"https:\/\/www.wallendorff.com\/belogue\/wp-json\/wp\/v2\/media\/26561"}],"wp:attachment":[{"href":"https:\/\/www.wallendorff.com\/belogue\/wp-json\/wp\/v2\/media?parent=20792"}],"wp:term":[{"taxonomy":"category","embeddable":true,"href":"https:\/\/www.wallendorff.com\/belogue\/wp-json\/wp\/v2\/categories?post=20792"},{"taxonomy":"post_tag","embeddable":true,"href":"https:\/\/www.wallendorff.com\/belogue\/wp-json\/wp\/v2\/tags?post=20792"}],"curies":[{"name":"wp","href":"https:\/\/api.w.org\/{rel}","templated":true}]}}