{"id":20783,"date":"2013-04-19T11:21:13","date_gmt":"2013-04-19T09:21:13","guid":{"rendered":"http:\/\/www.wallendorff.com\/?p=20783"},"modified":"2018-05-23T08:14:28","modified_gmt":"2018-05-23T06:14:28","slug":"and-you-will-know-us-by-the-trail-of-dead-la-maroquinerie-paris-17-avril","status":"publish","type":"post","link":"https:\/\/www.wallendorff.com\/belogue\/2013\/04\/19\/and-you-will-know-us-by-the-trail-of-dead-la-maroquinerie-paris-17-avril\/","title":{"rendered":"&#8230;And You Will Know Us By the Trail of Dead @ la Maroquinerie, Paris, 17 avril."},"content":{"rendered":"\n<div id=\"photo\">\n<p><img decoding=\"async\" src=\"https:\/\/www.wallendorff.com\/belogue\/photo\/2013\/04\/20130419.jpg\"><\/p>\n<\/p><\/div>\n<p style=\"text-align:right\">Pour faire ces photos j&rsquo;ai subi une heure de pogotage dans le dos et de bonhomme torse poil tremp&eacute; de sueur coll&eacute; contre mon bras, je me suis pris deux bi&egrave;res (une sur la jambe et une sur le sac), j&rsquo;ai failli &ecirc;tre &eacute;trangl&eacute; par le jack de Jason Reece quand il a saut&eacute; dans le public et j&rsquo;ai manqu&eacute; de perdre le cache de mon fichaille [qui colle encore, deux jours apr&egrave;s] [merci &agrave; toi qui me l&rsquo;a ramass&eacute;]. Et j&rsquo;ai ador&eacute; &ccedil;a. Je m&rsquo;&eacute;tais pas autant amus&eacute; depuis <a href=\"https:\/\/www.wallendorff.com\/belogue\/2009\/03\/28\/eagles-of-death-metal-le-bataclan-paris\/\">Eagles of Death Metal en 2009<\/a>.<\/p>\n<div id=\"bandeson\">\n<p><img decoding=\"async\" src=\"https:\/\/www.wallendorff.com\/belogue\/photo\/pochettes\/a\/and_you_will_know_us_by_the_trail_of_dead-lost_songs.jpg\" align=\"left\" \/><a style=\"font-weight:normal\" id=\"lienmp3\" href=\"http:\/\/www.youtube.com\/watch?v=zwQnULvbWFI\"><em>Catatonic<\/em><\/a><br \/><a href=\"https:\/\/andyouwillknowusbythetrailofdead.bandpage.com\/\">&#8230;And You Will Know Us By the Trail of Dead<\/a><\/p>\n<\/p><\/div>ngg_shortcode_0_placeholder<p>&nbsp;<\/p>\n","protected":false},"excerpt":{"rendered":"<p>Pour faire ces photos j&rsquo;ai subi une heure de pogotage dans le dos et de bonhomme torse poil tremp&eacute; de sueur coll&eacute; contre mon bras, je me suis pris deux bi&egrave;res (une sur la jambe et une sur le sac), j&rsquo;ai failli &ecirc;tre &eacute;trangl&eacute; par le jack de Jason Reece quand il a saut&eacute; dans&hellip;<\/p>\n","protected":false},"author":1,"featured_media":26544,"comment_status":"open","ping_status":"open","sticky":false,"template":"","format":"standard","meta":{"_acf_changed":false,"ngg_post_thumbnail":0,"jetpack_post_was_ever_published":false,"_jetpack_newsletter_access":"","_jetpack_dont_email_post_to_subs":false,"_jetpack_newsletter_tier_id":0,"_jetpack_memberships_contains_paywalled_content":false,"_jetpack_memberships_contains_paid_content":false,"footnotes":"","jetpack_publicize_message":"","jetpack_publicize_feature_enabled":true,"jetpack_social_post_already_shared":true,"jetpack_social_options":{"image_generator_settings":{"template":"highway","default_image_id":0,"font":"","enabled":false},"version":2}},"categories":[7],"tags":[7192,11281,10216,10084,1016,2571,196,2615,6766,6962,10120,10121,10290,7085,10098,10199,10661],"class_list":["post-20783","post","type-post","status-publish","format-standard","has-post-thumbnail","hentry","category-alive","tag-and-you-will-know-us-by-the-trail-of-dead","tag-11281","tag-10216","tag-alive","tag-ef-15-mm-f28-fisheye","tag-ef-16-35-mm-f28l-ii-usm","tag-ef-28-70-mm-f28l-usm","tag-eos-5d-mark-ii","tag-eos-5d-mark-iii","tag-catatonic","tag-france","tag-ile-de-france","tag-la-maroquinerie","tag-lost-songs","tag-paris","tag-pieds","tag-rue-boyer"],"acf":[],"geo":{"latitude":48.8685608,"longitude":2.3919244,"description":"18-26 Rue Boyer, 75020 Paris, France"},"jetpack_publicize_connections":[],"jetpack_featured_media_url":"https:\/\/www.wallendorff.com\/belogue\/wp-content\/uploads\/2015\/04\/20130419.jpg","jetpack_shortlink":"https:\/\/wp.me\/p3b35P-5pd","jetpack_sharing_enabled":true,"jetpack-related-posts":[{"id":20429,"url":"https:\/\/www.wallendorff.com\/belogue\/2013\/02\/13\/the-joy-formidable-la-maroquinerie-paris\/","url_meta":{"origin":20783,"position":0},"title":"The Joy Formidable @ la Maroquinerie, Paris.","author":"dpc","date":"13 f\u00e9vrier 2013","format":false,"excerpt":"Cholla | Austere | This Ladder Is Ours | The Greatest Light Is the Greatest Shade | Little Blimp | While the Flies | Cradle | Tendons | Silent Treatment | Maw Maw Song | I Don't Want to See You Like This | The Everchanging Spectrum of a Lie\u2026","rel":"","context":"Dans &quot;Alive&quot;","block_context":{"text":"Alive","link":"https:\/\/www.wallendorff.com\/belogue\/category\/alive\/"},"img":{"alt_text":"","src":"https:\/\/i0.wp.com\/www.wallendorff.com\/belogue\/wp-content\/uploads\/2015\/04\/20130213.jpg?resize=350%2C200&ssl=1","width":350,"height":200,"srcset":"https:\/\/i0.wp.com\/www.wallendorff.com\/belogue\/wp-content\/uploads\/2015\/04\/20130213.jpg?resize=350%2C200&ssl=1 1x, https:\/\/i0.wp.com\/www.wallendorff.com\/belogue\/wp-content\/uploads\/2015\/04\/20130213.jpg?resize=525%2C300&ssl=1 1.5x, https:\/\/i0.wp.com\/www.wallendorff.com\/belogue\/wp-content\/uploads\/2015\/04\/20130213.jpg?resize=700%2C400&ssl=1 2x"},"classes":[]},{"id":4883,"url":"https:\/\/www.wallendorff.com\/belogue\/2009\/10\/15\/obits-la-maroquinerie-paris\/","url_meta":{"origin":20783,"position":1},"title":"Obits @ la Maroquinerie, Paris.","author":"dpc","date":"15 octobre 2009","format":false,"excerpt":"\u00a0Obits \u2013 Fake Kinkade Y a des jours comme \u00e7a o\u00f9 tu regrettes d'y \u00eatre all\u00e9 seul parce que se retrouver devant un groupe pareil sans pouvoir dire en gloussant \u00e0 ton voisin \u00ab\u00a0les Obits adudulent\u00a0\u00bb ou \u00ab\u00a0Obits aussi ragent\u00a0\u00bb voire \u00ab\u00a0l'Obit ne fait pas le moine\u00a0\u00bb et \u00ab\u00a0Obit, j'ai\u2026","rel":"","context":"Dans &quot;Alive&quot;","block_context":{"text":"Alive","link":"https:\/\/www.wallendorff.com\/belogue\/category\/alive\/"},"img":{"alt_text":"","src":"https:\/\/i0.wp.com\/www.wallendorff.com\/belogue\/wp-content\/uploads\/2015\/04\/200910151.jpg?resize=350%2C200&ssl=1","width":350,"height":200,"srcset":"https:\/\/i0.wp.com\/www.wallendorff.com\/belogue\/wp-content\/uploads\/2015\/04\/200910151.jpg?resize=350%2C200&ssl=1 1x, https:\/\/i0.wp.com\/www.wallendorff.com\/belogue\/wp-content\/uploads\/2015\/04\/200910151.jpg?resize=525%2C300&ssl=1 1.5x, https:\/\/i0.wp.com\/www.wallendorff.com\/belogue\/wp-content\/uploads\/2015\/04\/200910151.jpg?resize=700%2C400&ssl=1 2x"},"classes":[]},{"id":20919,"url":"https:\/\/www.wallendorff.com\/belogue\/2013\/05\/14\/the-raveonettes-la-maroquinerie-paris-12-mai\/","url_meta":{"origin":20783,"position":2},"title":"The Raveonettes @ la Maroquinerie, Paris, 12 mai.","author":"dpc","date":"14 mai 2013","format":false,"excerpt":"TwilightThe Raveonettes \u00a0","rel":"","context":"Dans &quot;Alive&quot;","block_context":{"text":"Alive","link":"https:\/\/www.wallendorff.com\/belogue\/category\/alive\/"},"img":{"alt_text":"","src":"https:\/\/i0.wp.com\/www.wallendorff.com\/belogue\/wp-content\/uploads\/2015\/04\/20130514.jpg?resize=350%2C200&ssl=1","width":350,"height":200,"srcset":"https:\/\/i0.wp.com\/www.wallendorff.com\/belogue\/wp-content\/uploads\/2015\/04\/20130514.jpg?resize=350%2C200&ssl=1 1x, https:\/\/i0.wp.com\/www.wallendorff.com\/belogue\/wp-content\/uploads\/2015\/04\/20130514.jpg?resize=525%2C300&ssl=1 1.5x, https:\/\/i0.wp.com\/www.wallendorff.com\/belogue\/wp-content\/uploads\/2015\/04\/20130514.jpg?resize=700%2C400&ssl=1 2x"},"classes":[]},{"id":16277,"url":"https:\/\/www.wallendorff.com\/belogue\/2012\/03\/08\/le-prince-miiaou-mesparrow-la-maroquinerie-paris\/","url_meta":{"origin":20783,"position":3},"title":"Le Prince Miiaou + Mesparrow @ la Maroquinerie, Paris.","author":"dpc","date":"8 mars 2012","format":false,"excerpt":"J'ai deux yeux | A Story of Devotion | I Don't Know My Name | Fr\u00e9n\u00e9sies horizontales | Hawaiian Tree | Be Silent | Football Team | Hollow Hero | No Compassion Available | Fill the Blank with Your Own Emptiness | Turn Me Off | We Both Wait ||\u2026","rel":"","context":"Dans &quot;Alive&quot;","block_context":{"text":"Alive","link":"https:\/\/www.wallendorff.com\/belogue\/category\/alive\/"},"img":{"alt_text":"","src":"https:\/\/i0.wp.com\/www.wallendorff.com\/belogue\/wp-content\/uploads\/2015\/04\/201203081.jpg?resize=350%2C200&ssl=1","width":350,"height":200,"srcset":"https:\/\/i0.wp.com\/www.wallendorff.com\/belogue\/wp-content\/uploads\/2015\/04\/201203081.jpg?resize=350%2C200&ssl=1 1x, https:\/\/i0.wp.com\/www.wallendorff.com\/belogue\/wp-content\/uploads\/2015\/04\/201203081.jpg?resize=525%2C300&ssl=1 1.5x, https:\/\/i0.wp.com\/www.wallendorff.com\/belogue\/wp-content\/uploads\/2015\/04\/201203081.jpg?resize=700%2C400&ssl=1 2x"},"classes":[]},{"id":9658,"url":"https:\/\/www.wallendorff.com\/belogue\/2010\/10\/14\/shout-out-louds-baden-baden-la-maroquinerie\/","url_meta":{"origin":20783,"position":4},"title":"Shout Out Louds + Baden Baden @ la Maroquinerie, Paris.","author":"dpc","date":"14 octobre 2010","format":false,"excerpt":"Mon dernier live su\u00e9dois avait d\u00e9\u00e7u, celui-l\u00e0 m'a agr\u00e9ablement surpris. Je m'attendais \u00e0 une soir\u00e9e tranquille, lov\u00e9e dans les morceaux p\u00e9p\u00e8res de leur trois bons albums (Howl Howl Gaff Gaff, 2005, Our Ill Wills, 2007 et Work, 2010) mais non, les Shout Out Louds montent leur compos un niveau au-dessus,\u2026","rel":"","context":"Dans &quot;Alive&quot;","block_context":{"text":"Alive","link":"https:\/\/www.wallendorff.com\/belogue\/category\/alive\/"},"img":{"alt_text":"","src":"https:\/\/i0.wp.com\/www.wallendorff.com\/belogue\/wp-content\/uploads\/2015\/04\/201010141.jpg?resize=350%2C200&ssl=1","width":350,"height":200,"srcset":"https:\/\/i0.wp.com\/www.wallendorff.com\/belogue\/wp-content\/uploads\/2015\/04\/201010141.jpg?resize=350%2C200&ssl=1 1x, https:\/\/i0.wp.com\/www.wallendorff.com\/belogue\/wp-content\/uploads\/2015\/04\/201010141.jpg?resize=525%2C300&ssl=1 1.5x, https:\/\/i0.wp.com\/www.wallendorff.com\/belogue\/wp-content\/uploads\/2015\/04\/201010141.jpg?resize=700%2C400&ssl=1 2x"},"classes":[]},{"id":797,"url":"https:\/\/www.wallendorff.com\/belogue\/2006\/09\/28\/mademoiselle-k-la-maroquinerie-paris\/","url_meta":{"origin":20783,"position":5},"title":"Mademoiselle K @ la Maroquinerie, Paris\u00b9.","author":"dpc","date":"28 septembre 2006","format":false,"excerpt":"Elle vaut le coup sur disque, on le savait d\u00e9j\u00e0, mais elle assure aussi grave en live. Beaucoup de d\u00e9cibels, un trip en anglais, un autre sur les cornichons, pas mal de dialogues avec la salle, une lecture de po\u00e8me \u00e9crit sous l'emprise de la verveine de la veille, deux\u2026","rel":"","context":"Dans &quot;Alive&quot;","block_context":{"text":"Alive","link":"https:\/\/www.wallendorff.com\/belogue\/category\/alive\/"},"img":{"alt_text":"","src":"https:\/\/i0.wp.com\/www.wallendorff.com\/belogue\/wp-content\/uploads\/2015\/04\/200609281.jpg?resize=350%2C200&ssl=1","width":350,"height":200,"srcset":"https:\/\/i0.wp.com\/www.wallendorff.com\/belogue\/wp-content\/uploads\/2015\/04\/200609281.jpg?resize=350%2C200&ssl=1 1x, https:\/\/i0.wp.com\/www.wallendorff.com\/belogue\/wp-content\/uploads\/2015\/04\/200609281.jpg?resize=525%2C300&ssl=1 1.5x, https:\/\/i0.wp.com\/www.wallendorff.com\/belogue\/wp-content\/uploads\/2015\/04\/200609281.jpg?resize=700%2C400&ssl=1 2x"},"classes":[]}],"_links":{"self":[{"href":"https:\/\/www.wallendorff.com\/belogue\/wp-json\/wp\/v2\/posts\/20783","targetHints":{"allow":["GET"]}}],"collection":[{"href":"https:\/\/www.wallendorff.com\/belogue\/wp-json\/wp\/v2\/posts"}],"about":[{"href":"https:\/\/www.wallendorff.com\/belogue\/wp-json\/wp\/v2\/types\/post"}],"author":[{"embeddable":true,"href":"https:\/\/www.wallendorff.com\/belogue\/wp-json\/wp\/v2\/users\/1"}],"replies":[{"embeddable":true,"href":"https:\/\/www.wallendorff.com\/belogue\/wp-json\/wp\/v2\/comments?post=20783"}],"version-history":[{"count":4,"href":"https:\/\/www.wallendorff.com\/belogue\/wp-json\/wp\/v2\/posts\/20783\/revisions"}],"predecessor-version":[{"id":20996,"href":"https:\/\/www.wallendorff.com\/belogue\/wp-json\/wp\/v2\/posts\/20783\/revisions\/20996"}],"wp:featuredmedia":[{"embeddable":true,"href":"https:\/\/www.wallendorff.com\/belogue\/wp-json\/wp\/v2\/media\/26544"}],"wp:attachment":[{"href":"https:\/\/www.wallendorff.com\/belogue\/wp-json\/wp\/v2\/media?parent=20783"}],"wp:term":[{"taxonomy":"category","embeddable":true,"href":"https:\/\/www.wallendorff.com\/belogue\/wp-json\/wp\/v2\/categories?post=20783"},{"taxonomy":"post_tag","embeddable":true,"href":"https:\/\/www.wallendorff.com\/belogue\/wp-json\/wp\/v2\/tags?post=20783"}],"curies":[{"name":"wp","href":"https:\/\/api.w.org\/{rel}","templated":true}]}}