{"id":20776,"date":"2013-04-17T11:28:09","date_gmt":"2013-04-17T09:28:09","guid":{"rendered":"http:\/\/www.wallendorff.com\/?p=20776"},"modified":"2018-05-23T08:14:29","modified_gmt":"2018-05-23T06:14:29","slug":"statue-quhaut","status":"publish","type":"post","link":"https:\/\/www.wallendorff.com\/belogue\/2013\/04\/17\/statue-quhaut\/","title":{"rendered":"Statue qu&rsquo;haut."},"content":{"rendered":"\n<div id=\"photo\">\n<p><img decoding=\"async\" src=\"https:\/\/www.wallendorff.com\/belogue\/photo\/2013\/04\/20130417.jpg\"><br \/>\nBasilique Saint-Pierre, Cit&eacute; du Vatican, 10 f&eacute;vrier.<\/p>\n<\/p><\/div>\n<div id=\"bandeson\">\n<p><img decoding=\"async\" src=\"https:\/\/www.wallendorff.com\/belogue\/photo\/pochettes\/c\/cold_war_kids-dear_miss_lonelyhearts.jpg\" align=\"left\" \/><a style=\"font-weight:normal\" id=\"lienmp3\" href=\"http:\/\/www.youtube.com\/watch?v=MWgp3FOlHQc\"><em>Water &amp; Power<\/em><\/a><br \/><a href=\"http:\/\/www.coldwarkids.com\/\">Cold War Kids<\/a><\/p>\n<\/p><\/div>\n","protected":false},"excerpt":{"rendered":"<p>Basilique Saint-Pierre, Cit&eacute; du Vatican, 10 f&eacute;vrier. Water &amp; PowerCold War Kids<\/p>\n","protected":false},"author":1,"featured_media":26539,"comment_status":"open","ping_status":"open","sticky":false,"template":"","format":"standard","meta":{"_acf_changed":false,"ngg_post_thumbnail":0,"jetpack_post_was_ever_published":false,"_jetpack_newsletter_access":"","_jetpack_dont_email_post_to_subs":false,"_jetpack_newsletter_tier_id":0,"_jetpack_memberships_contains_paywalled_content":false,"_jetpack_memberships_contains_paid_content":false,"footnotes":"","jetpack_publicize_message":"","jetpack_publicize_feature_enabled":true,"jetpack_social_post_already_shared":true,"jetpack_social_options":{"image_generator_settings":{"template":"highway","default_image_id":0,"font":"","enabled":false},"version":2}},"categories":[3],"tags":[11362,2571,6766,11363,10425,10500,8261,10238,11339,11340,11341,7052,11344,11342,10227,7556,10261,7557],"class_list":["post-20776","post","type-post","status-publish","format-standard","has-post-thumbnail","hentry","category-dpc","tag-basilique-saint-pierre-du-vatican","tag-ef-16-35-mm-f28l-ii-usm","tag-eos-5d-mark-iii","tag-cite-du-vatican","tag-cold-war-kids","tag-contre-plongee","tag-dear-miss-lonelyhearts","tag-eglise","tag-italie","tag-latium","tag-municipio-i","tag-nef","tag-province-de-rome","tag-rome","tag-statue","tag-vatican","tag-voute","tag-water-power"],"acf":[],"geo":{"latitude":41.9024315,"longitude":12.4537754,"description":"Via Sant'Anna, 00120, Vatican"},"jetpack_publicize_connections":[],"jetpack_featured_media_url":"https:\/\/www.wallendorff.com\/belogue\/wp-content\/uploads\/2015\/04\/20130417.jpg","jetpack_shortlink":"https:\/\/wp.me\/p3b35P-5p6","jetpack_sharing_enabled":true,"jetpack-related-posts":[{"id":20794,"url":"https:\/\/www.wallendorff.com\/belogue\/2013\/04\/23\/saints-a-lair\/","url_meta":{"origin":20776,"position":0},"title":"Les saints \u00e0 l&rsquo;air.","author":"dpc","date":"23 avril 2013","format":false,"excerpt":"Basilique Saint-Pierre, Vatican, 10 f\u00e9vrier. Reah Out for the SunZeno","rel":"","context":"Dans &quot;DPC&quot;","block_context":{"text":"DPC","link":"https:\/\/www.wallendorff.com\/belogue\/category\/dpc\/"},"img":{"alt_text":"","src":"https:\/\/i0.wp.com\/www.wallendorff.com\/belogue\/wp-content\/uploads\/2015\/04\/201304231.jpg?resize=350%2C200&ssl=1","width":350,"height":200,"srcset":"https:\/\/i0.wp.com\/www.wallendorff.com\/belogue\/wp-content\/uploads\/2015\/04\/201304231.jpg?resize=350%2C200&ssl=1 1x, https:\/\/i0.wp.com\/www.wallendorff.com\/belogue\/wp-content\/uploads\/2015\/04\/201304231.jpg?resize=525%2C300&ssl=1 1.5x, https:\/\/i0.wp.com\/www.wallendorff.com\/belogue\/wp-content\/uploads\/2015\/04\/201304231.jpg?resize=700%2C400&ssl=1 2x"},"classes":[]},{"id":20792,"url":"https:\/\/www.wallendorff.com\/belogue\/2013\/04\/22\/into-the-wide-6\/","url_meta":{"origin":20776,"position":1},"title":"Into the wide #6.","author":"dpc","date":"22 avril 2013","format":false,"excerpt":"Basilique Saint-Pierre, Vatican, 10 f\u00e9vrier. FantasyMS MR","rel":"","context":"Dans &quot;Into the wide&quot;","block_context":{"text":"Into the wide","link":"https:\/\/www.wallendorff.com\/belogue\/category\/into-the-wide\/"},"img":{"alt_text":"","src":"https:\/\/i0.wp.com\/www.wallendorff.com\/belogue\/wp-content\/uploads\/2015\/04\/20130422.jpg?resize=350%2C200&ssl=1","width":350,"height":200,"srcset":"https:\/\/i0.wp.com\/www.wallendorff.com\/belogue\/wp-content\/uploads\/2015\/04\/20130422.jpg?resize=350%2C200&ssl=1 1x, https:\/\/i0.wp.com\/www.wallendorff.com\/belogue\/wp-content\/uploads\/2015\/04\/20130422.jpg?resize=525%2C300&ssl=1 1.5x, https:\/\/i0.wp.com\/www.wallendorff.com\/belogue\/wp-content\/uploads\/2015\/04\/20130422.jpg?resize=700%2C400&ssl=1 2x"},"classes":[]},{"id":20779,"url":"https:\/\/www.wallendorff.com\/belogue\/2013\/04\/18\/into-the-wide-5\/","url_meta":{"origin":20776,"position":2},"title":"Into the wide #5.","author":"dpc","date":"18 avril 2013","format":false,"excerpt":"Basilique Saint-Pierre, Cit\u00e9 du Vatican, 10 f\u00e9vrier. Le cadrage, c'est pas encore \u00e7a. Mais j'apprends. It's Alright, It's OKPrimal Scream","rel":"","context":"Dans &quot;Into the wide&quot;","block_context":{"text":"Into the wide","link":"https:\/\/www.wallendorff.com\/belogue\/category\/into-the-wide\/"},"img":{"alt_text":"","src":"https:\/\/i0.wp.com\/www.wallendorff.com\/belogue\/wp-content\/uploads\/2015\/04\/20130418.jpg?resize=350%2C200&ssl=1","width":350,"height":200,"srcset":"https:\/\/i0.wp.com\/www.wallendorff.com\/belogue\/wp-content\/uploads\/2015\/04\/20130418.jpg?resize=350%2C200&ssl=1 1x, https:\/\/i0.wp.com\/www.wallendorff.com\/belogue\/wp-content\/uploads\/2015\/04\/20130418.jpg?resize=525%2C300&ssl=1 1.5x, https:\/\/i0.wp.com\/www.wallendorff.com\/belogue\/wp-content\/uploads\/2015\/04\/20130418.jpg?resize=700%2C400&ssl=1 2x"},"classes":[]},{"id":20714,"url":"https:\/\/www.wallendorff.com\/belogue\/2013\/04\/02\/quatre-garcons-dans-lauvent\/","url_meta":{"origin":20776,"position":3},"title":"Quatre gar\u00e7ons dans l&rsquo;auvent.","author":"dpc","date":"2 avril 2013","format":false,"excerpt":"Place Saint-Pierre, Cit\u00e9 du Vatican, 9 f\u00e9vrier. Si on m'avait dit qu'entre la prise et la publication de cette photo on aurait le temps de changer de pape, je l'aurions point cru. Evil Friends Portugal. The Man","rel":"","context":"Dans &quot;DPC&quot;","block_context":{"text":"DPC","link":"https:\/\/www.wallendorff.com\/belogue\/category\/dpc\/"},"img":{"alt_text":"","src":"https:\/\/i0.wp.com\/www.wallendorff.com\/belogue\/wp-content\/uploads\/2015\/04\/20130402.jpg?resize=350%2C200&ssl=1","width":350,"height":200},"classes":[]},{"id":49863,"url":"https:\/\/www.wallendorff.com\/belogue\/2021\/11\/04\/ciao-roma\/","url_meta":{"origin":20776,"position":4},"title":"Ciao Roma.","author":"dpc","date":"4 novembre 2021","format":false,"excerpt":"","rel":"","context":"Dans &quot;DPC&quot;","block_context":{"text":"DPC","link":"https:\/\/www.wallendorff.com\/belogue\/category\/dpc\/"},"img":{"alt_text":"","src":"https:\/\/i0.wp.com\/www.wallendorff.com\/belogue\/wp-content\/uploads\/2021\/11\/20211104-05.jpg?resize=350%2C200&ssl=1","width":350,"height":200,"srcset":"https:\/\/i0.wp.com\/www.wallendorff.com\/belogue\/wp-content\/uploads\/2021\/11\/20211104-05.jpg?resize=350%2C200&ssl=1 1x, https:\/\/i0.wp.com\/www.wallendorff.com\/belogue\/wp-content\/uploads\/2021\/11\/20211104-05.jpg?resize=525%2C300&ssl=1 1.5x, https:\/\/i0.wp.com\/www.wallendorff.com\/belogue\/wp-content\/uploads\/2021\/11\/20211104-05.jpg?resize=700%2C400&ssl=1 2x, https:\/\/i0.wp.com\/www.wallendorff.com\/belogue\/wp-content\/uploads\/2021\/11\/20211104-05.jpg?resize=1050%2C600&ssl=1 3x"},"classes":[]},{"id":47678,"url":"https:\/\/www.wallendorff.com\/belogue\/2021\/01\/15\/ciaaaaaao-roma\/","url_meta":{"origin":20776,"position":5},"title":"Ciaaaaaao Roma.","author":"dpc","date":"15 janvier 2021","format":false,"excerpt":"Rome, 18 \u2013 20\u00a0septembre 2020.","rel":"","context":"Dans &quot;DPC&quot;","block_context":{"text":"DPC","link":"https:\/\/www.wallendorff.com\/belogue\/category\/dpc\/"},"img":{"alt_text":"","src":"https:\/\/i0.wp.com\/www.wallendorff.com\/belogue\/wp-content\/uploads\/2021\/01\/20210115-04.jpg?resize=350%2C200&ssl=1","width":350,"height":200,"srcset":"https:\/\/i0.wp.com\/www.wallendorff.com\/belogue\/wp-content\/uploads\/2021\/01\/20210115-04.jpg?resize=350%2C200&ssl=1 1x, https:\/\/i0.wp.com\/www.wallendorff.com\/belogue\/wp-content\/uploads\/2021\/01\/20210115-04.jpg?resize=525%2C300&ssl=1 1.5x, https:\/\/i0.wp.com\/www.wallendorff.com\/belogue\/wp-content\/uploads\/2021\/01\/20210115-04.jpg?resize=700%2C400&ssl=1 2x, https:\/\/i0.wp.com\/www.wallendorff.com\/belogue\/wp-content\/uploads\/2021\/01\/20210115-04.jpg?resize=1050%2C600&ssl=1 3x"},"classes":[]}],"_links":{"self":[{"href":"https:\/\/www.wallendorff.com\/belogue\/wp-json\/wp\/v2\/posts\/20776","targetHints":{"allow":["GET"]}}],"collection":[{"href":"https:\/\/www.wallendorff.com\/belogue\/wp-json\/wp\/v2\/posts"}],"about":[{"href":"https:\/\/www.wallendorff.com\/belogue\/wp-json\/wp\/v2\/types\/post"}],"author":[{"embeddable":true,"href":"https:\/\/www.wallendorff.com\/belogue\/wp-json\/wp\/v2\/users\/1"}],"replies":[{"embeddable":true,"href":"https:\/\/www.wallendorff.com\/belogue\/wp-json\/wp\/v2\/comments?post=20776"}],"version-history":[{"count":3,"href":"https:\/\/www.wallendorff.com\/belogue\/wp-json\/wp\/v2\/posts\/20776\/revisions"}],"predecessor-version":[{"id":22246,"href":"https:\/\/www.wallendorff.com\/belogue\/wp-json\/wp\/v2\/posts\/20776\/revisions\/22246"}],"wp:featuredmedia":[{"embeddable":true,"href":"https:\/\/www.wallendorff.com\/belogue\/wp-json\/wp\/v2\/media\/26539"}],"wp:attachment":[{"href":"https:\/\/www.wallendorff.com\/belogue\/wp-json\/wp\/v2\/media?parent=20776"}],"wp:term":[{"taxonomy":"category","embeddable":true,"href":"https:\/\/www.wallendorff.com\/belogue\/wp-json\/wp\/v2\/categories?post=20776"},{"taxonomy":"post_tag","embeddable":true,"href":"https:\/\/www.wallendorff.com\/belogue\/wp-json\/wp\/v2\/tags?post=20776"}],"curies":[{"name":"wp","href":"https:\/\/api.w.org\/{rel}","templated":true}]}}