{"id":20714,"date":"2013-04-02T12:45:15","date_gmt":"2013-04-02T10:45:15","guid":{"rendered":"http:\/\/www.wallendorff.com\/?p=20714"},"modified":"2018-05-23T08:14:29","modified_gmt":"2018-05-23T06:14:29","slug":"quatre-garcons-dans-lauvent","status":"publish","type":"post","link":"https:\/\/www.wallendorff.com\/belogue\/2013\/04\/02\/quatre-garcons-dans-lauvent\/","title":{"rendered":"Quatre gar\u00e7ons dans l&rsquo;auvent."},"content":{"rendered":"\n<div id=\"photo\">\n<p><img decoding=\"async\" src=\"https:\/\/www.wallendorff.com\/belogue\/photo\/2013\/04\/20130402.jpg\"><br \/>\nPlace Saint-Pierre, Cit&eacute; du Vatican, 9 f&eacute;vrier.<\/p>\n<\/p><\/div>\n<p style=\"text-align:right\">Si on m&rsquo;avait dit qu&rsquo;entre la prise et la publication de cette photo on aurait le temps de changer de pape, je l&rsquo;aurions point cru.<\/p>\n<div id=\"bandeson\">\n<p><img decoding=\"async\" src=\"https:\/\/www.wallendorff.com\/belogue\/photo\/pochettes\/p\/portugal_the_man-evil_friends.jpg\" align=\"left\" \/><a style=\"font-weight:normal\" id=\"lienmp3\" href=\"http:\/\/www.youtube.com\/watch?v=-zpBbrXLxP4\"><em>Evil Friends<\/em><\/a><br \/>\n<a href=\"http:\/\/www.portugaltheman.com\/\">Portugal. The Man<\/a><\/p>\n<\/p><\/div>\n","protected":false},"excerpt":{"rendered":"<p>Place Saint-Pierre, Cit&eacute; du Vatican, 9 f&eacute;vrier. Si on m&rsquo;avait dit qu&rsquo;entre la prise et la publication de cette photo on aurait le temps de changer de pape, je l&rsquo;aurions point cru. Evil Friends Portugal. The Man<\/p>\n","protected":false},"author":1,"featured_media":26553,"comment_status":"open","ping_status":"open","sticky":false,"template":"","format":"standard","meta":{"_acf_changed":false,"ngg_post_thumbnail":0,"jetpack_post_was_ever_published":false,"_jetpack_newsletter_access":"","_jetpack_dont_email_post_to_subs":false,"_jetpack_newsletter_tier_id":0,"_jetpack_memberships_contains_paywalled_content":false,"_jetpack_memberships_contains_paid_content":false,"footnotes":"","jetpack_publicize_message":"","jetpack_publicize_feature_enabled":true,"jetpack_social_post_already_shared":true,"jetpack_social_options":{"image_generator_settings":{"template":"highway","default_image_id":0,"font":"","enabled":false},"version":2}},"categories":[3],"tags":[11362,2571,6766,11363,10657,10311,7483,8266,10629,10589,11339,7482,10565,11342],"class_list":["post-20714","post","type-post","status-publish","format-standard","has-post-thumbnail","hentry","category-dpc","tag-basilique-saint-pierre-du-vatican","tag-ef-16-35-mm-f28l-ii-usm","tag-eos-5d-mark-iii","tag-cite-du-vatican","tag-colonne","tag-dos","tag-evil-friends","tag-evil-friends-album","tag-galerie","tag-homme","tag-italie","tag-place-saint-pierre","tag-portugal-the-man","tag-rome"],"acf":[],"geo":{"latitude":41.9016037,"longitude":12.4579058,"description":"Via Paolo VI, 29, 00193 Rome, Province de Rome, Vatican"},"jetpack_publicize_connections":[],"jetpack_featured_media_url":"https:\/\/www.wallendorff.com\/belogue\/wp-content\/uploads\/2015\/04\/20130402.jpg","jetpack_shortlink":"https:\/\/wp.me\/p3b35P-5o6","jetpack_sharing_enabled":true,"jetpack-related-posts":[{"id":20792,"url":"https:\/\/www.wallendorff.com\/belogue\/2013\/04\/22\/into-the-wide-6\/","url_meta":{"origin":20714,"position":0},"title":"Into the wide #6.","author":"dpc","date":"22 avril 2013","format":false,"excerpt":"Basilique Saint-Pierre, Vatican, 10 f\u00e9vrier. FantasyMS MR","rel":"","context":"Dans &quot;Into the wide&quot;","block_context":{"text":"Into the wide","link":"https:\/\/www.wallendorff.com\/belogue\/category\/into-the-wide\/"},"img":{"alt_text":"","src":"https:\/\/i0.wp.com\/www.wallendorff.com\/belogue\/wp-content\/uploads\/2015\/04\/20130422.jpg?resize=350%2C200&ssl=1","width":350,"height":200,"srcset":"https:\/\/i0.wp.com\/www.wallendorff.com\/belogue\/wp-content\/uploads\/2015\/04\/20130422.jpg?resize=350%2C200&ssl=1 1x, https:\/\/i0.wp.com\/www.wallendorff.com\/belogue\/wp-content\/uploads\/2015\/04\/20130422.jpg?resize=525%2C300&ssl=1 1.5x, https:\/\/i0.wp.com\/www.wallendorff.com\/belogue\/wp-content\/uploads\/2015\/04\/20130422.jpg?resize=700%2C400&ssl=1 2x"},"classes":[]},{"id":20776,"url":"https:\/\/www.wallendorff.com\/belogue\/2013\/04\/17\/statue-quhaut\/","url_meta":{"origin":20714,"position":1},"title":"Statue qu&rsquo;haut.","author":"dpc","date":"17 avril 2013","format":false,"excerpt":"Basilique Saint-Pierre, Cit\u00e9 du Vatican, 10 f\u00e9vrier. Water & PowerCold War Kids","rel":"","context":"Dans &quot;DPC&quot;","block_context":{"text":"DPC","link":"https:\/\/www.wallendorff.com\/belogue\/category\/dpc\/"},"img":{"alt_text":"","src":"https:\/\/i0.wp.com\/www.wallendorff.com\/belogue\/wp-content\/uploads\/2015\/04\/20130417.jpg?resize=350%2C200&ssl=1","width":350,"height":200,"srcset":"https:\/\/i0.wp.com\/www.wallendorff.com\/belogue\/wp-content\/uploads\/2015\/04\/20130417.jpg?resize=350%2C200&ssl=1 1x, https:\/\/i0.wp.com\/www.wallendorff.com\/belogue\/wp-content\/uploads\/2015\/04\/20130417.jpg?resize=525%2C300&ssl=1 1.5x, https:\/\/i0.wp.com\/www.wallendorff.com\/belogue\/wp-content\/uploads\/2015\/04\/20130417.jpg?resize=700%2C400&ssl=1 2x"},"classes":[]},{"id":20779,"url":"https:\/\/www.wallendorff.com\/belogue\/2013\/04\/18\/into-the-wide-5\/","url_meta":{"origin":20714,"position":2},"title":"Into the wide #5.","author":"dpc","date":"18 avril 2013","format":false,"excerpt":"Basilique Saint-Pierre, Cit\u00e9 du Vatican, 10 f\u00e9vrier. Le cadrage, c'est pas encore \u00e7a. Mais j'apprends. It's Alright, It's OKPrimal Scream","rel":"","context":"Dans &quot;Into the wide&quot;","block_context":{"text":"Into the wide","link":"https:\/\/www.wallendorff.com\/belogue\/category\/into-the-wide\/"},"img":{"alt_text":"","src":"https:\/\/i0.wp.com\/www.wallendorff.com\/belogue\/wp-content\/uploads\/2015\/04\/20130418.jpg?resize=350%2C200&ssl=1","width":350,"height":200,"srcset":"https:\/\/i0.wp.com\/www.wallendorff.com\/belogue\/wp-content\/uploads\/2015\/04\/20130418.jpg?resize=350%2C200&ssl=1 1x, https:\/\/i0.wp.com\/www.wallendorff.com\/belogue\/wp-content\/uploads\/2015\/04\/20130418.jpg?resize=525%2C300&ssl=1 1.5x, https:\/\/i0.wp.com\/www.wallendorff.com\/belogue\/wp-content\/uploads\/2015\/04\/20130418.jpg?resize=700%2C400&ssl=1 2x"},"classes":[]},{"id":20794,"url":"https:\/\/www.wallendorff.com\/belogue\/2013\/04\/23\/saints-a-lair\/","url_meta":{"origin":20714,"position":3},"title":"Les saints \u00e0 l&rsquo;air.","author":"dpc","date":"23 avril 2013","format":false,"excerpt":"Basilique Saint-Pierre, Vatican, 10 f\u00e9vrier. Reah Out for the SunZeno","rel":"","context":"Dans &quot;DPC&quot;","block_context":{"text":"DPC","link":"https:\/\/www.wallendorff.com\/belogue\/category\/dpc\/"},"img":{"alt_text":"","src":"https:\/\/i0.wp.com\/www.wallendorff.com\/belogue\/wp-content\/uploads\/2015\/04\/201304231.jpg?resize=350%2C200&ssl=1","width":350,"height":200,"srcset":"https:\/\/i0.wp.com\/www.wallendorff.com\/belogue\/wp-content\/uploads\/2015\/04\/201304231.jpg?resize=350%2C200&ssl=1 1x, https:\/\/i0.wp.com\/www.wallendorff.com\/belogue\/wp-content\/uploads\/2015\/04\/201304231.jpg?resize=525%2C300&ssl=1 1.5x, https:\/\/i0.wp.com\/www.wallendorff.com\/belogue\/wp-content\/uploads\/2015\/04\/201304231.jpg?resize=700%2C400&ssl=1 2x"},"classes":[]},{"id":125251,"url":"https:\/\/www.wallendorff.com\/belogue\/2023\/06\/30\/juin-2023\/","url_meta":{"origin":20714,"position":4},"title":"Juin 2023.","author":"dpc","date":"30 juin 2023","format":false,"excerpt":"Un rayon de soleil, un balcon, une ombre, un bisou, un m\u00e9tro flou, un mus\u00e9e, une ruelle, un reflet, un arr\u00eat de bus, un couloir, un m\u00e9tro flou, un escalier, un papillon, une autoroute, un Intermarch\u00e9, un saxophone, une grotte, une belle famille, un arbre \u00e0 gamins, une station-service, un\u2026","rel":"","context":"Dans &quot;Blog-note&quot;","block_context":{"text":"Blog-note","link":"https:\/\/www.wallendorff.com\/belogue\/category\/blog-note\/"},"img":{"alt_text":"","src":"https:\/\/i0.wp.com\/www.wallendorff.com\/belogue\/wp-content\/uploads\/2023\/07\/20230717-45.jpg?resize=350%2C200&ssl=1","width":350,"height":200,"srcset":"https:\/\/i0.wp.com\/www.wallendorff.com\/belogue\/wp-content\/uploads\/2023\/07\/20230717-45.jpg?resize=350%2C200&ssl=1 1x, https:\/\/i0.wp.com\/www.wallendorff.com\/belogue\/wp-content\/uploads\/2023\/07\/20230717-45.jpg?resize=525%2C300&ssl=1 1.5x, https:\/\/i0.wp.com\/www.wallendorff.com\/belogue\/wp-content\/uploads\/2023\/07\/20230717-45.jpg?resize=700%2C400&ssl=1 2x, https:\/\/i0.wp.com\/www.wallendorff.com\/belogue\/wp-content\/uploads\/2023\/07\/20230717-45.jpg?resize=1050%2C600&ssl=1 3x"},"classes":[]},{"id":127695,"url":"https:\/\/www.wallendorff.com\/belogue\/2024\/04\/14\/suivre-la-fleche-1-3-reference\/","url_meta":{"origin":20714,"position":5},"title":"Suivre la fl\u00e8che [1\/3] : R\u00e9f\u00e9rence.","author":"dpc","date":"14 avril 2024","format":false,"excerpt":"Voil\u00e0 5 ans, la fl\u00e8che s\u2019effondrait, emportant quelques-unes de nos certitudes.Voil\u00e0 5 ans, l\u2019incendie laissait un trou b\u00e9ant \u00e0 la place de l\u2019un des plus anciens, des plus classiques point de r\u00e9f\u00e9rence du paysage parisien.Voil\u00e0 5 ans commen\u00e7ait la lente recouvrance qui devrait se terminer \u00e0 la fin de l'ann\u00e9e\u2026","rel":"","context":"Dans &quot;DPC&quot;","block_context":{"text":"DPC","link":"https:\/\/www.wallendorff.com\/belogue\/category\/dpc\/"},"img":{"alt_text":"","src":"https:\/\/i0.wp.com\/www.wallendorff.com\/belogue\/wp-content\/uploads\/2024\/04\/20240414-01.jpg?resize=350%2C200&ssl=1","width":350,"height":200,"srcset":"https:\/\/i0.wp.com\/www.wallendorff.com\/belogue\/wp-content\/uploads\/2024\/04\/20240414-01.jpg?resize=350%2C200&ssl=1 1x, https:\/\/i0.wp.com\/www.wallendorff.com\/belogue\/wp-content\/uploads\/2024\/04\/20240414-01.jpg?resize=525%2C300&ssl=1 1.5x, https:\/\/i0.wp.com\/www.wallendorff.com\/belogue\/wp-content\/uploads\/2024\/04\/20240414-01.jpg?resize=700%2C400&ssl=1 2x, https:\/\/i0.wp.com\/www.wallendorff.com\/belogue\/wp-content\/uploads\/2024\/04\/20240414-01.jpg?resize=1050%2C600&ssl=1 3x"},"classes":[]}],"_links":{"self":[{"href":"https:\/\/www.wallendorff.com\/belogue\/wp-json\/wp\/v2\/posts\/20714","targetHints":{"allow":["GET"]}}],"collection":[{"href":"https:\/\/www.wallendorff.com\/belogue\/wp-json\/wp\/v2\/posts"}],"about":[{"href":"https:\/\/www.wallendorff.com\/belogue\/wp-json\/wp\/v2\/types\/post"}],"author":[{"embeddable":true,"href":"https:\/\/www.wallendorff.com\/belogue\/wp-json\/wp\/v2\/users\/1"}],"replies":[{"embeddable":true,"href":"https:\/\/www.wallendorff.com\/belogue\/wp-json\/wp\/v2\/comments?post=20714"}],"version-history":[{"count":3,"href":"https:\/\/www.wallendorff.com\/belogue\/wp-json\/wp\/v2\/posts\/20714\/revisions"}],"predecessor-version":[{"id":22279,"href":"https:\/\/www.wallendorff.com\/belogue\/wp-json\/wp\/v2\/posts\/20714\/revisions\/22279"}],"wp:featuredmedia":[{"embeddable":true,"href":"https:\/\/www.wallendorff.com\/belogue\/wp-json\/wp\/v2\/media\/26553"}],"wp:attachment":[{"href":"https:\/\/www.wallendorff.com\/belogue\/wp-json\/wp\/v2\/media?parent=20714"}],"wp:term":[{"taxonomy":"category","embeddable":true,"href":"https:\/\/www.wallendorff.com\/belogue\/wp-json\/wp\/v2\/categories?post=20714"},{"taxonomy":"post_tag","embeddable":true,"href":"https:\/\/www.wallendorff.com\/belogue\/wp-json\/wp\/v2\/tags?post=20714"}],"curies":[{"name":"wp","href":"https:\/\/api.w.org\/{rel}","templated":true}]}}