{"id":20711,"date":"2013-04-01T13:26:38","date_gmt":"2013-04-01T11:26:38","guid":{"rendered":"http:\/\/www.wallendorff.com\/?p=20711"},"modified":"2018-05-23T08:14:30","modified_gmt":"2018-05-23T06:14:30","slug":"degres-ou-de-force","status":"publish","type":"post","link":"https:\/\/www.wallendorff.com\/belogue\/2013\/04\/01\/degres-ou-de-force\/","title":{"rendered":"Degr\u00e9s [ou de force]."},"content":{"rendered":"\n<div id=\"photo\">\n<p><img decoding=\"async\" src=\"https:\/\/www.wallendorff.com\/belogue\/photo\/2013\/04\/20130401.jpg\"><br \/>\nVia delle Sette Sale, Rome, 8 f&eacute;vrier.<\/p>\n<\/p><\/div>\n<div id=\"bandeson\">\n<p><img decoding=\"async\" src=\"https:\/\/www.wallendorff.com\/belogue\/photo\/pochettes\/j\/junip-junip.jpg\" align=\"left\" \/><a style=\"font-weight:normal\" id=\"lienmp3\" href=\"http:\/\/www.youtube.com\/watch?v=KUabuITNj_o\"><em>Your Life, Your Call<\/em><\/a><br \/>\n<a href=\"http:\/\/www.junip.net\/\">Junip<\/a><\/p>\n<\/p><\/div>\n","protected":false},"excerpt":{"rendered":"<p>Via delle Sette Sale, Rome, 8 f&eacute;vrier. Your Life, Your Call Junip<\/p>\n","protected":false},"author":1,"featured_media":26547,"comment_status":"open","ping_status":"open","sticky":false,"template":"","format":"standard","meta":{"_acf_changed":false,"ngg_post_thumbnail":0,"jetpack_post_was_ever_published":false,"_jetpack_newsletter_access":"","_jetpack_dont_email_post_to_subs":false,"_jetpack_newsletter_tier_id":0,"_jetpack_memberships_contains_paywalled_content":false,"_jetpack_memberships_contains_paid_content":false,"footnotes":"","jetpack_publicize_message":"","jetpack_publicize_feature_enabled":true,"jetpack_social_post_already_shared":true,"jetpack_social_options":{"image_generator_settings":{"template":"highway","default_image_id":0,"font":"","enabled":false},"version":2}},"categories":[3],"tags":[2571,6766,10210,11339,10744,8264,10278,11341,10147,11342,10158,7480,7481],"class_list":["post-20711","post","type-post","status-publish","format-standard","has-post-thumbnail","hentry","category-dpc","tag-ef-16-35-mm-f28l-ii-usm","tag-eos-5d-mark-iii","tag-escalier","tag-italie","tag-junip","tag-junip-album","tag-lampadaire","tag-municipio-i","tag-nuit","tag-rome","tag-ruelle","tag-via-delle-sette-sale","tag-your-life-your-call"],"acf":[],"geo":{"latitude":41.893959,"longitude":12.4924326,"description":"Via delle Sette Sale, 14, 00184 Rome, Italie"},"jetpack_publicize_connections":[],"jetpack_featured_media_url":"https:\/\/www.wallendorff.com\/belogue\/wp-content\/uploads\/2015\/04\/20130401.jpg","jetpack_shortlink":"https:\/\/wp.me\/p3b35P-5o3","jetpack_sharing_enabled":true,"jetpack-related-posts":[{"id":20807,"url":"https:\/\/www.wallendorff.com\/belogue\/2013\/04\/25\/trajan-orange\/","url_meta":{"origin":20711,"position":0},"title":"Trajan orange.","author":"dpc","date":"25 avril 2013","format":false,"excerpt":"Via IV Novembre, Rome, 10 f\u00e9vrier. So ClearJunip","rel":"","context":"Dans &quot;DPC&quot;","block_context":{"text":"DPC","link":"https:\/\/www.wallendorff.com\/belogue\/category\/dpc\/"},"img":{"alt_text":"","src":"https:\/\/i0.wp.com\/www.wallendorff.com\/belogue\/wp-content\/uploads\/2015\/04\/20130425.jpg?resize=350%2C200&ssl=1","width":350,"height":200},"classes":[]},{"id":20927,"url":"https:\/\/www.wallendorff.com\/belogue\/2013\/05\/15\/junip-barbarossa-le-trabendo-paris\/","url_meta":{"origin":20711,"position":1},"title":"Junip + Barbarossa @ le Trabendo, Paris.","author":"dpc","date":"15 mai 2013","format":false,"excerpt":"Jos\u00e9 Gonz\u00e1lez \u00e9tait d\u00e9j\u00e0 bon tout seul, il est encore meilleur en groupe. \u00c0 noter aussi la bonne d\u00e9couverte Barbarossa. Walking LightlyJunip Barbarossa \u00a0 Junip \u00a0","rel":"","context":"Dans &quot;Alive&quot;","block_context":{"text":"Alive","link":"https:\/\/www.wallendorff.com\/belogue\/category\/alive\/"},"img":{"alt_text":"","src":"https:\/\/i0.wp.com\/www.wallendorff.com\/belogue\/wp-content\/uploads\/2015\/04\/20130515.jpg?resize=350%2C200&ssl=1","width":350,"height":200,"srcset":"https:\/\/i0.wp.com\/www.wallendorff.com\/belogue\/wp-content\/uploads\/2015\/04\/20130515.jpg?resize=350%2C200&ssl=1 1x, https:\/\/i0.wp.com\/www.wallendorff.com\/belogue\/wp-content\/uploads\/2015\/04\/20130515.jpg?resize=525%2C300&ssl=1 1.5x, https:\/\/i0.wp.com\/www.wallendorff.com\/belogue\/wp-content\/uploads\/2015\/04\/20130515.jpg?resize=700%2C400&ssl=1 2x"},"classes":[]},{"id":7642,"url":"https:\/\/www.wallendorff.com\/belogue\/2010\/06\/06\/menomena-junip-la-fleche-dor-paris\/","url_meta":{"origin":20711,"position":2},"title":"Menomena + Junip @ la Fl\u00e8che d&rsquo;Or, Paris.","author":"dpc","date":"6 juin 2010","format":false,"excerpt":"\u00a0Junip \u2013 Far Away Junip Menomena","rel":"","context":"Dans &quot;Alive&quot;","block_context":{"text":"Alive","link":"https:\/\/www.wallendorff.com\/belogue\/category\/alive\/"},"img":{"alt_text":"","src":"https:\/\/i0.wp.com\/www.wallendorff.com\/belogue\/wp-content\/uploads\/2015\/04\/201006061.jpg?resize=350%2C200&ssl=1","width":350,"height":200,"srcset":"https:\/\/i0.wp.com\/www.wallendorff.com\/belogue\/wp-content\/uploads\/2015\/04\/201006061.jpg?resize=350%2C200&ssl=1 1x, https:\/\/i0.wp.com\/www.wallendorff.com\/belogue\/wp-content\/uploads\/2015\/04\/201006061.jpg?resize=525%2C300&ssl=1 1.5x, https:\/\/i0.wp.com\/www.wallendorff.com\/belogue\/wp-content\/uploads\/2015\/04\/201006061.jpg?resize=700%2C400&ssl=1 2x"},"classes":[]},{"id":20388,"url":"https:\/\/www.wallendorff.com\/belogue\/2013\/02\/05\/what-would-you-say-if-you-had-to-leave-today\/","url_meta":{"origin":20711,"position":3},"title":"What would you say, if you had to leave today.","author":"dpc","date":"5 f\u00e9vrier 2013","format":false,"excerpt":"Faidherbe - Chaligny, Paris, 28 d\u00e9cembre 2012. Line of Fire Junip","rel":"","context":"Dans &quot;DPC&quot;","block_context":{"text":"DPC","link":"https:\/\/www.wallendorff.com\/belogue\/category\/dpc\/"},"img":{"alt_text":"","src":"https:\/\/i0.wp.com\/www.wallendorff.com\/belogue\/wp-content\/uploads\/2015\/04\/20130205.jpg?resize=350%2C200&ssl=1","width":350,"height":200,"srcset":"https:\/\/i0.wp.com\/www.wallendorff.com\/belogue\/wp-content\/uploads\/2015\/04\/20130205.jpg?resize=350%2C200&ssl=1 1x, https:\/\/i0.wp.com\/www.wallendorff.com\/belogue\/wp-content\/uploads\/2015\/04\/20130205.jpg?resize=525%2C300&ssl=1 1.5x, https:\/\/i0.wp.com\/www.wallendorff.com\/belogue\/wp-content\/uploads\/2015\/04\/20130205.jpg?resize=700%2C400&ssl=1 2x"},"classes":[]},{"id":20863,"url":"https:\/\/www.wallendorff.com\/belogue\/2013\/05\/07\/into-the-wide-8\/","url_meta":{"origin":20711,"position":4},"title":"Into the wide #8.","author":"dpc","date":"7 mai 2013","format":false,"excerpt":"Le Trianon, Paris, 16 mars. Il y avait eu un apr\u00e8s, voil\u00e0 un avant. Pris bien apr\u00e8s l'apr\u00e8s. Et de bien moins pr\u00e8s que l'apr\u00e8s, qui l'avait \u00e9t\u00e9 de l'avant. [Mais pas expr\u00e8s.] After All Is Said And DoneJunip","rel":"","context":"Dans &quot;Into the wide&quot;","block_context":{"text":"Into the wide","link":"https:\/\/www.wallendorff.com\/belogue\/category\/into-the-wide\/"},"img":{"alt_text":"","src":"https:\/\/i0.wp.com\/www.wallendorff.com\/belogue\/wp-content\/uploads\/2015\/04\/20130507.jpg?resize=350%2C200&ssl=1","width":350,"height":200,"srcset":"https:\/\/i0.wp.com\/www.wallendorff.com\/belogue\/wp-content\/uploads\/2015\/04\/20130507.jpg?resize=350%2C200&ssl=1 1x, https:\/\/i0.wp.com\/www.wallendorff.com\/belogue\/wp-content\/uploads\/2015\/04\/20130507.jpg?resize=525%2C300&ssl=1 1.5x, https:\/\/i0.wp.com\/www.wallendorff.com\/belogue\/wp-content\/uploads\/2015\/04\/20130507.jpg?resize=700%2C400&ssl=1 2x"},"classes":[]},{"id":21722,"url":"https:\/\/www.wallendorff.com\/belogue\/2013\/10\/04\/dos-aux-morts\/","url_meta":{"origin":20711,"position":5},"title":"Dos aux morts.","author":"dpc","date":"4 octobre 2013","format":false,"excerpt":"Cimeti\u00e8re du P\u00e8re-Lachaise, Paris, 16 ao\u00fbt. Walking LightlyJunip","rel":"","context":"Dans &quot;DPC&quot;","block_context":{"text":"DPC","link":"https:\/\/www.wallendorff.com\/belogue\/category\/dpc\/"},"img":{"alt_text":"","src":"https:\/\/i0.wp.com\/www.wallendorff.com\/belogue\/wp-content\/uploads\/2015\/04\/201310041.jpg?resize=350%2C200&ssl=1","width":350,"height":200},"classes":[]}],"_links":{"self":[{"href":"https:\/\/www.wallendorff.com\/belogue\/wp-json\/wp\/v2\/posts\/20711","targetHints":{"allow":["GET"]}}],"collection":[{"href":"https:\/\/www.wallendorff.com\/belogue\/wp-json\/wp\/v2\/posts"}],"about":[{"href":"https:\/\/www.wallendorff.com\/belogue\/wp-json\/wp\/v2\/types\/post"}],"author":[{"embeddable":true,"href":"https:\/\/www.wallendorff.com\/belogue\/wp-json\/wp\/v2\/users\/1"}],"replies":[{"embeddable":true,"href":"https:\/\/www.wallendorff.com\/belogue\/wp-json\/wp\/v2\/comments?post=20711"}],"version-history":[{"count":3,"href":"https:\/\/www.wallendorff.com\/belogue\/wp-json\/wp\/v2\/posts\/20711\/revisions"}],"predecessor-version":[{"id":22260,"href":"https:\/\/www.wallendorff.com\/belogue\/wp-json\/wp\/v2\/posts\/20711\/revisions\/22260"}],"wp:featuredmedia":[{"embeddable":true,"href":"https:\/\/www.wallendorff.com\/belogue\/wp-json\/wp\/v2\/media\/26547"}],"wp:attachment":[{"href":"https:\/\/www.wallendorff.com\/belogue\/wp-json\/wp\/v2\/media?parent=20711"}],"wp:term":[{"taxonomy":"category","embeddable":true,"href":"https:\/\/www.wallendorff.com\/belogue\/wp-json\/wp\/v2\/categories?post=20711"},{"taxonomy":"post_tag","embeddable":true,"href":"https:\/\/www.wallendorff.com\/belogue\/wp-json\/wp\/v2\/tags?post=20711"}],"curies":[{"name":"wp","href":"https:\/\/api.w.org\/{rel}","templated":true}]}}