{"id":20697,"date":"2013-03-27T12:56:26","date_gmt":"2013-03-27T10:56:26","guid":{"rendered":"http:\/\/www.wallendorff.com\/?p=20697"},"modified":"2018-05-23T08:14:58","modified_gmt":"2018-05-23T06:14:58","slug":"mumford-sons-mystery-jets-le-trianon-paris","status":"publish","type":"post","link":"https:\/\/www.wallendorff.com\/belogue\/2013\/03\/27\/mumford-sons-mystery-jets-le-trianon-paris\/","title":{"rendered":"Mumford &#038; Sons + Mystery Jets @ le Trianon, Paris."},"content":{"rendered":"\n<div id=\"photo\">\n<p><img decoding=\"async\" src=\"https:\/\/www.wallendorff.com\/belogue\/photo\/2013\/03\/20130327.jpg\"><\/p>\n<\/p><\/div>\n<div id=\"setlist\">\n<p><em>Babel<\/em> | <em>Little Lion Man<\/em> | <em>Whispers in the Dark<\/em> | <em>White Blank Page<\/em> | <em>Holland Road<\/em> | <em>Timshel<\/em> (unplugged) | <em>The Cave<\/em> | <em>Lover of the Light<\/em> | <em>Thistle &amp; Weeds<\/em> | <em>Ghosts That We Knew<\/em> | <em>Awake My Soul<\/em> | <em>Roll Away Your Stone<\/em> | <em>Dust Bowl Dance<\/em> || <em>Lovers&rsquo; Eyes<\/em> | <em>I Will Wait<\/em><\/p>\n<\/div>\n<div id=\"bandeson\">\n<p><img decoding=\"async\" src=\"https:\/\/www.wallendorff.com\/belogue\/photo\/pochettes\/m\/mumford&#038;sons-babel.jpg\" align=\"left\" \/><a style=\"font-weight:normal\" id=\"lienmp3\" href=\"http:\/\/www.youtube.com\/watch?v=rGKfrgqWcv0\"><em>I Will Wait<\/em><\/a><br \/><a href=\"http:\/\/www.mumfordandsons.co.uk\">Mumford &amp; Sons<\/a><\/p>\n<\/p><\/div>\n<h1>Mystery Jets<\/h1>\n<div id=\"setlist\">\n<p><em>Someone Purer<\/em> | <em>Sister Everett<\/em> | <em>Saviour (The Hale Bop)<\/em> | <em>Radlands<\/em> | <em>Alice Springs<\/em> | <em>Luminescence<\/em><\/p>\n<\/div>ngg_shortcode_0_placeholder<p>&nbsp;<\/p>\n<h1>Mumford &amp; Sons<\/h1>ngg_shortcode_1_placeholder<p>&nbsp;<\/p>\n","protected":false},"excerpt":{"rendered":"<p>Babel | Little Lion Man | Whispers in the Dark | White Blank Page | Holland Road | Timshel (unplugged) | The Cave | Lover of the Light | Thistle &amp; Weeds | Ghosts That We Knew | Awake My Soul | Roll Away Your Stone | Dust Bowl Dance || Lovers&rsquo; Eyes | I&hellip;<\/p>\n","protected":false},"author":1,"featured_media":26550,"comment_status":"open","ping_status":"open","sticky":false,"template":"","format":"standard","meta":{"_acf_changed":false,"ngg_post_thumbnail":0,"jetpack_post_was_ever_published":false,"_jetpack_newsletter_access":"","_jetpack_dont_email_post_to_subs":false,"_jetpack_newsletter_tier_id":0,"_jetpack_memberships_contains_paywalled_content":false,"_jetpack_memberships_contains_paid_content":false,"footnotes":"","jetpack_publicize_message":"","jetpack_publicize_feature_enabled":true,"jetpack_social_post_already_shared":true,"jetpack_social_options":{"image_generator_settings":{"template":"highway","default_image_id":0,"font":"","enabled":false},"version":2}},"categories":[7],"tags":[10143,7089,11014,1016,2571,196,181,2615,6766,10120,6533,10121,10894,10607,11219,10098],"class_list":["post-20697","post","type-post","status-publish","format-standard","has-post-thumbnail","hentry","category-alive","tag-10143","tag-babel-album","tag-boulevard-de-rochechouart","tag-ef-15-mm-f28-fisheye","tag-ef-16-35-mm-f28l-ii-usm","tag-ef-28-70-mm-f28l-usm","tag-ef-70-200-mm-f28l-usm","tag-eos-5d-mark-ii","tag-eos-5d-mark-iii","tag-france","tag-i-will-wait","tag-ile-de-france","tag-le-trianon","tag-mumford-sons","tag-mystery-jets","tag-paris"],"acf":[],"geo":{"latitude":48.882946,"longitude":2.3429611,"description":"82 Boulevard de Rochechouart, 75018 Paris, France"},"jetpack_publicize_connections":[],"jetpack_featured_media_url":"https:\/\/www.wallendorff.com\/belogue\/wp-content\/uploads\/2015\/04\/20130327.jpg","jetpack_shortlink":"https:\/\/wp.me\/p3b35P-5nP","jetpack_sharing_enabled":true,"jetpack-related-posts":[{"id":127695,"url":"https:\/\/www.wallendorff.com\/belogue\/2024\/04\/14\/suivre-la-fleche-1-3-reference\/","url_meta":{"origin":20697,"position":0},"title":"Suivre la fl\u00e8che [1\/3] : R\u00e9f\u00e9rence.","author":"dpc","date":"14 avril 2024","format":false,"excerpt":"Voil\u00e0 5 ans, la fl\u00e8che s\u2019effondrait, emportant quelques-unes de nos certitudes.Voil\u00e0 5 ans, l\u2019incendie laissait un trou b\u00e9ant \u00e0 la place de l\u2019un des plus anciens, des plus classiques point de r\u00e9f\u00e9rence du paysage parisien.Voil\u00e0 5 ans commen\u00e7ait la lente recouvrance qui devrait se terminer \u00e0 la fin de l'ann\u00e9e\u2026","rel":"","context":"Dans &quot;DPC&quot;","block_context":{"text":"DPC","link":"https:\/\/www.wallendorff.com\/belogue\/category\/dpc\/"},"img":{"alt_text":"","src":"https:\/\/i0.wp.com\/www.wallendorff.com\/belogue\/wp-content\/uploads\/2024\/04\/20240414-01.jpg?resize=350%2C200&ssl=1","width":350,"height":200,"srcset":"https:\/\/i0.wp.com\/www.wallendorff.com\/belogue\/wp-content\/uploads\/2024\/04\/20240414-01.jpg?resize=350%2C200&ssl=1 1x, https:\/\/i0.wp.com\/www.wallendorff.com\/belogue\/wp-content\/uploads\/2024\/04\/20240414-01.jpg?resize=525%2C300&ssl=1 1.5x, https:\/\/i0.wp.com\/www.wallendorff.com\/belogue\/wp-content\/uploads\/2024\/04\/20240414-01.jpg?resize=700%2C400&ssl=1 2x, https:\/\/i0.wp.com\/www.wallendorff.com\/belogue\/wp-content\/uploads\/2024\/04\/20240414-01.jpg?resize=1050%2C600&ssl=1 3x"},"classes":[]},{"id":127632,"url":"https:\/\/www.wallendorff.com\/belogue\/2024\/03\/27\/pixies-lolympia-paris-26-mars-2024\/","url_meta":{"origin":20697,"position":1},"title":"Pixies @ l&rsquo;Olympia, Paris, 26 mars 2024.","author":"dpc","date":"27 mars 2024","format":false,"excerpt":"Pixies @ l\u2019Olympia, Paris, 26\/03\/2024 Pixies @ l\u2019Olympia, Paris, 26\/03\/2024 Pixies @ l\u2019Olympia, Paris, 26\/03\/2024 Pixies @ l\u2019Olympia, Paris, 26\/03\/2024 Pixies @ l\u2019Olympia, Paris, 26\/03\/2024 Pixies @ l\u2019Olympia, Paris, 26\/03\/2024 Pixies @ l\u2019Olympia, Paris, 26\/03\/2024 Pixies @ l\u2019Olympia, Paris, 26\/03\/2024 Pixies @ l\u2019Olympia, Paris, 26\/03\/2024 Pixies @ l\u2019Olympia, Paris, 26\/03\/2024\u2026","rel":"","context":"Dans &quot;Alive&quot;","block_context":{"text":"Alive","link":"https:\/\/www.wallendorff.com\/belogue\/category\/alive\/"},"img":{"alt_text":"","src":"https:\/\/i0.wp.com\/www.wallendorff.com\/belogue\/wp-content\/uploads\/2024\/03\/20240327-22.jpg?resize=350%2C200&ssl=1","width":350,"height":200,"srcset":"https:\/\/i0.wp.com\/www.wallendorff.com\/belogue\/wp-content\/uploads\/2024\/03\/20240327-22.jpg?resize=350%2C200&ssl=1 1x, https:\/\/i0.wp.com\/www.wallendorff.com\/belogue\/wp-content\/uploads\/2024\/03\/20240327-22.jpg?resize=525%2C300&ssl=1 1.5x, https:\/\/i0.wp.com\/www.wallendorff.com\/belogue\/wp-content\/uploads\/2024\/03\/20240327-22.jpg?resize=700%2C400&ssl=1 2x, https:\/\/i0.wp.com\/www.wallendorff.com\/belogue\/wp-content\/uploads\/2024\/03\/20240327-22.jpg?resize=1050%2C600&ssl=1 3x"},"classes":[]},{"id":129644,"url":"https:\/\/www.wallendorff.com\/belogue\/2024\/07\/27\/paleo-festival-2024-nyon-jour-4\/","url_meta":{"origin":20697,"position":2},"title":"Pal\u00e9o Festival 2024, Nyon, jour 4.","author":"dpc","date":"27 juillet 2024","format":false,"excerpt":"","rel":"","context":"Dans &quot;Alive&quot;","block_context":{"text":"Alive","link":"https:\/\/www.wallendorff.com\/belogue\/category\/alive\/"},"img":{"alt_text":"","src":"https:\/\/i0.wp.com\/www.wallendorff.com\/belogue\/wp-content\/uploads\/2024\/07\/20240727-27.jpg?resize=350%2C200&ssl=1","width":350,"height":200,"srcset":"https:\/\/i0.wp.com\/www.wallendorff.com\/belogue\/wp-content\/uploads\/2024\/07\/20240727-27.jpg?resize=350%2C200&ssl=1 1x, https:\/\/i0.wp.com\/www.wallendorff.com\/belogue\/wp-content\/uploads\/2024\/07\/20240727-27.jpg?resize=525%2C300&ssl=1 1.5x, https:\/\/i0.wp.com\/www.wallendorff.com\/belogue\/wp-content\/uploads\/2024\/07\/20240727-27.jpg?resize=700%2C400&ssl=1 2x, https:\/\/i0.wp.com\/www.wallendorff.com\/belogue\/wp-content\/uploads\/2024\/07\/20240727-27.jpg?resize=1050%2C600&ssl=1 3x"},"classes":[]},{"id":129779,"url":"https:\/\/www.wallendorff.com\/belogue\/2024\/07\/30\/paleo-festival-2024-nyon-jour-6\/","url_meta":{"origin":20697,"position":3},"title":"Pal\u00e9o Festival 2024, Nyon, jour 6.","author":"dpc","date":"30 juillet 2024","format":false,"excerpt":"","rel":"","context":"Dans &quot;Alive&quot;","block_context":{"text":"Alive","link":"https:\/\/www.wallendorff.com\/belogue\/category\/alive\/"},"img":{"alt_text":"","src":"https:\/\/i0.wp.com\/www.wallendorff.com\/belogue\/wp-content\/uploads\/2024\/07\/20240729-35.jpg?resize=350%2C200&ssl=1","width":350,"height":200,"srcset":"https:\/\/i0.wp.com\/www.wallendorff.com\/belogue\/wp-content\/uploads\/2024\/07\/20240729-35.jpg?resize=350%2C200&ssl=1 1x, https:\/\/i0.wp.com\/www.wallendorff.com\/belogue\/wp-content\/uploads\/2024\/07\/20240729-35.jpg?resize=525%2C300&ssl=1 1.5x, https:\/\/i0.wp.com\/www.wallendorff.com\/belogue\/wp-content\/uploads\/2024\/07\/20240729-35.jpg?resize=700%2C400&ssl=1 2x, https:\/\/i0.wp.com\/www.wallendorff.com\/belogue\/wp-content\/uploads\/2024\/07\/20240729-35.jpg?resize=1050%2C600&ssl=1 3x"},"classes":[]},{"id":133768,"url":"https:\/\/www.wallendorff.com\/belogue\/2025\/09\/09\/into-the-wide-293-296\/","url_meta":{"origin":20697,"position":4},"title":"Into the wide #293 \u2013 296.","author":"dpc","date":"9 septembre 2025","format":false,"excerpt":"Biblioth\u00e8que de l'Assembl\u00e9e nationale, Paris, 5 mai 2025.","rel":"","context":"Dans &quot;DPC&quot;","block_context":{"text":"DPC","link":"https:\/\/www.wallendorff.com\/belogue\/category\/dpc\/"},"img":{"alt_text":"","src":"https:\/\/i0.wp.com\/www.wallendorff.com\/belogue\/wp-content\/uploads\/2025\/09\/20250909-01.jpg?resize=350%2C200&ssl=1","width":350,"height":200,"srcset":"https:\/\/i0.wp.com\/www.wallendorff.com\/belogue\/wp-content\/uploads\/2025\/09\/20250909-01.jpg?resize=350%2C200&ssl=1 1x, https:\/\/i0.wp.com\/www.wallendorff.com\/belogue\/wp-content\/uploads\/2025\/09\/20250909-01.jpg?resize=525%2C300&ssl=1 1.5x, https:\/\/i0.wp.com\/www.wallendorff.com\/belogue\/wp-content\/uploads\/2025\/09\/20250909-01.jpg?resize=700%2C400&ssl=1 2x, https:\/\/i0.wp.com\/www.wallendorff.com\/belogue\/wp-content\/uploads\/2025\/09\/20250909-01.jpg?resize=1050%2C600&ssl=1 3x"},"classes":[]},{"id":130521,"url":"https:\/\/www.wallendorff.com\/belogue\/2024\/09\/05\/50-ans-du-sa330-puma-base-aerienne-126-solenzara-2-mai-2024\/","url_meta":{"origin":20697,"position":5},"title":"50 ans du SA330 Puma.","author":"dpc","date":"5 septembre 2024","format":false,"excerpt":"Tour Montparnasse, Paris, 18 avril 2024. Ce fut une journ\u00e9e avec de grandes premi\u00e8res et une grande d\u00e9couverte pour moi : Premi\u00e8re photos avec l'arm\u00e9e de l'Air Premi\u00e8re fois que je mets les pieds en Corse. Les vols en Hercule C130, \u00e7a fait mal aux fesses.","rel":"","context":"Dans &quot;DPC&quot;","block_context":{"text":"DPC","link":"https:\/\/www.wallendorff.com\/belogue\/category\/dpc\/"},"img":{"alt_text":"","src":"https:\/\/i0.wp.com\/www.wallendorff.com\/belogue\/wp-content\/uploads\/2024\/09\/20240905-10.jpg?resize=350%2C200&ssl=1","width":350,"height":200,"srcset":"https:\/\/i0.wp.com\/www.wallendorff.com\/belogue\/wp-content\/uploads\/2024\/09\/20240905-10.jpg?resize=350%2C200&ssl=1 1x, https:\/\/i0.wp.com\/www.wallendorff.com\/belogue\/wp-content\/uploads\/2024\/09\/20240905-10.jpg?resize=525%2C300&ssl=1 1.5x, https:\/\/i0.wp.com\/www.wallendorff.com\/belogue\/wp-content\/uploads\/2024\/09\/20240905-10.jpg?resize=700%2C400&ssl=1 2x, https:\/\/i0.wp.com\/www.wallendorff.com\/belogue\/wp-content\/uploads\/2024\/09\/20240905-10.jpg?resize=1050%2C600&ssl=1 3x"},"classes":[]}],"_links":{"self":[{"href":"https:\/\/www.wallendorff.com\/belogue\/wp-json\/wp\/v2\/posts\/20697","targetHints":{"allow":["GET"]}}],"collection":[{"href":"https:\/\/www.wallendorff.com\/belogue\/wp-json\/wp\/v2\/posts"}],"about":[{"href":"https:\/\/www.wallendorff.com\/belogue\/wp-json\/wp\/v2\/types\/post"}],"author":[{"embeddable":true,"href":"https:\/\/www.wallendorff.com\/belogue\/wp-json\/wp\/v2\/users\/1"}],"replies":[{"embeddable":true,"href":"https:\/\/www.wallendorff.com\/belogue\/wp-json\/wp\/v2\/comments?post=20697"}],"version-history":[{"count":5,"href":"https:\/\/www.wallendorff.com\/belogue\/wp-json\/wp\/v2\/posts\/20697\/revisions"}],"predecessor-version":[{"id":20916,"href":"https:\/\/www.wallendorff.com\/belogue\/wp-json\/wp\/v2\/posts\/20697\/revisions\/20916"}],"wp:featuredmedia":[{"embeddable":true,"href":"https:\/\/www.wallendorff.com\/belogue\/wp-json\/wp\/v2\/media\/26550"}],"wp:attachment":[{"href":"https:\/\/www.wallendorff.com\/belogue\/wp-json\/wp\/v2\/media?parent=20697"}],"wp:term":[{"taxonomy":"category","embeddable":true,"href":"https:\/\/www.wallendorff.com\/belogue\/wp-json\/wp\/v2\/categories?post=20697"},{"taxonomy":"post_tag","embeddable":true,"href":"https:\/\/www.wallendorff.com\/belogue\/wp-json\/wp\/v2\/tags?post=20697"}],"curies":[{"name":"wp","href":"https:\/\/api.w.org\/{rel}","templated":true}]}}