{"id":20693,"date":"2013-03-26T11:24:21","date_gmt":"2013-03-26T09:24:21","guid":{"rendered":"http:\/\/www.wallendorff.com\/?p=20693"},"modified":"2013-12-27T16:13:37","modified_gmt":"2013-12-27T14:13:37","slug":"navion-ii","status":"publish","type":"post","link":"https:\/\/www.wallendorff.com\/belogue\/2013\/03\/26\/navion-ii\/","title":{"rendered":"Navion [II]."},"content":{"rendered":"\n<div id=\"photo\">\n<p><img decoding=\"async\" src=\"https:\/\/www.wallendorff.com\/belogue\/photo\/2013\/03\/20130326.jpg\"><br \/>\nA&eacute;roport Paris-Charles-de-Gaulle, 8 f&eacute;vrier.<\/p>\n<\/p><\/div>\n<p style=\"text-align:right\">[<a href=\"http:\/\/sweetsweetjane.free.fr\/\">Joyeux anniversaire<\/a>.]<\/p>\n<div id=\"bandeson\">\n<p><img decoding=\"async\" src=\"https:\/\/www.wallendorff.com\/belogue\/photo\/pochettes\/v\/veils_the-time_stays_we_go.jpg\" align=\"left\" \/><a style=\"font-weight:normal\" id=\"lienmp3\" href=\"http:\/\/www.youtube.com\/watch?v=KRDU69hPpEU\"><em>Through the Deep, Dark Woods<\/em><\/a><br \/><a href=\"http:\/\/www.theveils.com\">The Veils<\/a><\/p>\n<\/p><\/div>\n","protected":false},"excerpt":{"rendered":"<p>A&eacute;roport Paris-Charles-de-Gaulle, 8 f&eacute;vrier. [Joyeux anniversaire.] Through the Deep, Dark WoodsThe Veils<\/p>\n","protected":false},"author":1,"featured_media":26549,"comment_status":"open","ping_status":"open","sticky":false,"template":"","format":"standard","meta":{"_acf_changed":false,"ngg_post_thumbnail":0,"jetpack_post_was_ever_published":false,"_jetpack_newsletter_access":"","_jetpack_dont_email_post_to_subs":false,"_jetpack_newsletter_tier_id":0,"_jetpack_memberships_contains_paywalled_content":false,"_jetpack_memberships_contains_paid_content":false,"footnotes":"","jetpack_publicize_message":"","jetpack_publicize_feature_enabled":true,"jetpack_social_post_already_shared":true,"jetpack_social_options":{"image_generator_settings":{"template":"highway","default_image_id":0,"font":"","enabled":false},"version":2}},"categories":[3],"tags":[10177,10259,10176,737,7471,1438,6766,7472,10120,10121,10260,10528,811,7473,8270,948],"class_list":["post-20693","post","type-post","status-publish","format-standard","has-post-thumbnail","hentry","category-dpc","tag-aeroport","tag-aeroport-paris-charles-de-gaulle","tag-avion","tag-bleu","tag-boeing-777","tag-ef-50-mm-f14-usm","tag-eos-5d-mark-iii","tag-f-gspc","tag-france","tag-ile-de-france","tag-roissy-en-france","tag-terminal-2f","tag-the-veils","tag-through-the-deep-dark-woods","tag-time-stays-we-go","tag-val-doise"],"acf":[],"geo":{"latitude":49.0053482,"longitude":2.5768518,"description":"A\u00e9roport Charles de Gaulle T2F, A\u00e9roport Charles-de-Gaulle (CDG), 77990 Le Mesnil-Amelot, France"},"jetpack_publicize_connections":[],"jetpack_featured_media_url":"https:\/\/www.wallendorff.com\/belogue\/wp-content\/uploads\/2015\/04\/20130326.jpg","jetpack_shortlink":"https:\/\/wp.me\/p3b35P-5nL","jetpack_sharing_enabled":true,"jetpack-related-posts":[{"id":129376,"url":"https:\/\/www.wallendorff.com\/belogue\/2024\/07\/22\/terminal-1-aeroport-de-paris-charles-de-gaulle-roissy-en-france-17-juillet-2024\/","url_meta":{"origin":20693,"position":0},"title":"Terminal 1 @ a\u00e9roport de Paris-Charles-de-Gaulle, Roissy-en-France, 17 juillet 2024.","author":"dpc","date":"22 juillet 2024","format":false,"excerpt":"","rel":"","context":"Dans &quot;Alive&quot;","block_context":{"text":"Alive","link":"https:\/\/www.wallendorff.com\/belogue\/category\/alive\/"},"img":{"alt_text":"","src":"https:\/\/i0.wp.com\/www.wallendorff.com\/belogue\/wp-content\/uploads\/2024\/07\/20240722-42.jpg?resize=350%2C200&ssl=1","width":350,"height":200,"srcset":"https:\/\/i0.wp.com\/www.wallendorff.com\/belogue\/wp-content\/uploads\/2024\/07\/20240722-42.jpg?resize=350%2C200&ssl=1 1x, https:\/\/i0.wp.com\/www.wallendorff.com\/belogue\/wp-content\/uploads\/2024\/07\/20240722-42.jpg?resize=525%2C300&ssl=1 1.5x, https:\/\/i0.wp.com\/www.wallendorff.com\/belogue\/wp-content\/uploads\/2024\/07\/20240722-42.jpg?resize=700%2C400&ssl=1 2x, https:\/\/i0.wp.com\/www.wallendorff.com\/belogue\/wp-content\/uploads\/2024\/07\/20240722-42.jpg?resize=1050%2C600&ssl=1 3x"},"classes":[]},{"id":23342,"url":"https:\/\/www.wallendorff.com\/belogue\/2014\/09\/02\/ponant-ponant\/","url_meta":{"origin":20693,"position":1},"title":"Ponant ponant.","author":"dpc","date":"2 septembre 2014","format":false,"excerpt":"A\u00e9roport Paris-Charles-de-Gaulle, 20 juin. Orange Crush (R.E.M. cover) Editors","rel":"","context":"Dans &quot;DPC&quot;","block_context":{"text":"DPC","link":"https:\/\/www.wallendorff.com\/belogue\/category\/dpc\/"},"img":{"alt_text":"","src":"https:\/\/i0.wp.com\/www.wallendorff.com\/belogue\/wp-content\/uploads\/2015\/04\/201409021.jpg?resize=350%2C200&ssl=1","width":350,"height":200,"srcset":"https:\/\/i0.wp.com\/www.wallendorff.com\/belogue\/wp-content\/uploads\/2015\/04\/201409021.jpg?resize=350%2C200&ssl=1 1x, https:\/\/i0.wp.com\/www.wallendorff.com\/belogue\/wp-content\/uploads\/2015\/04\/201409021.jpg?resize=525%2C300&ssl=1 1.5x, https:\/\/i0.wp.com\/www.wallendorff.com\/belogue\/wp-content\/uploads\/2015\/04\/201409021.jpg?resize=700%2C400&ssl=1 2x"},"classes":[]},{"id":21215,"url":"https:\/\/www.wallendorff.com\/belogue\/2013\/06\/25\/downstairs\/","url_meta":{"origin":20693,"position":2},"title":"Downstairs.","author":"dpc","date":"25 juin 2013","format":false,"excerpt":"Terminal 2F, a\u00e9roport de Paris-Charles-de-Gaulle, 20 mai. Faith in LoveCSS","rel":"","context":"Dans &quot;DPC&quot;","block_context":{"text":"DPC","link":"https:\/\/www.wallendorff.com\/belogue\/category\/dpc\/"},"img":{"alt_text":"","src":"https:\/\/i0.wp.com\/www.wallendorff.com\/belogue\/wp-content\/uploads\/2015\/04\/20130625.jpg?resize=350%2C200&ssl=1","width":350,"height":200,"srcset":"https:\/\/i0.wp.com\/www.wallendorff.com\/belogue\/wp-content\/uploads\/2015\/04\/20130625.jpg?resize=350%2C200&ssl=1 1x, https:\/\/i0.wp.com\/www.wallendorff.com\/belogue\/wp-content\/uploads\/2015\/04\/20130625.jpg?resize=525%2C300&ssl=1 1.5x, https:\/\/i0.wp.com\/www.wallendorff.com\/belogue\/wp-content\/uploads\/2015\/04\/20130625.jpg?resize=700%2C400&ssl=1 2x"},"classes":[]},{"id":135080,"url":"https:\/\/www.wallendorff.com\/belogue\/2026\/01\/19\/piste-1\/","url_meta":{"origin":20693,"position":3},"title":"Piste 1.","author":"dpc","date":"19 janvier 2026","format":false,"excerpt":"Chantier de r\u00e9fection de la piste 1 de l'a\u00e9roport de Paris-Charles-de-Gaulle.\u00a0Merci aux \u00e9quipes ADP et Colas pour leur accueil.","rel":"","context":"Dans &quot;DPC&quot;","block_context":{"text":"DPC","link":"https:\/\/www.wallendorff.com\/belogue\/category\/dpc\/"},"img":{"alt_text":"","src":"https:\/\/i0.wp.com\/www.wallendorff.com\/belogue\/wp-content\/uploads\/2026\/01\/20260119-15.jpg?resize=350%2C200&ssl=1","width":350,"height":200,"srcset":"https:\/\/i0.wp.com\/www.wallendorff.com\/belogue\/wp-content\/uploads\/2026\/01\/20260119-15.jpg?resize=350%2C200&ssl=1 1x, https:\/\/i0.wp.com\/www.wallendorff.com\/belogue\/wp-content\/uploads\/2026\/01\/20260119-15.jpg?resize=525%2C300&ssl=1 1.5x, https:\/\/i0.wp.com\/www.wallendorff.com\/belogue\/wp-content\/uploads\/2026\/01\/20260119-15.jpg?resize=700%2C400&ssl=1 2x, https:\/\/i0.wp.com\/www.wallendorff.com\/belogue\/wp-content\/uploads\/2026\/01\/20260119-15.jpg?resize=1050%2C600&ssl=1 3x"},"classes":[]},{"id":20688,"url":"https:\/\/www.wallendorff.com\/belogue\/2013\/03\/25\/ame-sans-soeur\/","url_meta":{"origin":20693,"position":4},"title":"\u00c2me sans s\u0153ur.","author":"dpc","date":"25 mars 2013","format":false,"excerpt":"A\u00e9roport Paris-Charles-de-Gaulle, 8 f\u00e9vrier. All in WhiteThe Vaccines","rel":"","context":"Dans &quot;DPC&quot;","block_context":{"text":"DPC","link":"https:\/\/www.wallendorff.com\/belogue\/category\/dpc\/"},"img":{"alt_text":"","src":"https:\/\/i0.wp.com\/www.wallendorff.com\/belogue\/wp-content\/uploads\/2015\/04\/20130325.jpg?resize=350%2C200&ssl=1","width":350,"height":200,"srcset":"https:\/\/i0.wp.com\/www.wallendorff.com\/belogue\/wp-content\/uploads\/2015\/04\/20130325.jpg?resize=350%2C200&ssl=1 1x, https:\/\/i0.wp.com\/www.wallendorff.com\/belogue\/wp-content\/uploads\/2015\/04\/20130325.jpg?resize=525%2C300&ssl=1 1.5x"},"classes":[]},{"id":3429,"url":"https:\/\/www.wallendorff.com\/belogue\/2008\/09\/15\/here-we-are-back-again\/","url_meta":{"origin":20693,"position":5},"title":"Here we are, back again.","author":"dpc","date":"15 septembre 2008","format":false,"excerpt":"A\u00e9roport Charles de Gaulle, 14 septembre. Nada Surf \u2013 Weightless","rel":"","context":"Dans &quot;DPC&quot;","block_context":{"text":"DPC","link":"https:\/\/www.wallendorff.com\/belogue\/category\/dpc\/"},"img":{"alt_text":"","src":"https:\/\/i0.wp.com\/www.wallendorff.com\/belogue\/wp-content\/uploads\/2015\/04\/200809151.jpg?resize=350%2C200&ssl=1","width":350,"height":200,"srcset":"https:\/\/i0.wp.com\/www.wallendorff.com\/belogue\/wp-content\/uploads\/2015\/04\/200809151.jpg?resize=350%2C200&ssl=1 1x, https:\/\/i0.wp.com\/www.wallendorff.com\/belogue\/wp-content\/uploads\/2015\/04\/200809151.jpg?resize=525%2C300&ssl=1 1.5x, https:\/\/i0.wp.com\/www.wallendorff.com\/belogue\/wp-content\/uploads\/2015\/04\/200809151.jpg?resize=700%2C400&ssl=1 2x"},"classes":[]}],"_links":{"self":[{"href":"https:\/\/www.wallendorff.com\/belogue\/wp-json\/wp\/v2\/posts\/20693","targetHints":{"allow":["GET"]}}],"collection":[{"href":"https:\/\/www.wallendorff.com\/belogue\/wp-json\/wp\/v2\/posts"}],"about":[{"href":"https:\/\/www.wallendorff.com\/belogue\/wp-json\/wp\/v2\/types\/post"}],"author":[{"embeddable":true,"href":"https:\/\/www.wallendorff.com\/belogue\/wp-json\/wp\/v2\/users\/1"}],"replies":[{"embeddable":true,"href":"https:\/\/www.wallendorff.com\/belogue\/wp-json\/wp\/v2\/comments?post=20693"}],"version-history":[{"count":6,"href":"https:\/\/www.wallendorff.com\/belogue\/wp-json\/wp\/v2\/posts\/20693\/revisions"}],"predecessor-version":[{"id":22290,"href":"https:\/\/www.wallendorff.com\/belogue\/wp-json\/wp\/v2\/posts\/20693\/revisions\/22290"}],"wp:featuredmedia":[{"embeddable":true,"href":"https:\/\/www.wallendorff.com\/belogue\/wp-json\/wp\/v2\/media\/26549"}],"wp:attachment":[{"href":"https:\/\/www.wallendorff.com\/belogue\/wp-json\/wp\/v2\/media?parent=20693"}],"wp:term":[{"taxonomy":"category","embeddable":true,"href":"https:\/\/www.wallendorff.com\/belogue\/wp-json\/wp\/v2\/categories?post=20693"},{"taxonomy":"post_tag","embeddable":true,"href":"https:\/\/www.wallendorff.com\/belogue\/wp-json\/wp\/v2\/tags?post=20693"}],"curies":[{"name":"wp","href":"https:\/\/api.w.org\/{rel}","templated":true}]}}