{"id":20673,"date":"2013-03-21T13:43:26","date_gmt":"2013-03-21T11:43:26","guid":{"rendered":"http:\/\/www.wallendorff.com\/?p=20673"},"modified":"2013-06-21T18:40:17","modified_gmt":"2013-06-21T16:40:17","slug":"photo-de-nues","status":"publish","type":"post","link":"https:\/\/www.wallendorff.com\/belogue\/2013\/03\/21\/photo-de-nues\/","title":{"rendered":"Photo de nues."},"content":{"rendered":"\n<div id=\"photo\">\n<p><img decoding=\"async\" src=\"https:\/\/www.wallendorff.com\/belogue\/photo\/2013\/03\/20130321.jpg\"><br \/>\nA&eacute;roport Paris-Charles-de-Gaulle, 8 f&eacute;vrier.<\/p>\n<\/p><\/div>\n<div id=\"bandeson\">\n<p><img decoding=\"async\" src=\"https:\/\/www.wallendorff.com\/belogue\/photo\/pochettes\/s\/shout_out_louds-optica.jpg\" align=\"left\" \/><a style=\"font-weight:normal\" id=\"lienmp3\" href=\"http:\/\/www.youtube.com\/watch?v=alDz_NCha34\"><em>14<sup>th<\/sup> of July<\/em><\/a><br \/><a href=\"http:\/\/www.shoutoutlouds.com\/\">Shout Out Louds<\/a><\/p>\n<\/p><\/div>\n","protected":false},"excerpt":{"rendered":"<p>A&eacute;roport Paris-Charles-de-Gaulle, 8 f&eacute;vrier. 14th of JulyShout Out Louds<\/p>\n","protected":false},"author":1,"featured_media":26545,"comment_status":"open","ping_status":"open","sticky":false,"template":"","format":"standard","meta":{"_acf_changed":false,"ngg_post_thumbnail":0,"jetpack_post_was_ever_published":false,"_jetpack_newsletter_access":"","_jetpack_dont_email_post_to_subs":false,"_jetpack_newsletter_tier_id":0,"_jetpack_memberships_contains_paywalled_content":false,"_jetpack_memberships_contains_paid_content":false,"footnotes":"","jetpack_publicize_message":"","jetpack_publicize_feature_enabled":true,"jetpack_social_post_already_shared":true,"jetpack_social_options":{"image_generator_settings":{"template":"highway","default_image_id":0,"font":"","enabled":false},"version":2}},"categories":[3],"tags":[7466,10177,10259,6766,10144,10326,10120,10121,10599,793,10260,10350,170,10528,10851,4050,948],"class_list":["post-20673","post","type-post","status-publish","format-standard","has-post-thumbnail","hentry","category-dpc","tag-14th-of-july","tag-aeroport","tag-aeroport-paris-charles-de-gaulle","tag-eos-5d-mark-iii","tag-ciel","tag-crepuscule","tag-france","tag-ile-de-france","tag-nuage","tag-orange","tag-roissy-en-france","tag-shout-out-louds","tag-sigma-70-300-mm-f4-56-dg-apo-macro","tag-terminal-2f","tag-tour","tag-tour-de-controle","tag-val-doise"],"acf":[],"geo":{"latitude":49.0053482,"longitude":2.5768518,"description":"A\u00e9roport Charles de Gaulle T2F, A\u00e9roport Charles-de-Gaulle (CDG), 77990 Le Mesnil-Amelot, France"},"jetpack_publicize_connections":[],"jetpack_featured_media_url":"https:\/\/www.wallendorff.com\/belogue\/wp-content\/uploads\/2015\/04\/20130321.jpg","jetpack_shortlink":"https:\/\/wp.me\/p3b35P-5nr","jetpack_sharing_enabled":true,"jetpack-related-posts":[{"id":129376,"url":"https:\/\/www.wallendorff.com\/belogue\/2024\/07\/22\/terminal-1-aeroport-de-paris-charles-de-gaulle-roissy-en-france-17-juillet-2024\/","url_meta":{"origin":20673,"position":0},"title":"Terminal 1 @ a\u00e9roport de Paris-Charles-de-Gaulle, Roissy-en-France, 17 juillet 2024.","author":"dpc","date":"22 juillet 2024","format":false,"excerpt":"","rel":"","context":"Dans &quot;Alive&quot;","block_context":{"text":"Alive","link":"https:\/\/www.wallendorff.com\/belogue\/category\/alive\/"},"img":{"alt_text":"","src":"https:\/\/i0.wp.com\/www.wallendorff.com\/belogue\/wp-content\/uploads\/2024\/07\/20240722-42.jpg?resize=350%2C200&ssl=1","width":350,"height":200,"srcset":"https:\/\/i0.wp.com\/www.wallendorff.com\/belogue\/wp-content\/uploads\/2024\/07\/20240722-42.jpg?resize=350%2C200&ssl=1 1x, https:\/\/i0.wp.com\/www.wallendorff.com\/belogue\/wp-content\/uploads\/2024\/07\/20240722-42.jpg?resize=525%2C300&ssl=1 1.5x, https:\/\/i0.wp.com\/www.wallendorff.com\/belogue\/wp-content\/uploads\/2024\/07\/20240722-42.jpg?resize=700%2C400&ssl=1 2x, https:\/\/i0.wp.com\/www.wallendorff.com\/belogue\/wp-content\/uploads\/2024\/07\/20240722-42.jpg?resize=1050%2C600&ssl=1 3x"},"classes":[]},{"id":23342,"url":"https:\/\/www.wallendorff.com\/belogue\/2014\/09\/02\/ponant-ponant\/","url_meta":{"origin":20673,"position":1},"title":"Ponant ponant.","author":"dpc","date":"2 septembre 2014","format":false,"excerpt":"A\u00e9roport Paris-Charles-de-Gaulle, 20 juin. Orange Crush (R.E.M. cover) Editors","rel":"","context":"Dans &quot;DPC&quot;","block_context":{"text":"DPC","link":"https:\/\/www.wallendorff.com\/belogue\/category\/dpc\/"},"img":{"alt_text":"","src":"https:\/\/i0.wp.com\/www.wallendorff.com\/belogue\/wp-content\/uploads\/2015\/04\/201409021.jpg?resize=350%2C200&ssl=1","width":350,"height":200,"srcset":"https:\/\/i0.wp.com\/www.wallendorff.com\/belogue\/wp-content\/uploads\/2015\/04\/201409021.jpg?resize=350%2C200&ssl=1 1x, https:\/\/i0.wp.com\/www.wallendorff.com\/belogue\/wp-content\/uploads\/2015\/04\/201409021.jpg?resize=525%2C300&ssl=1 1.5x, https:\/\/i0.wp.com\/www.wallendorff.com\/belogue\/wp-content\/uploads\/2015\/04\/201409021.jpg?resize=700%2C400&ssl=1 2x"},"classes":[]},{"id":21215,"url":"https:\/\/www.wallendorff.com\/belogue\/2013\/06\/25\/downstairs\/","url_meta":{"origin":20673,"position":2},"title":"Downstairs.","author":"dpc","date":"25 juin 2013","format":false,"excerpt":"Terminal 2F, a\u00e9roport de Paris-Charles-de-Gaulle, 20 mai. Faith in LoveCSS","rel":"","context":"Dans &quot;DPC&quot;","block_context":{"text":"DPC","link":"https:\/\/www.wallendorff.com\/belogue\/category\/dpc\/"},"img":{"alt_text":"","src":"https:\/\/i0.wp.com\/www.wallendorff.com\/belogue\/wp-content\/uploads\/2015\/04\/20130625.jpg?resize=350%2C200&ssl=1","width":350,"height":200,"srcset":"https:\/\/i0.wp.com\/www.wallendorff.com\/belogue\/wp-content\/uploads\/2015\/04\/20130625.jpg?resize=350%2C200&ssl=1 1x, https:\/\/i0.wp.com\/www.wallendorff.com\/belogue\/wp-content\/uploads\/2015\/04\/20130625.jpg?resize=525%2C300&ssl=1 1.5x, https:\/\/i0.wp.com\/www.wallendorff.com\/belogue\/wp-content\/uploads\/2015\/04\/20130625.jpg?resize=700%2C400&ssl=1 2x"},"classes":[]},{"id":44465,"url":"https:\/\/www.wallendorff.com\/belogue\/2019\/12\/18\/aller-retour\/","url_meta":{"origin":20673,"position":3},"title":"Aller-retour.","author":"dpc","date":"18 d\u00e9cembre 2019","format":false,"excerpt":"A\u00e9roport Paris-Charles de Gaulle, 8 septembre 2019. Heavenly Cigarettes After Sex","rel":"","context":"Dans &quot;DPC&quot;","block_context":{"text":"DPC","link":"https:\/\/www.wallendorff.com\/belogue\/category\/dpc\/"},"img":{"alt_text":"","src":"https:\/\/i0.wp.com\/www.wallendorff.com\/belogue\/wp-content\/uploads\/2019\/12\/20191218.jpg?resize=350%2C200&ssl=1","width":350,"height":200,"srcset":"https:\/\/i0.wp.com\/www.wallendorff.com\/belogue\/wp-content\/uploads\/2019\/12\/20191218.jpg?resize=350%2C200&ssl=1 1x, https:\/\/i0.wp.com\/www.wallendorff.com\/belogue\/wp-content\/uploads\/2019\/12\/20191218.jpg?resize=525%2C300&ssl=1 1.5x, https:\/\/i0.wp.com\/www.wallendorff.com\/belogue\/wp-content\/uploads\/2019\/12\/20191218.jpg?resize=700%2C400&ssl=1 2x, https:\/\/i0.wp.com\/www.wallendorff.com\/belogue\/wp-content\/uploads\/2019\/12\/20191218.jpg?resize=1050%2C600&ssl=1 3x"},"classes":[]},{"id":20680,"url":"https:\/\/www.wallendorff.com\/belogue\/2013\/03\/22\/navion\/","url_meta":{"origin":20673,"position":4},"title":"Navion.","author":"dpc","date":"22 mars 2013","format":false,"excerpt":"A\u00e9roport Paris-Charles-de-Gaulle, 8 f\u00e9vrier. Freedom Hangs Like HeavenIron & Wine","rel":"","context":"Dans &quot;DPC&quot;","block_context":{"text":"DPC","link":"https:\/\/www.wallendorff.com\/belogue\/category\/dpc\/"},"img":{"alt_text":"","src":"https:\/\/i0.wp.com\/www.wallendorff.com\/belogue\/wp-content\/uploads\/2015\/04\/20130322.jpg?resize=350%2C200&ssl=1","width":350,"height":200,"srcset":"https:\/\/i0.wp.com\/www.wallendorff.com\/belogue\/wp-content\/uploads\/2015\/04\/20130322.jpg?resize=350%2C200&ssl=1 1x, https:\/\/i0.wp.com\/www.wallendorff.com\/belogue\/wp-content\/uploads\/2015\/04\/20130322.jpg?resize=525%2C300&ssl=1 1.5x, https:\/\/i0.wp.com\/www.wallendorff.com\/belogue\/wp-content\/uploads\/2015\/04\/20130322.jpg?resize=700%2C400&ssl=1 2x"},"classes":[]},{"id":20688,"url":"https:\/\/www.wallendorff.com\/belogue\/2013\/03\/25\/ame-sans-soeur\/","url_meta":{"origin":20673,"position":5},"title":"\u00c2me sans s\u0153ur.","author":"dpc","date":"25 mars 2013","format":false,"excerpt":"A\u00e9roport Paris-Charles-de-Gaulle, 8 f\u00e9vrier. All in WhiteThe Vaccines","rel":"","context":"Dans &quot;DPC&quot;","block_context":{"text":"DPC","link":"https:\/\/www.wallendorff.com\/belogue\/category\/dpc\/"},"img":{"alt_text":"","src":"https:\/\/i0.wp.com\/www.wallendorff.com\/belogue\/wp-content\/uploads\/2015\/04\/20130325.jpg?resize=350%2C200&ssl=1","width":350,"height":200,"srcset":"https:\/\/i0.wp.com\/www.wallendorff.com\/belogue\/wp-content\/uploads\/2015\/04\/20130325.jpg?resize=350%2C200&ssl=1 1x, https:\/\/i0.wp.com\/www.wallendorff.com\/belogue\/wp-content\/uploads\/2015\/04\/20130325.jpg?resize=525%2C300&ssl=1 1.5x"},"classes":[]}],"_links":{"self":[{"href":"https:\/\/www.wallendorff.com\/belogue\/wp-json\/wp\/v2\/posts\/20673","targetHints":{"allow":["GET"]}}],"collection":[{"href":"https:\/\/www.wallendorff.com\/belogue\/wp-json\/wp\/v2\/posts"}],"about":[{"href":"https:\/\/www.wallendorff.com\/belogue\/wp-json\/wp\/v2\/types\/post"}],"author":[{"embeddable":true,"href":"https:\/\/www.wallendorff.com\/belogue\/wp-json\/wp\/v2\/users\/1"}],"replies":[{"embeddable":true,"href":"https:\/\/www.wallendorff.com\/belogue\/wp-json\/wp\/v2\/comments?post=20673"}],"version-history":[{"count":7,"href":"https:\/\/www.wallendorff.com\/belogue\/wp-json\/wp\/v2\/posts\/20673\/revisions"}],"predecessor-version":[{"id":21203,"href":"https:\/\/www.wallendorff.com\/belogue\/wp-json\/wp\/v2\/posts\/20673\/revisions\/21203"}],"wp:featuredmedia":[{"embeddable":true,"href":"https:\/\/www.wallendorff.com\/belogue\/wp-json\/wp\/v2\/media\/26545"}],"wp:attachment":[{"href":"https:\/\/www.wallendorff.com\/belogue\/wp-json\/wp\/v2\/media?parent=20673"}],"wp:term":[{"taxonomy":"category","embeddable":true,"href":"https:\/\/www.wallendorff.com\/belogue\/wp-json\/wp\/v2\/categories?post=20673"},{"taxonomy":"post_tag","embeddable":true,"href":"https:\/\/www.wallendorff.com\/belogue\/wp-json\/wp\/v2\/tags?post=20673"}],"curies":[{"name":"wp","href":"https:\/\/api.w.org\/{rel}","templated":true}]}}