{"id":20603,"date":"2013-03-14T13:07:54","date_gmt":"2013-03-14T11:07:54","guid":{"rendered":"http:\/\/www.wallendorff.com\/?p=20603"},"modified":"2013-03-14T13:17:52","modified_gmt":"2013-03-14T11:17:52","slug":"noir-du-gore","status":"publish","type":"post","link":"https:\/\/www.wallendorff.com\/belogue\/2013\/03\/14\/noir-du-gore\/","title":{"rendered":"Noir du gore."},"content":{"rendered":"\n<div id=\"photo\">\n<p><img decoding=\"async\" src=\"https:\/\/www.wallendorff.com\/belogue\/photo\/2013\/03\/20130314.jpg\"><br \/>\nGare du Nord, Paris, 20 janvier.<\/p>\n<\/p><\/div>\n<div id=\"bandeson\">\n<p><img decoding=\"async\" src=\"https:\/\/www.wallendorff.com\/belogue\/photo\/pochettes\/f\/foals-holy_fire.jpg\" align=\"left\" \/><a style=\"font-weight:normal\" id=\"lienmp3\" href=\"http:\/\/www.youtube.com\/watch?v=ZmkUopOQhKM\"><em>Stepson<\/em><\/a><br \/><a href=\"http:\/\/www.foals.co.uk\">Foals<\/a><\/p>\n<\/p><\/div>\n","protected":false},"excerpt":{"rendered":"<p>Gare du Nord, Paris, 20 janvier. StepsonFoals<\/p>\n","protected":false},"author":1,"featured_media":26538,"comment_status":"open","ping_status":"open","sticky":false,"template":"","format":"standard","meta":{"_acf_changed":false,"ngg_post_thumbnail":0,"jetpack_post_was_ever_published":false,"_jetpack_newsletter_access":"","_jetpack_dont_email_post_to_subs":false,"_jetpack_newsletter_tier_id":0,"_jetpack_memberships_contains_paywalled_content":false,"_jetpack_memberships_contains_paid_content":false,"footnotes":"","jetpack_publicize_message":"","jetpack_publicize_feature_enabled":true,"jetpack_social_post_already_shared":true,"jetpack_social_options":{"image_generator_settings":{"template":"highway","default_image_id":0,"font":"","enabled":false},"version":2}},"categories":[3],"tags":[10267,2571,6766,11304,10222,10120,10247,1519,10121,10211,143,10147,10098,10287,7460,10150],"class_list":["post-20603","post","type-post","status-publish","format-standard","has-post-thumbnail","hentry","category-dpc","tag-10267","tag-ef-16-35-mm-f28l-ii-usm","tag-eos-5d-mark-iii","tag-eurostar","tag-foals","tag-france","tag-gare","tag-gare-du-nord","tag-ile-de-france","tag-neige","tag-noir-et-blanc","tag-nuit","tag-paris","tag-quai","tag-stepson","tag-train"],"acf":[],"geo":{"latitude":48.8832207,"longitude":2.3563099,"description":"Paris 18, \u00cele-de-France, 75864 CEDEX 18, FR"},"jetpack_publicize_connections":[],"jetpack_featured_media_url":"https:\/\/www.wallendorff.com\/belogue\/wp-content\/uploads\/2015\/04\/20130314.jpg","jetpack_shortlink":"https:\/\/wp.me\/p3b35P-5mj","jetpack_sharing_enabled":true,"jetpack-related-posts":[{"id":21218,"url":"https:\/\/www.wallendorff.com\/belogue\/2013\/06\/26\/noir-du-gore-ii\/","url_meta":{"origin":20603,"position":0},"title":"Noir du gore [II].","author":"dpc","date":"26 juin 2013","format":false,"excerpt":"Gare du Nord, Paris, 25 mai. Worm Tamer (Grinderman cover)Primal Scream","rel":"","context":"Dans &quot;DPC&quot;","block_context":{"text":"DPC","link":"https:\/\/www.wallendorff.com\/belogue\/category\/dpc\/"},"img":{"alt_text":"","src":"https:\/\/i0.wp.com\/www.wallendorff.com\/belogue\/wp-content\/uploads\/2015\/04\/20130626.jpg?resize=350%2C200&ssl=1","width":350,"height":200,"srcset":"https:\/\/i0.wp.com\/www.wallendorff.com\/belogue\/wp-content\/uploads\/2015\/04\/20130626.jpg?resize=350%2C200&ssl=1 1x, https:\/\/i0.wp.com\/www.wallendorff.com\/belogue\/wp-content\/uploads\/2015\/04\/20130626.jpg?resize=525%2C300&ssl=1 1.5x"},"classes":[]},{"id":106,"url":"https:\/\/www.wallendorff.com\/belogue\/2006\/03\/20\/ne-passe-enfer\/","url_meta":{"origin":20603,"position":1},"title":"Ne passe enfer.","author":"dpc","date":"20 mars 2006","format":false,"excerpt":"Gare du Nord, Paris, 14 mars, 22h05. \u00catre rock en 2006, c'est d\u00e9tourer des poubelles et des rugbymen et finir au pieu avec les Stereophonics, des amis sur qui on peut Comt\u00e9. \u00a0Zita Swoon \u2013 Moving Through Life as Prey (live)","rel":"","context":"Dans &quot;DPC&quot;","block_context":{"text":"DPC","link":"https:\/\/www.wallendorff.com\/belogue\/category\/dpc\/"},"img":{"alt_text":"","src":"https:\/\/i0.wp.com\/www.wallendorff.com\/belogue\/wp-content\/uploads\/2015\/04\/200603201.jpg?resize=350%2C200&ssl=1","width":350,"height":200},"classes":[]},{"id":108,"url":"https:\/\/www.wallendorff.com\/belogue\/2006\/03\/23\/va-ciller\/","url_meta":{"origin":20603,"position":2},"title":"Va ciller.","author":"dpc","date":"23 mars 2006","format":false,"excerpt":"Gare du Nord, Paris, 14 mars, 22h12. [Wherever you might be, happy eighty-three.] Direction Metz, son IV, sa Com', ses Ar\u00eanes, ses cravates, son muguet, ses ronds de chapeaux et son Ricard. Retour dimanche ou bien. \u201cAlice died, In the night, I've been learning to drive My whole life.\u201d \u00a0Arcade\u2026","rel":"","context":"Dans &quot;DPC&quot;","block_context":{"text":"DPC","link":"https:\/\/www.wallendorff.com\/belogue\/category\/dpc\/"},"img":{"alt_text":"","src":"https:\/\/i0.wp.com\/www.wallendorff.com\/belogue\/wp-content\/uploads\/2015\/04\/200603231.jpg?resize=350%2C200&ssl=1","width":350,"height":200},"classes":[]},{"id":1143,"url":"https:\/\/www.wallendorff.com\/belogue\/2008\/01\/21\/trains-voiles-debouts-daims\/","url_meta":{"origin":20603,"position":3},"title":"Trains, voiles \u00e0 debouts daims\u00b9.","author":"dpc","date":"21 janvier 2008","format":false,"excerpt":"Gare du Nord, Paris, 1er janvier. Pfff. \u00a0Eliott Smith \u2013 Somebody That I Used to Know _____ 1 Titre pertinent dans la mesure o\u00f9 l'on suppose que des daims sont effectivement planqu\u00e9s derri\u00e8re ceux de la photo, bien s\u00fbr.","rel":"","context":"Dans &quot;DPC&quot;","block_context":{"text":"DPC","link":"https:\/\/www.wallendorff.com\/belogue\/category\/dpc\/"},"img":{"alt_text":"","src":"https:\/\/i0.wp.com\/www.wallendorff.com\/belogue\/wp-content\/uploads\/2015\/04\/200801211.jpg?resize=350%2C200&ssl=1","width":350,"height":200,"srcset":"https:\/\/i0.wp.com\/www.wallendorff.com\/belogue\/wp-content\/uploads\/2015\/04\/200801211.jpg?resize=350%2C200&ssl=1 1x, https:\/\/i0.wp.com\/www.wallendorff.com\/belogue\/wp-content\/uploads\/2015\/04\/200801211.jpg?resize=525%2C300&ssl=1 1.5x, https:\/\/i0.wp.com\/www.wallendorff.com\/belogue\/wp-content\/uploads\/2015\/04\/200801211.jpg?resize=700%2C400&ssl=1 2x"},"classes":[]},{"id":1228,"url":"https:\/\/www.wallendorff.com\/belogue\/2008\/05\/16\/gare-du-nrd\/","url_meta":{"origin":20603,"position":4},"title":"Gare du n\u00f8rd.","author":"dpc","date":"16 mai 2008","format":false,"excerpt":"Lillestr\u00f8m, 2 avril. Fatigu\u00e9. Tr\u00e8s fatigu\u00e9. \u00a0Nada Surf \u2013 In the Mirror","rel":"","context":"Dans &quot;DPC&quot;","block_context":{"text":"DPC","link":"https:\/\/www.wallendorff.com\/belogue\/category\/dpc\/"},"img":{"alt_text":"","src":"https:\/\/i0.wp.com\/www.wallendorff.com\/belogue\/wp-content\/uploads\/2015\/04\/200805161.jpg?resize=350%2C200&ssl=1","width":350,"height":200},"classes":[]},{"id":20628,"url":"https:\/\/www.wallendorff.com\/belogue\/2013\/03\/15\/into-the-wide-3-2\/","url_meta":{"origin":20603,"position":5},"title":"Into the wide #3.","author":"dpc","date":"15 mars 2013","format":false,"excerpt":"Gare du Nord, Paris, 20 janvier. Judge, Jury and ExecutionerAtoms for Peace","rel":"","context":"Dans &quot;Into the wide&quot;","block_context":{"text":"Into the wide","link":"https:\/\/www.wallendorff.com\/belogue\/category\/into-the-wide\/"},"img":{"alt_text":"","src":"https:\/\/i0.wp.com\/www.wallendorff.com\/belogue\/wp-content\/uploads\/2015\/04\/20130315.jpg?resize=350%2C200&ssl=1","width":350,"height":200,"srcset":"https:\/\/i0.wp.com\/www.wallendorff.com\/belogue\/wp-content\/uploads\/2015\/04\/20130315.jpg?resize=350%2C200&ssl=1 1x, https:\/\/i0.wp.com\/www.wallendorff.com\/belogue\/wp-content\/uploads\/2015\/04\/20130315.jpg?resize=525%2C300&ssl=1 1.5x, https:\/\/i0.wp.com\/www.wallendorff.com\/belogue\/wp-content\/uploads\/2015\/04\/20130315.jpg?resize=700%2C400&ssl=1 2x"},"classes":[]}],"_links":{"self":[{"href":"https:\/\/www.wallendorff.com\/belogue\/wp-json\/wp\/v2\/posts\/20603","targetHints":{"allow":["GET"]}}],"collection":[{"href":"https:\/\/www.wallendorff.com\/belogue\/wp-json\/wp\/v2\/posts"}],"about":[{"href":"https:\/\/www.wallendorff.com\/belogue\/wp-json\/wp\/v2\/types\/post"}],"author":[{"embeddable":true,"href":"https:\/\/www.wallendorff.com\/belogue\/wp-json\/wp\/v2\/users\/1"}],"replies":[{"embeddable":true,"href":"https:\/\/www.wallendorff.com\/belogue\/wp-json\/wp\/v2\/comments?post=20603"}],"version-history":[{"count":3,"href":"https:\/\/www.wallendorff.com\/belogue\/wp-json\/wp\/v2\/posts\/20603\/revisions"}],"predecessor-version":[{"id":20606,"href":"https:\/\/www.wallendorff.com\/belogue\/wp-json\/wp\/v2\/posts\/20603\/revisions\/20606"}],"wp:featuredmedia":[{"embeddable":true,"href":"https:\/\/www.wallendorff.com\/belogue\/wp-json\/wp\/v2\/media\/26538"}],"wp:attachment":[{"href":"https:\/\/www.wallendorff.com\/belogue\/wp-json\/wp\/v2\/media?parent=20603"}],"wp:term":[{"taxonomy":"category","embeddable":true,"href":"https:\/\/www.wallendorff.com\/belogue\/wp-json\/wp\/v2\/categories?post=20603"},{"taxonomy":"post_tag","embeddable":true,"href":"https:\/\/www.wallendorff.com\/belogue\/wp-json\/wp\/v2\/tags?post=20603"}],"curies":[{"name":"wp","href":"https:\/\/api.w.org\/{rel}","templated":true}]}}