{"id":20584,"date":"2013-03-11T20:41:20","date_gmt":"2013-03-11T18:41:20","guid":{"rendered":"http:\/\/www.wallendorff.com\/?p=20584"},"modified":"2018-05-23T08:14:58","modified_gmt":"2018-05-23T06:14:58","slug":"vroum","status":"publish","type":"post","link":"https:\/\/www.wallendorff.com\/belogue\/2013\/03\/11\/vroum\/","title":{"rendered":"Vroum."},"content":{"rendered":"\n<div id=\"photo\">\n<p><img decoding=\"async\" src=\"https:\/\/www.wallendorff.com\/belogue\/photo\/2013\/03\/20130311.jpg\"><br \/>\nRue Pierre-S\u00e9mard, Paris, 19 janvier.<\/p>\n<\/p><\/div>\n<div id=\"bandeson\">\n<p><img decoding=\"async\" src=\"https:\/\/www.wallendorff.com\/belogue\/photo\/pochettes\/k\/kane_miles-give_up.jpg\" align=\"left\" \/><a style=\"font-weight:normal\" id=\"lienmp3\" href=\"http:\/\/www.youtube.com\/watch?v=xiMXaM5um6I\"><em>Give Up<\/em><\/a><br \/>\n        <a href=\"https:\/\/www.mileskane.com\/\">Miles Kane<\/a><\/p>\n<\/p><\/div>\n","protected":false},"excerpt":{"rendered":"<p>Rue Pierre-S\u00e9mard, Paris, 19 janvier. Give Up Miles Kane<\/p>\n","protected":false},"author":1,"featured_media":26529,"comment_status":"open","ping_status":"open","sticky":false,"template":"","format":"standard","meta":{"_acf_changed":false,"ngg_post_thumbnail":0,"jetpack_post_was_ever_published":false,"_jetpack_newsletter_access":"","_jetpack_dont_email_post_to_subs":false,"_jetpack_newsletter_tier_id":0,"_jetpack_memberships_contains_paywalled_content":false,"_jetpack_memberships_contains_paid_content":false,"footnotes":"","jetpack_publicize_message":"","jetpack_publicize_feature_enabled":true,"jetpack_social_post_already_shared":true,"jetpack_social_options":{"image_generator_settings":{"template":"highway","default_image_id":0,"font":"","enabled":false},"version":2}},"categories":[3],"tags":[10223,737,2571,6766,8257,10120,7455,10663,10121,10867,10211,10098,10351,7456,3740,10712,10171],"class_list":["post-20584","post","type-post","status-publish","format-standard","has-post-thumbnail","hentry","category-dpc","tag-10223","tag-bleu","tag-ef-16-35-mm-f28l-ii-usm","tag-eos-5d-mark-iii","tag-dont-forget-who-you-are-album","tag-france","tag-give-up","tag-hiver","tag-ile-de-france","tag-miles-kane","tag-neige","tag-paris","tag-rue","tag-rue-de-bellefond","tag-rue-pierre-semard","tag-vide","tag-voiture"],"acf":[],"geo":{"latitude":48.8778229,"longitude":2.3472514,"description":"5 Rue Pierre Semard, 75009 Paris, France"},"jetpack_publicize_connections":[],"jetpack_featured_media_url":"https:\/\/www.wallendorff.com\/belogue\/wp-content\/uploads\/2015\/04\/20130311.jpg","jetpack_shortlink":"https:\/\/wp.me\/s3b35P-vroum","jetpack_sharing_enabled":true,"jetpack-related-posts":[{"id":20877,"url":"https:\/\/www.wallendorff.com\/belogue\/2013\/05\/12\/shooting-people-102\/","url_meta":{"origin":20584,"position":0},"title":"Shooting people #102.","author":"dpc","date":"12 mai 2013","format":false,"excerpt":"Rue Victor-Mass\u00e9, Paris, 25 janvier. Don't Forget Who You AreMiles Kane","rel":"","context":"Dans &quot;Portraits&quot;","block_context":{"text":"Portraits","link":"https:\/\/www.wallendorff.com\/belogue\/category\/portraits\/"},"img":{"alt_text":"","src":"https:\/\/i0.wp.com\/www.wallendorff.com\/belogue\/wp-content\/uploads\/2015\/04\/20130510.jpg?resize=350%2C200&ssl=1","width":350,"height":200,"srcset":"https:\/\/i0.wp.com\/www.wallendorff.com\/belogue\/wp-content\/uploads\/2015\/04\/20130510.jpg?resize=350%2C200&ssl=1 1x, https:\/\/i0.wp.com\/www.wallendorff.com\/belogue\/wp-content\/uploads\/2015\/04\/20130510.jpg?resize=525%2C300&ssl=1 1.5x, https:\/\/i0.wp.com\/www.wallendorff.com\/belogue\/wp-content\/uploads\/2015\/04\/20130510.jpg?resize=700%2C400&ssl=1 2x"},"classes":[]},{"id":21178,"url":"https:\/\/www.wallendorff.com\/belogue\/2013\/06\/18\/chat-cest-encore-encore-le\/","url_meta":{"origin":20584,"position":1},"title":"Chat (c&rsquo;est encore encore le).","author":"dpc","date":"18 juin 2013","format":false,"excerpt":"Rue Brisemiche, Paris, 5 mai. You're Gonna Get ItMiles Kane","rel":"","context":"Dans &quot;DPC&quot;","block_context":{"text":"DPC","link":"https:\/\/www.wallendorff.com\/belogue\/category\/dpc\/"},"img":{"alt_text":"","src":"https:\/\/i0.wp.com\/www.wallendorff.com\/belogue\/wp-content\/uploads\/2015\/04\/20130618.jpg?resize=350%2C200&ssl=1","width":350,"height":200},"classes":[]},{"id":12413,"url":"https:\/\/www.wallendorff.com\/belogue\/2011\/03\/11\/qui-vieux-gars-naide-humilions\/","url_meta":{"origin":20584,"position":2},"title":"Qui vieux gars n&rsquo;aide humilions.","author":"dpc","date":"11 mars 2011","format":false,"excerpt":"Rue des Trinitaires, Metz, 13 f\u00e9vrier. \u00a0Miles Kane \u2013 Come Closer (Steve Mason remix)","rel":"","context":"Dans &quot;DPC&quot;","block_context":{"text":"DPC","link":"https:\/\/www.wallendorff.com\/belogue\/category\/dpc\/"},"img":{"alt_text":"","src":"https:\/\/i0.wp.com\/www.wallendorff.com\/belogue\/wp-content\/uploads\/2015\/04\/201103111.jpg?resize=350%2C200&ssl=1","width":350,"height":200},"classes":[]},{"id":21010,"url":"https:\/\/www.wallendorff.com\/belogue\/2013\/05\/24\/miles-kane-la-maroquinerie-paris-22-mai\/","url_meta":{"origin":20584,"position":3},"title":"Miles Kane @ la Maroquinerie, Paris, 22 mai.","author":"dpc","date":"24 mai 2013","format":false,"excerpt":"You're Gonna Get It | Kingcrawler | Rearrange | Better Than That | My Fantasy | Quicksand | Inhaler | Darkness in Our Hearts | Counting Down the Days | Taking Over | Give Up | First of My Kind | Come Closer || Colour of the Trap (acoustique, solo)\u2026","rel":"","context":"Dans &quot;Alive&quot;","block_context":{"text":"Alive","link":"https:\/\/www.wallendorff.com\/belogue\/category\/alive\/"},"img":{"alt_text":"","src":"https:\/\/i0.wp.com\/www.wallendorff.com\/belogue\/wp-content\/uploads\/2015\/04\/20130524.jpg?resize=350%2C200&ssl=1","width":350,"height":200,"srcset":"https:\/\/i0.wp.com\/www.wallendorff.com\/belogue\/wp-content\/uploads\/2015\/04\/20130524.jpg?resize=350%2C200&ssl=1 1x, https:\/\/i0.wp.com\/www.wallendorff.com\/belogue\/wp-content\/uploads\/2015\/04\/20130524.jpg?resize=525%2C300&ssl=1 1.5x, https:\/\/i0.wp.com\/www.wallendorff.com\/belogue\/wp-content\/uploads\/2015\/04\/20130524.jpg?resize=700%2C400&ssl=1 2x"},"classes":[]},{"id":18894,"url":"https:\/\/www.wallendorff.com\/belogue\/2012\/09\/05\/poney\/","url_meta":{"origin":20584,"position":4},"title":"Poney.","author":"dpc","date":"5 septembre 2012","format":false,"excerpt":"Rue Pierre Charron, Paris, 24 juin. Lower Dens \u2013 Brains","rel":"","context":"Dans &quot;DPC&quot;","block_context":{"text":"DPC","link":"https:\/\/www.wallendorff.com\/belogue\/category\/dpc\/"},"img":{"alt_text":"","src":"https:\/\/i0.wp.com\/www.wallendorff.com\/belogue\/wp-content\/uploads\/2015\/04\/201209051.jpg?resize=350%2C200&ssl=1","width":350,"height":200,"srcset":"https:\/\/i0.wp.com\/www.wallendorff.com\/belogue\/wp-content\/uploads\/2015\/04\/201209051.jpg?resize=350%2C200&ssl=1 1x, https:\/\/i0.wp.com\/www.wallendorff.com\/belogue\/wp-content\/uploads\/2015\/04\/201209051.jpg?resize=525%2C300&ssl=1 1.5x, https:\/\/i0.wp.com\/www.wallendorff.com\/belogue\/wp-content\/uploads\/2015\/04\/201209051.jpg?resize=700%2C400&ssl=1 2x"},"classes":[]},{"id":30113,"url":"https:\/\/www.wallendorff.com\/belogue\/2016\/01\/26\/au-pays-de-cambouis\/","url_meta":{"origin":20584,"position":5},"title":"Au pays (de cambouis).","author":"dpc","date":"26 janvier 2016","format":false,"excerpt":"Rue Jean-Pierre-Timbaud, Paris, 5 octobre 2015. D'accord. Ce jeu de mot est surann\u00e9 et, surtout, tr\u00e8s tr\u00e8s mauvais. Diversion Ty Segall","rel":"","context":"Dans &quot;DPC&quot;","block_context":{"text":"DPC","link":"https:\/\/www.wallendorff.com\/belogue\/category\/dpc\/"},"img":{"alt_text":"","src":"https:\/\/i0.wp.com\/www.wallendorff.com\/belogue\/wp-content\/uploads\/2016\/01\/20160126.jpg?resize=350%2C200&ssl=1","width":350,"height":200,"srcset":"https:\/\/i0.wp.com\/www.wallendorff.com\/belogue\/wp-content\/uploads\/2016\/01\/20160126.jpg?resize=350%2C200&ssl=1 1x, https:\/\/i0.wp.com\/www.wallendorff.com\/belogue\/wp-content\/uploads\/2016\/01\/20160126.jpg?resize=525%2C300&ssl=1 1.5x, https:\/\/i0.wp.com\/www.wallendorff.com\/belogue\/wp-content\/uploads\/2016\/01\/20160126.jpg?resize=700%2C400&ssl=1 2x"},"classes":[]}],"_links":{"self":[{"href":"https:\/\/www.wallendorff.com\/belogue\/wp-json\/wp\/v2\/posts\/20584","targetHints":{"allow":["GET"]}}],"collection":[{"href":"https:\/\/www.wallendorff.com\/belogue\/wp-json\/wp\/v2\/posts"}],"about":[{"href":"https:\/\/www.wallendorff.com\/belogue\/wp-json\/wp\/v2\/types\/post"}],"author":[{"embeddable":true,"href":"https:\/\/www.wallendorff.com\/belogue\/wp-json\/wp\/v2\/users\/1"}],"replies":[{"embeddable":true,"href":"https:\/\/www.wallendorff.com\/belogue\/wp-json\/wp\/v2\/comments?post=20584"}],"version-history":[{"count":4,"href":"https:\/\/www.wallendorff.com\/belogue\/wp-json\/wp\/v2\/posts\/20584\/revisions"}],"predecessor-version":[{"id":22233,"href":"https:\/\/www.wallendorff.com\/belogue\/wp-json\/wp\/v2\/posts\/20584\/revisions\/22233"}],"wp:featuredmedia":[{"embeddable":true,"href":"https:\/\/www.wallendorff.com\/belogue\/wp-json\/wp\/v2\/media\/26529"}],"wp:attachment":[{"href":"https:\/\/www.wallendorff.com\/belogue\/wp-json\/wp\/v2\/media?parent=20584"}],"wp:term":[{"taxonomy":"category","embeddable":true,"href":"https:\/\/www.wallendorff.com\/belogue\/wp-json\/wp\/v2\/categories?post=20584"},{"taxonomy":"post_tag","embeddable":true,"href":"https:\/\/www.wallendorff.com\/belogue\/wp-json\/wp\/v2\/tags?post=20584"}],"curies":[{"name":"wp","href":"https:\/\/api.w.org\/{rel}","templated":true}]}}