{"id":20560,"date":"2013-03-08T17:24:35","date_gmt":"2013-03-08T15:24:35","guid":{"rendered":"http:\/\/www.wallendorff.com\/?p=20560"},"modified":"2013-12-27T16:00:18","modified_gmt":"2013-12-27T14:00:18","slug":"exposition-brmc-au-petit-trianon","status":"publish","type":"post","link":"https:\/\/www.wallendorff.com\/belogue\/2013\/03\/08\/exposition-brmc-au-petit-trianon\/","title":{"rendered":"Exposition BRMC au Petit Trianon"},"content":{"rendered":"\n<div id=\"photo\">\n<p><img decoding=\"async\" src=\"https:\/\/www.wallendorff.com\/belogue\/photo\/2013\/03\/20130308.jpg\"><\/p>\n<\/p><\/div>\n<p style=\"text-align:center\">[English version below]<\/p>\n<p>&Agrave; l&rsquo;occasion de la sortie  mondiale du nouvel album de <strong><a href=\"http:\/\/www.blackrebelmotorcycleclub.com\">Black Rebel Motorcycle Club<\/a><\/strong>, <em>Specter at the Feast<\/em>, le 18 mars et de leur tourn&eacute;e en France la semaine prochaine, Paula K. Voelker et moi-m&ecirc;me  sommes heureux de vous convier &agrave; la premi&egrave;re exposition officielle jamais  d&eacute;di&eacute;e jusqu&rsquo;ici au groupe.<\/p>\n<p>Elle se tiendra les <strong>vendredi 15 et  samedi 16 mars 2013<\/strong> de 18&nbsp;h 00 &agrave; 2&nbsp;h 00 au <strong><a href=\"http:\/\/www.letrianon.fr\/le-petit-trianon.html\">Petit Trianon<\/a><\/strong>. Au menu&nbsp;: une r&eacute;trospective en  images&#8230;<\/p>\n<ul>\n<li>des concerts parisiens du groupe depuis 2005, de portraits r&eacute;alis&eacute;s ici et l&agrave;,<\/li>\n<li>de dessins au crayon ou &agrave; l&rsquo;encre,<\/li>\n<li>mais aussi des visuels originaux qui illustreront l&rsquo;album &agrave; venir.<\/li>\n<\/ul>\n<p style=\"text-align:right\"> J&rsquo;y serai les deux soirs, Paula peut-&ecirc;tre le premier. Passez boire un verre avec nous, &ccedil;a nous fera plaisir.<\/p>\n<p style=\"text-align:right\"><a href=\"https:\/\/www.facebook.com\/events\/159938454163737\/\">L&rsquo;&eacute;v&eacute;nement FB est l&agrave;<\/a>. Les visuels de l&rsquo;expo sont t&eacute;l&eacute;chargeables en cliquant sur le bandeau ci-dessous.<\/p>\n<p style=\"text-align:center\">____<\/p>\n<p>To celebrate the release of <strong>Black Rebel Motorcycle Club<\/strong>&lsquo;s new album, <em>Specter at the Feast<\/em>, on March 18<sup>th<\/sup> and their French tour next week, Paula K. Voelker and myself are happy to invite you to the first ever official exhibition dedicated to the band.<\/p>\n<p>The event will tak place  on <strong>Friday and Saturday, March 15<sup>th<\/sup> and 16<sup>th<\/sup><\/strong>, 2013 from 6&nbsp;pm to 2&nbsp;am, at the <a href=\"http:\/\/www.letrianon.fr\/le-petit-trianon.html\"><strong>Petit Trianon<\/strong><\/a>, in Paris.        It will be a visual retrospective&#8230;<\/p>\n<ul>\n<li>Of the Parisian shows of the band since 2005, of portraits done here and there,<\/li>\n<li>Of pencil and ink drawings,<\/li>\n<li>And also of original drawings of the upcoming album.<\/li>\n<\/ul>\n<p style=\"text-align:right\"> I will be there both nights, Paula might show up on the first evening. Come and have a drink with us, we would be happy to meet you. <\/p>\n<p style=\"text-align:right\"><a href=\"https:\/\/www.facebook.com\/events\/159938454163737\/\">The FB event is here<\/a>. Download the promo material by clicking on the image below.<\/p>\n<div id=\"photo2\">\n<p><a href=\"https:\/\/www.wallendorff.com\/belogue\/photo\/2013\/03\/20130308.zip\"><img decoding=\"async\" src=\"https:\/\/www.wallendorff.com\/belogue\/photo\/2013\/03\/20130308-01.jpg\" \/><\/a><\/p>\n<\/p><\/div>\n","protected":false},"excerpt":{"rendered":"<p>[English version below] &Agrave; l&rsquo;occasion de la sortie mondiale du nouvel album de Black Rebel Motorcycle Club, Specter at the Feast, le 18 mars et de leur tourn&eacute;e en France la semaine prochaine, Paula K. Voelker et moi-m&ecirc;me sommes heureux de vous convier &agrave; la premi&egrave;re exposition officielle jamais d&eacute;di&eacute;e jusqu&rsquo;ici au groupe. Elle se&hellip;<\/p>\n","protected":false},"author":1,"featured_media":26533,"comment_status":"open","ping_status":"open","sticky":false,"template":"","format":"standard","meta":{"_acf_changed":false,"ngg_post_thumbnail":0,"jetpack_post_was_ever_published":false,"_jetpack_newsletter_access":"","_jetpack_dont_email_post_to_subs":false,"_jetpack_newsletter_tier_id":0,"_jetpack_memberships_contains_paywalled_content":false,"_jetpack_memberships_contains_paid_content":false,"footnotes":"","jetpack_publicize_message":"","jetpack_publicize_feature_enabled":true,"jetpack_social_post_already_shared":true,"jetpack_social_options":{"image_generator_settings":{"template":"highway","default_image_id":0,"font":"","enabled":false},"version":2}},"categories":[7],"tags":[10118,10725,10329,7338],"class_list":["post-20560","post","type-post","status-publish","format-standard","has-post-thumbnail","hentry","category-alive","tag-black-rebel-motorcycle-club","tag-brmc","tag-exposition","tag-specter-at-the-feast"],"acf":[],"geo":null,"jetpack_publicize_connections":[],"jetpack_featured_media_url":"https:\/\/www.wallendorff.com\/belogue\/wp-content\/uploads\/2015\/04\/201303081.jpg","jetpack_shortlink":"https:\/\/wp.me\/p3b35P-5lC","jetpack_sharing_enabled":true,"jetpack-related-posts":[{"id":20441,"url":"https:\/\/www.wallendorff.com\/belogue\/2013\/02\/14\/shooting-people-100\/","url_meta":{"origin":20560,"position":0},"title":"Shooting people #100.","author":"dpc","date":"14 f\u00e9vrier 2013","format":false,"excerpt":"H\u00f4tel Arvor, Paris, 6 f\u00e9vrier. Ils ne sont venus qu'\u00e0 deux. Lorsque j'arrive, ils sont au bar, en interview avec B.. Je distingue vaguement leurs profils dans le reflet de la vitre. P. a plus de cheveux qu'avant. M. m'accueille et m'annonce qu'il y a eu changement de derni\u00e8re minute\u00a0;\u2026","rel":"","context":"Dans &quot;Portraits&quot;","block_context":{"text":"Portraits","link":"https:\/\/www.wallendorff.com\/belogue\/category\/portraits\/"},"img":{"alt_text":"","src":"https:\/\/i0.wp.com\/www.wallendorff.com\/belogue\/wp-content\/uploads\/2015\/04\/20130214.jpg?resize=350%2C200&ssl=1","width":350,"height":200,"srcset":"https:\/\/i0.wp.com\/www.wallendorff.com\/belogue\/wp-content\/uploads\/2015\/04\/20130214.jpg?resize=350%2C200&ssl=1 1x, https:\/\/i0.wp.com\/www.wallendorff.com\/belogue\/wp-content\/uploads\/2015\/04\/20130214.jpg?resize=525%2C300&ssl=1 1.5x, https:\/\/i0.wp.com\/www.wallendorff.com\/belogue\/wp-content\/uploads\/2015\/04\/20130214.jpg?resize=700%2C400&ssl=1 2x"},"classes":[]},{"id":20661,"url":"https:\/\/www.wallendorff.com\/belogue\/2013\/03\/19\/black-rebel-motorcycle-club-le-trianon-paris-15-16-mars\/","url_meta":{"origin":20560,"position":1},"title":"Black Rebel Motorcycle Club @ le Trianon, Paris, 15-16 mars.","author":"dpc","date":"19 mars 2013","format":false,"excerpt":"15 mars\u00a0: Let the Day Begin (The Call) | Rival | Hate the Taste | Beat the Devil's Tattoo | Whatever Happened to My Rock 'n' Roll (Punk Song) | Ain't No Easy Way | Berlin | Love Burns | Returning | Screaming Gun | Conscience Killer | Teenage Disease\u2026","rel":"","context":"Dans &quot;Alive&quot;","block_context":{"text":"Alive","link":"https:\/\/www.wallendorff.com\/belogue\/category\/alive\/"},"img":{"alt_text":"","src":"https:\/\/i0.wp.com\/www.wallendorff.com\/belogue\/wp-content\/uploads\/2015\/04\/20130319.jpg?resize=350%2C200&ssl=1","width":350,"height":200,"srcset":"https:\/\/i0.wp.com\/www.wallendorff.com\/belogue\/wp-content\/uploads\/2015\/04\/20130319.jpg?resize=350%2C200&ssl=1 1x, https:\/\/i0.wp.com\/www.wallendorff.com\/belogue\/wp-content\/uploads\/2015\/04\/20130319.jpg?resize=525%2C300&ssl=1 1.5x, https:\/\/i0.wp.com\/www.wallendorff.com\/belogue\/wp-content\/uploads\/2015\/04\/20130319.jpg?resize=700%2C400&ssl=1 2x"},"classes":[]},{"id":27358,"url":"https:\/\/www.wallendorff.com\/belogue\/2015\/05\/14\/on-expose-3\/","url_meta":{"origin":20560,"position":2},"title":"On expose.","author":"dpc","date":"14 mai 2015","format":false,"excerpt":"[English version below] Black Rebel Motorcycle Club m'ont choisi pour illustrer leur DVD \/ triple album enregistr\u00e9 au Trianon le 24 f\u00e9vrier 2014, Live in Paris, qui sortira en juin chez Pias. C'est un honneur. Pour l'occasion, je vous accueillerai au Motel pour une expo des clich\u00e9s in\u00e9dits du groupe\u2026","rel":"","context":"Dans &quot;DPC&quot;","block_context":{"text":"DPC","link":"https:\/\/www.wallendorff.com\/belogue\/category\/dpc\/"},"img":{"alt_text":"","src":"https:\/\/i0.wp.com\/www.wallendorff.com\/belogue\/wp-content\/uploads\/2015\/05\/20150514.jpg?resize=350%2C200&ssl=1","width":350,"height":200,"srcset":"https:\/\/i0.wp.com\/www.wallendorff.com\/belogue\/wp-content\/uploads\/2015\/05\/20150514.jpg?resize=350%2C200&ssl=1 1x, https:\/\/i0.wp.com\/www.wallendorff.com\/belogue\/wp-content\/uploads\/2015\/05\/20150514.jpg?resize=525%2C300&ssl=1 1.5x, https:\/\/i0.wp.com\/www.wallendorff.com\/belogue\/wp-content\/uploads\/2015\/05\/20150514.jpg?resize=700%2C400&ssl=1 2x"},"classes":[]},{"id":20738,"url":"https:\/\/www.wallendorff.com\/belogue\/2013\/04\/05\/black-rebel-motorcycle-club-lancienne-belgique-bruxelles-1er-avril\/","url_meta":{"origin":20560,"position":3},"title":"Black Rebel Motorcycle Club @ l&rsquo;Ancienne Belgique, Bruxelles, 1er avril.","author":"dpc","date":"5 avril 2013","format":false,"excerpt":"Let the Day Begin (The Call) | Rival | Red Eyes and Tears | Hate the Taste | Beat the Devil's Tattoo | Whatever Happened to My Rock 'n' Roll (Punk Song) | Ain't No Easy Way | Berlin | 666 Conducer | Love Burns | Returning | Mercy (acoustic)\u2026","rel":"","context":"Dans &quot;Alive&quot;","block_context":{"text":"Alive","link":"https:\/\/www.wallendorff.com\/belogue\/category\/alive\/"},"img":{"alt_text":"","src":"https:\/\/i0.wp.com\/www.wallendorff.com\/belogue\/wp-content\/uploads\/2015\/04\/20130405.jpg?resize=350%2C200&ssl=1","width":350,"height":200,"srcset":"https:\/\/i0.wp.com\/www.wallendorff.com\/belogue\/wp-content\/uploads\/2015\/04\/20130405.jpg?resize=350%2C200&ssl=1 1x, https:\/\/i0.wp.com\/www.wallendorff.com\/belogue\/wp-content\/uploads\/2015\/04\/20130405.jpg?resize=525%2C300&ssl=1 1.5x, https:\/\/i0.wp.com\/www.wallendorff.com\/belogue\/wp-content\/uploads\/2015\/04\/20130405.jpg?resize=700%2C400&ssl=1 2x"},"classes":[]},{"id":20642,"url":"https:\/\/www.wallendorff.com\/belogue\/2013\/03\/18\/the-aftermath\/","url_meta":{"origin":20560,"position":4},"title":"The aftermath.","author":"dpc","date":"18 mars 2013","format":false,"excerpt":"Everything went so fast, everyone passed by so quickly that, at first, I felt like the week end had lasted only for a second. Then I realized that I had been the one constantly running from place to place, that I had been the one trying to talk to fifty\u2026","rel":"","context":"Dans &quot;DPC&quot;","block_context":{"text":"DPC","link":"https:\/\/www.wallendorff.com\/belogue\/category\/dpc\/"},"img":{"alt_text":"","src":"https:\/\/i0.wp.com\/www.wallendorff.com\/belogue\/wp-content\/uploads\/2015\/04\/201303181.jpg?resize=350%2C200&ssl=1","width":350,"height":200,"srcset":"https:\/\/i0.wp.com\/www.wallendorff.com\/belogue\/wp-content\/uploads\/2015\/04\/201303181.jpg?resize=350%2C200&ssl=1 1x, https:\/\/i0.wp.com\/www.wallendorff.com\/belogue\/wp-content\/uploads\/2015\/04\/201303181.jpg?resize=525%2C300&ssl=1 1.5x, https:\/\/i0.wp.com\/www.wallendorff.com\/belogue\/wp-content\/uploads\/2015\/04\/201303181.jpg?resize=700%2C400&ssl=1 2x"},"classes":[]},{"id":20863,"url":"https:\/\/www.wallendorff.com\/belogue\/2013\/05\/07\/into-the-wide-8\/","url_meta":{"origin":20560,"position":5},"title":"Into the wide #8.","author":"dpc","date":"7 mai 2013","format":false,"excerpt":"Le Trianon, Paris, 16 mars. Il y avait eu un apr\u00e8s, voil\u00e0 un avant. Pris bien apr\u00e8s l'apr\u00e8s. Et de bien moins pr\u00e8s que l'apr\u00e8s, qui l'avait \u00e9t\u00e9 de l'avant. [Mais pas expr\u00e8s.] After All Is Said And DoneJunip","rel":"","context":"Dans &quot;Into the wide&quot;","block_context":{"text":"Into the wide","link":"https:\/\/www.wallendorff.com\/belogue\/category\/into-the-wide\/"},"img":{"alt_text":"","src":"https:\/\/i0.wp.com\/www.wallendorff.com\/belogue\/wp-content\/uploads\/2015\/04\/20130507.jpg?resize=350%2C200&ssl=1","width":350,"height":200,"srcset":"https:\/\/i0.wp.com\/www.wallendorff.com\/belogue\/wp-content\/uploads\/2015\/04\/20130507.jpg?resize=350%2C200&ssl=1 1x, https:\/\/i0.wp.com\/www.wallendorff.com\/belogue\/wp-content\/uploads\/2015\/04\/20130507.jpg?resize=525%2C300&ssl=1 1.5x, https:\/\/i0.wp.com\/www.wallendorff.com\/belogue\/wp-content\/uploads\/2015\/04\/20130507.jpg?resize=700%2C400&ssl=1 2x"},"classes":[]}],"_links":{"self":[{"href":"https:\/\/www.wallendorff.com\/belogue\/wp-json\/wp\/v2\/posts\/20560","targetHints":{"allow":["GET"]}}],"collection":[{"href":"https:\/\/www.wallendorff.com\/belogue\/wp-json\/wp\/v2\/posts"}],"about":[{"href":"https:\/\/www.wallendorff.com\/belogue\/wp-json\/wp\/v2\/types\/post"}],"author":[{"embeddable":true,"href":"https:\/\/www.wallendorff.com\/belogue\/wp-json\/wp\/v2\/users\/1"}],"replies":[{"embeddable":true,"href":"https:\/\/www.wallendorff.com\/belogue\/wp-json\/wp\/v2\/comments?post=20560"}],"version-history":[{"count":18,"href":"https:\/\/www.wallendorff.com\/belogue\/wp-json\/wp\/v2\/posts\/20560\/revisions"}],"predecessor-version":[{"id":22269,"href":"https:\/\/www.wallendorff.com\/belogue\/wp-json\/wp\/v2\/posts\/20560\/revisions\/22269"}],"wp:featuredmedia":[{"embeddable":true,"href":"https:\/\/www.wallendorff.com\/belogue\/wp-json\/wp\/v2\/media\/26533"}],"wp:attachment":[{"href":"https:\/\/www.wallendorff.com\/belogue\/wp-json\/wp\/v2\/media?parent=20560"}],"wp:term":[{"taxonomy":"category","embeddable":true,"href":"https:\/\/www.wallendorff.com\/belogue\/wp-json\/wp\/v2\/categories?post=20560"},{"taxonomy":"post_tag","embeddable":true,"href":"https:\/\/www.wallendorff.com\/belogue\/wp-json\/wp\/v2\/tags?post=20560"}],"curies":[{"name":"wp","href":"https:\/\/api.w.org\/{rel}","templated":true}]}}