{"id":20557,"date":"2013-03-07T11:18:14","date_gmt":"2013-03-07T09:18:14","guid":{"rendered":"http:\/\/www.wallendorff.com\/?p=20557"},"modified":"2013-12-27T16:00:26","modified_gmt":"2013-12-27T14:00:26","slug":"branches-comme-neige","status":"publish","type":"post","link":"https:\/\/www.wallendorff.com\/belogue\/2013\/03\/07\/branches-comme-neige\/","title":{"rendered":"Branches comme neige."},"content":{"rendered":"\n<div id=\"photo\">\n<p><img decoding=\"async\" src=\"https:\/\/www.wallendorff.com\/belogue\/photo\/2013\/03\/20130307.jpg\"><br \/>\nRue Lamarck, Paris, 19 janvier.<\/p>\n<\/p><\/div>\n<div id=\"bandeson\">\n<p><img decoding=\"async\" src=\"https:\/\/www.wallendorff.com\/belogue\/photo\/pochettes\/b\/black_rebel_motorcycle_club-specter_at_the_feast.jpg\" align=\"left\" \/><a style=\"font-weight:normal\" id=\"lienmp3\" href=\"http:\/\/www.youtube.com\/watch?v=IrT8_QGQycQ\"><em>Returning<\/em><\/a><br \/><a href=\"http:\/\/www.blackrebelmotorcycleclub.com\/\">Black Rebel Motorcycle Club<\/a><\/p>\n<\/p><\/div>\n","protected":false},"excerpt":{"rendered":"<p>Rue Lamarck, Paris, 19 janvier. ReturningBlack Rebel Motorcycle Club<\/p>\n","protected":false},"author":1,"featured_media":26532,"comment_status":"open","ping_status":"open","sticky":false,"template":"","format":"standard","meta":{"_acf_changed":false,"ngg_post_thumbnail":0,"jetpack_post_was_ever_published":false,"_jetpack_newsletter_access":"","_jetpack_dont_email_post_to_subs":false,"_jetpack_newsletter_tier_id":0,"_jetpack_memberships_contains_paywalled_content":false,"_jetpack_memberships_contains_paid_content":false,"footnotes":"","jetpack_publicize_message":"","jetpack_publicize_feature_enabled":true,"jetpack_social_post_already_shared":true,"jetpack_social_options":{"image_generator_settings":{"template":"highway","default_image_id":0,"font":"","enabled":false},"version":2}},"categories":[3],"tags":[10143,10345,10118,5107,10842,6766,10120,10121,10142,10211,10098,7454,5742,170,7338],"class_list":["post-20557","post","type-post","status-publish","format-standard","has-post-thumbnail","hentry","category-dpc","tag-10143","tag-arbre","tag-black-rebel-motorcycle-club","tag-blanc","tag-branche","tag-eos-5d-mark-iii","tag-france","tag-ile-de-france","tag-montmartre","tag-neige","tag-paris","tag-returning","tag-rue-lamarck","tag-sigma-70-300-mm-f4-56-dg-apo-macro","tag-specter-at-the-feast"],"acf":[],"geo":{"latitude":48.8893623,"longitude":2.3418019,"description":"Paris 18, \u00cele-de-France, 75864 CEDEX 18, FR"},"jetpack_publicize_connections":[],"jetpack_featured_media_url":"https:\/\/www.wallendorff.com\/belogue\/wp-content\/uploads\/2015\/04\/20130307.jpg","jetpack_shortlink":"https:\/\/wp.me\/p3b35P-5lz","jetpack_sharing_enabled":true,"jetpack-related-posts":[{"id":20379,"url":"https:\/\/www.wallendorff.com\/belogue\/2013\/01\/31\/janvier-2013\/","url_meta":{"origin":20557,"position":0},"title":"Janvier 2013.","author":"dpc","date":"31 janvier 2013","format":false,"excerpt":"5 titres Black Rebel Motorcycle Club \u2013 Let the Day Begin (The Call cover) Junip \u2013 Line of Fire Miles Kane \u2013 Give Up Haim \u2013 Don't Save Me Local Natives \u2013 Heavy Feet Albums The Bronx \u2013 The Bronx IV Villagers \u2013 {Awayland} Black Rebel Motorcycle Club \u2013 Specter\u2026","rel":"","context":"Dans &quot;Blog-note&quot;","block_context":{"text":"Blog-note","link":"https:\/\/www.wallendorff.com\/belogue\/category\/blog-note\/"},"img":{"alt_text":"","src":"https:\/\/i0.wp.com\/www.wallendorff.com\/belogue\/wp-content\/uploads\/2015\/04\/20130131-141.jpg?resize=350%2C200&ssl=1","width":350,"height":200,"srcset":"https:\/\/i0.wp.com\/www.wallendorff.com\/belogue\/wp-content\/uploads\/2015\/04\/20130131-141.jpg?resize=350%2C200&ssl=1 1x, https:\/\/i0.wp.com\/www.wallendorff.com\/belogue\/wp-content\/uploads\/2015\/04\/20130131-141.jpg?resize=525%2C300&ssl=1 1.5x, https:\/\/i0.wp.com\/www.wallendorff.com\/belogue\/wp-content\/uploads\/2015\/04\/20130131-141.jpg?resize=700%2C400&ssl=1 2x"},"classes":[]},{"id":16968,"url":"https:\/\/www.wallendorff.com\/belogue\/2012\/04\/19\/three-door-dawn\/","url_meta":{"origin":20557,"position":1},"title":"Three-door dawn.","author":"dpc","date":"19 avril 2012","format":false,"excerpt":"Rue Lamarck, Paris, 1er mars. Muse \u2013 Uno [youtube]http:\/\/www.youtube.com\/watch?v=svP5Rqn12VY[\/youtube]","rel":"","context":"Dans &quot;DPC&quot;","block_context":{"text":"DPC","link":"https:\/\/www.wallendorff.com\/belogue\/category\/dpc\/"},"img":{"alt_text":"","src":"https:\/\/i0.wp.com\/www.wallendorff.com\/belogue\/wp-content\/uploads\/2015\/04\/201204191.jpg?resize=350%2C200&ssl=1","width":350,"height":200,"srcset":"https:\/\/i0.wp.com\/www.wallendorff.com\/belogue\/wp-content\/uploads\/2015\/04\/201204191.jpg?resize=350%2C200&ssl=1 1x, https:\/\/i0.wp.com\/www.wallendorff.com\/belogue\/wp-content\/uploads\/2015\/04\/201204191.jpg?resize=525%2C300&ssl=1 1.5x"},"classes":[]},{"id":17151,"url":"https:\/\/www.wallendorff.com\/belogue\/2012\/05\/02\/1er-mai\/","url_meta":{"origin":20557,"position":2},"title":"1er mai.","author":"dpc","date":"2 mai 2012","format":false,"excerpt":"Rue Lamarck, Paris. Charli XCX \u2013 I'll Never Know [youtube]http:\/\/www.youtube.com\/watch?v=xBmQ9ZReJ_Q[\/youtube]","rel":"","context":"Dans &quot;DPC&quot;","block_context":{"text":"DPC","link":"https:\/\/www.wallendorff.com\/belogue\/category\/dpc\/"},"img":{"alt_text":"","src":"https:\/\/i0.wp.com\/www.wallendorff.com\/belogue\/wp-content\/uploads\/2015\/04\/201205021.jpg?resize=350%2C200&ssl=1","width":350,"height":200},"classes":[]},{"id":17338,"url":"https:\/\/www.wallendorff.com\/belogue\/2012\/05\/19\/heurs-bleus\/","url_meta":{"origin":20557,"position":3},"title":"Heurs bleus","author":"dpc","date":"19 mai 2012","format":false,"excerpt":"Rue Lamarck, Paris, 4 avril. J'ai un truc avec les fen\u00eatres allum\u00e9es au cr\u00e9puscule. Eddie Vedder \u2013 The Canyon [youtube]http:\/\/www.youtube.com\/watch?v=BfjZ_6oSiJs[\/youtube]","rel":"","context":"Dans &quot;DPC&quot;","block_context":{"text":"DPC","link":"https:\/\/www.wallendorff.com\/belogue\/category\/dpc\/"},"img":{"alt_text":"","src":"https:\/\/i0.wp.com\/www.wallendorff.com\/belogue\/wp-content\/uploads\/2015\/04\/201205181.jpg?resize=350%2C200&ssl=1","width":350,"height":200,"srcset":"https:\/\/i0.wp.com\/www.wallendorff.com\/belogue\/wp-content\/uploads\/2015\/04\/201205181.jpg?resize=350%2C200&ssl=1 1x, https:\/\/i0.wp.com\/www.wallendorff.com\/belogue\/wp-content\/uploads\/2015\/04\/201205181.jpg?resize=525%2C300&ssl=1 1.5x"},"classes":[]},{"id":12936,"url":"https:\/\/www.wallendorff.com\/belogue\/2011\/06\/27\/run-myself-into-the-ground\/","url_meta":{"origin":20557,"position":4},"title":"Run myself into the ground.","author":"dpc","date":"27 juin 2011","format":false,"excerpt":"Rue Bossuet, Paris, 27 mai. \u00a0Black Rebel Motorcycle Club \u2013 Feel It Now","rel":"","context":"Dans &quot;Portraits&quot;","block_context":{"text":"Portraits","link":"https:\/\/www.wallendorff.com\/belogue\/category\/portraits\/"},"img":{"alt_text":"","src":"https:\/\/i0.wp.com\/www.wallendorff.com\/belogue\/wp-content\/uploads\/2015\/04\/201106271.jpg?resize=350%2C200&ssl=1","width":350,"height":200,"srcset":"https:\/\/i0.wp.com\/www.wallendorff.com\/belogue\/wp-content\/uploads\/2015\/04\/201106271.jpg?resize=350%2C200&ssl=1 1x, https:\/\/i0.wp.com\/www.wallendorff.com\/belogue\/wp-content\/uploads\/2015\/04\/201106271.jpg?resize=525%2C300&ssl=1 1.5x"},"classes":[]},{"id":6793,"url":"https:\/\/www.wallendorff.com\/belogue\/2010\/02\/16\/i-thread-the-needle-through-you-beat-the-devil%e2%80%99s-tattoo\/","url_meta":{"origin":20557,"position":5},"title":"[I thread the needle through you beat the devil\u2019s tattoo.]","author":"dpc","date":"16 f\u00e9vrier 2010","format":false,"excerpt":"\u00c9glise Saint-Vincent-de-Paul, Paris, 9 janvier. Ce nouveau simple est tr\u00e8s bien mais son intro sonne quand m\u00eame vachement comme You Are My Sunshine chant\u00e9 par Will Smith d\u00e9guis\u00e9 en marguerite g\u00e9ante. Opinion personnelle, bien s\u00fbr. \u00a0Black Rebel Motorcycle Club \u2013 Beat the Devil's Tattoo","rel":"","context":"Dans &quot;DPC&quot;","block_context":{"text":"DPC","link":"https:\/\/www.wallendorff.com\/belogue\/category\/dpc\/"},"img":{"alt_text":"","src":"https:\/\/i0.wp.com\/www.wallendorff.com\/belogue\/wp-content\/uploads\/2015\/04\/201002161.jpg?resize=350%2C200&ssl=1","width":350,"height":200},"classes":[]}],"_links":{"self":[{"href":"https:\/\/www.wallendorff.com\/belogue\/wp-json\/wp\/v2\/posts\/20557","targetHints":{"allow":["GET"]}}],"collection":[{"href":"https:\/\/www.wallendorff.com\/belogue\/wp-json\/wp\/v2\/posts"}],"about":[{"href":"https:\/\/www.wallendorff.com\/belogue\/wp-json\/wp\/v2\/types\/post"}],"author":[{"embeddable":true,"href":"https:\/\/www.wallendorff.com\/belogue\/wp-json\/wp\/v2\/users\/1"}],"replies":[{"embeddable":true,"href":"https:\/\/www.wallendorff.com\/belogue\/wp-json\/wp\/v2\/comments?post=20557"}],"version-history":[{"count":3,"href":"https:\/\/www.wallendorff.com\/belogue\/wp-json\/wp\/v2\/posts\/20557\/revisions"}],"predecessor-version":[{"id":22270,"href":"https:\/\/www.wallendorff.com\/belogue\/wp-json\/wp\/v2\/posts\/20557\/revisions\/22270"}],"wp:featuredmedia":[{"embeddable":true,"href":"https:\/\/www.wallendorff.com\/belogue\/wp-json\/wp\/v2\/media\/26532"}],"wp:attachment":[{"href":"https:\/\/www.wallendorff.com\/belogue\/wp-json\/wp\/v2\/media?parent=20557"}],"wp:term":[{"taxonomy":"category","embeddable":true,"href":"https:\/\/www.wallendorff.com\/belogue\/wp-json\/wp\/v2\/categories?post=20557"},{"taxonomy":"post_tag","embeddable":true,"href":"https:\/\/www.wallendorff.com\/belogue\/wp-json\/wp\/v2\/tags?post=20557"}],"curies":[{"name":"wp","href":"https:\/\/api.w.org\/{rel}","templated":true}]}}