{"id":20553,"date":"2013-03-06T11:49:19","date_gmt":"2013-03-06T09:49:19","guid":{"rendered":"http:\/\/www.wallendorff.com\/?p=20553"},"modified":"2013-12-27T15:38:46","modified_gmt":"2013-12-27T13:38:46","slug":"il-etait-une-froid","status":"publish","type":"post","link":"https:\/\/www.wallendorff.com\/belogue\/2013\/03\/06\/il-etait-une-froid\/","title":{"rendered":"Il \u00e9tait une froid."},"content":{"rendered":"\n<div id=\"photo\">\n<p><img decoding=\"async\" src=\"https:\/\/www.wallendorff.com\/belogue\/photo\/2013\/03\/20130306.jpg\"><br \/>\nRue de la Bonne, Paris, 19 janvier.<\/p>\n<\/p><\/div>\n<p style=\"text-align:right\">M&ecirc;me rue, m&ecirc;me temps, m&ecirc;me samedi matin, m&ecirc;me ambiance et m&ecirc;me &eacute;poque que <a href=\"https:\/\/www.wallendorff.com\/belogue\/2012\/03\/29\/fuite-de-gars\/\">la photo de l&rsquo;ann&eacute;e derni&egrave;re<\/a> et, comme l&rsquo;ann&eacute;e derni&egrave;re, je ne sais pas pourquoi je la poste.<\/p>\n<div id=\"bandeson\">\n<p><img decoding=\"async\" src=\"https:\/\/www.wallendorff.com\/belogue\/photo\/pochettes\/h\/haim-dont_save_me.jpg\" align=\"left\" \/><a style=\"font-weight:normal\" id=\"lienmp3\" href=\"http:\/\/www.youtube.com\/watch?v=XinXOHgSfZU\"><em>Don&rsquo;t Save Me<\/em><\/a><br \/><a href=\"http:\/\/haimtheband.com\/\">Haim<\/a><\/p>\n<\/p><\/div>\n","protected":false},"excerpt":{"rendered":"<p>Rue de la Bonne, Paris, 19 janvier. M&ecirc;me rue, m&ecirc;me temps, m&ecirc;me samedi matin, m&ecirc;me ambiance et m&ecirc;me &eacute;poque que la photo de l&rsquo;ann&eacute;e derni&egrave;re et, comme l&rsquo;ann&eacute;e derni&egrave;re, je ne sais pas pourquoi je la poste. Don&rsquo;t Save MeHaim<\/p>\n","protected":false},"author":1,"featured_media":26531,"comment_status":"open","ping_status":"open","sticky":false,"template":"","format":"standard","meta":{"_acf_changed":false,"ngg_post_thumbnail":0,"jetpack_post_was_ever_published":false,"_jetpack_newsletter_access":"","_jetpack_dont_email_post_to_subs":false,"_jetpack_newsletter_tier_id":0,"_jetpack_memberships_contains_paywalled_content":false,"_jetpack_memberships_contains_paid_content":false,"footnotes":"","jetpack_publicize_message":"","jetpack_publicize_feature_enabled":true,"jetpack_social_post_already_shared":true,"jetpack_social_options":{"image_generator_settings":{"template":"highway","default_image_id":0,"font":"","enabled":false},"version":2}},"categories":[3],"tags":[10143,737,6766,8258,7453,10311,10340,10120,11315,10663,10121,10142,10211,10098,770,10351,5675,170],"class_list":["post-20553","post","type-post","status-publish","format-standard","has-post-thumbnail","hentry","category-dpc","tag-10143","tag-bleu","tag-eos-5d-mark-iii","tag-days-are-gone","tag-dont-save-me","tag-dos","tag-fille","tag-france","tag-haim","tag-hiver","tag-ile-de-france","tag-montmartre","tag-neige","tag-paris","tag-rouge","tag-rue","tag-rue-de-la-bonne","tag-sigma-70-300-mm-f4-56-dg-apo-macro"],"acf":[],"geo":{"latitude":48.887558,"longitude":2.3433869,"description":"Rue de la Bonne, 75018 Paris, France"},"jetpack_publicize_connections":[],"jetpack_featured_media_url":"https:\/\/www.wallendorff.com\/belogue\/wp-content\/uploads\/2015\/04\/20130306.jpg","jetpack_shortlink":"https:\/\/wp.me\/p3b35P-5lv","jetpack_sharing_enabled":true,"jetpack-related-posts":[{"id":45932,"url":"https:\/\/www.wallendorff.com\/belogue\/2020\/06\/25\/des-branches-des-branches-des-branches-tour\/","url_meta":{"origin":20553,"position":0},"title":"Des branches, des branches, des branches, tour.","author":"dpc","date":"25 juin 2020","format":false,"excerpt":"Rue Aza\u00efs, Paris, 14 mars 2020. Alors effectivement hein, on ne vous la fait pas \u00e0 vous, fid\u00e8les trois lecteurs et demi qui lisez ce journal \u00e9lectronique depuis 2004, je l'ai d\u00e9j\u00e0 faite, cette photo, et m\u00eame refaite, sauf que voyez-vous, premi\u00e8rement la derni\u00e8re date de 2012, et deuxi\u00e8mement il\u2026","rel":"","context":"Dans &quot;DPC&quot;","block_context":{"text":"DPC","link":"https:\/\/www.wallendorff.com\/belogue\/category\/dpc\/"},"img":{"alt_text":"","src":"https:\/\/i0.wp.com\/www.wallendorff.com\/belogue\/wp-content\/uploads\/2020\/06\/20200625.jpg?resize=350%2C200&ssl=1","width":350,"height":200,"srcset":"https:\/\/i0.wp.com\/www.wallendorff.com\/belogue\/wp-content\/uploads\/2020\/06\/20200625.jpg?resize=350%2C200&ssl=1 1x, https:\/\/i0.wp.com\/www.wallendorff.com\/belogue\/wp-content\/uploads\/2020\/06\/20200625.jpg?resize=525%2C300&ssl=1 1.5x"},"classes":[]},{"id":45936,"url":"https:\/\/www.wallendorff.com\/belogue\/2020\/07\/03\/allons-boire-sil-arrose-2\/","url_meta":{"origin":20553,"position":1},"title":"Allons boire s&rsquo;il arrose.","author":"dpc","date":"3 juillet 2020","format":false,"excerpt":"Rue de l'Abreuvoir, Paris, 14 mars 2020. Je sais, je vous avais d\u00e9j\u00e0 servi ce titre en 2012 \u2013\u00a0f\u00e9licitations, au passage, votre m\u00e9moire m'\u00e9pate\u00a0\u2013, mais convenez donc qu'il sied quand m\u00eame bien mieux \u00e0 cette photo cr\u00e9pusculaire d'un couple, de dos, qui marche vers un endroit qu'on pourrait tr\u00e8s bien\u2026","rel":"","context":"Dans &quot;DPC&quot;","block_context":{"text":"DPC","link":"https:\/\/www.wallendorff.com\/belogue\/category\/dpc\/"},"img":{"alt_text":"","src":"https:\/\/i0.wp.com\/www.wallendorff.com\/belogue\/wp-content\/uploads\/2020\/07\/20200703.jpg?resize=350%2C200&ssl=1","width":350,"height":200,"srcset":"https:\/\/i0.wp.com\/www.wallendorff.com\/belogue\/wp-content\/uploads\/2020\/07\/20200703.jpg?resize=350%2C200&ssl=1 1x, https:\/\/i0.wp.com\/www.wallendorff.com\/belogue\/wp-content\/uploads\/2020\/07\/20200703.jpg?resize=525%2C300&ssl=1 1.5x, https:\/\/i0.wp.com\/www.wallendorff.com\/belogue\/wp-content\/uploads\/2020\/07\/20200703.jpg?resize=700%2C400&ssl=1 2x"},"classes":[]},{"id":32175,"url":"https:\/\/www.wallendorff.com\/belogue\/2016\/08\/23\/shooting-people-122\/","url_meta":{"origin":20553,"position":2},"title":"Shooting people #122.","author":"dpc","date":"23 ao\u00fbt 2016","format":false,"excerpt":"Rue Laferri\u00e8re, Paris, 5 juillet. S\u00e9rie ex\u00e9cut\u00e9e dans le cadre de cette interview-ci, par notre Louis Teyssedou national. On m'a convoqu\u00e9 au m\u00eame endroit que ce jour-l\u00e0. Je tombe sur lui d\u00e8s ma sortie du m\u00e9tro, en pleine session avec elle. Deux bises, une poign\u00e9e de main. Je les laisse\u2026","rel":"","context":"Dans &quot;Portraits&quot;","block_context":{"text":"Portraits","link":"https:\/\/www.wallendorff.com\/belogue\/category\/portraits\/"},"img":{"alt_text":"","src":"https:\/\/i0.wp.com\/www.wallendorff.com\/belogue\/wp-content\/uploads\/2016\/08\/20160823-05-1.jpg?resize=350%2C200&ssl=1","width":350,"height":200,"srcset":"https:\/\/i0.wp.com\/www.wallendorff.com\/belogue\/wp-content\/uploads\/2016\/08\/20160823-05-1.jpg?resize=350%2C200&ssl=1 1x, https:\/\/i0.wp.com\/www.wallendorff.com\/belogue\/wp-content\/uploads\/2016\/08\/20160823-05-1.jpg?resize=525%2C300&ssl=1 1.5x, https:\/\/i0.wp.com\/www.wallendorff.com\/belogue\/wp-content\/uploads\/2016\/08\/20160823-05-1.jpg?resize=700%2C400&ssl=1 2x"},"classes":[]},{"id":1272,"url":"https:\/\/www.wallendorff.com\/belogue\/2008\/07\/18\/monte-hippiethon\/","url_meta":{"origin":20553,"position":3},"title":"Monte-hippiethon\u00b9.","author":"dpc","date":"18 juillet 2008","format":false,"excerpt":"Rue de la Manutention, Paris, 23 juin. Le seul truc pire que de se r\u00e9veiller \u00e0 6h36 quand on a mis son r\u00e9veil \u00e0 6h37, c'est se r\u00e9veiller \u00e0 6h36, grommeler en se retournant pour profiter de sa derni\u00e8re minute et \u00eatre interrompu dans la seconde suivante par Vanessa Paradis\u2026","rel":"","context":"Dans &quot;DPC&quot;","block_context":{"text":"DPC","link":"https:\/\/www.wallendorff.com\/belogue\/category\/dpc\/"},"img":{"alt_text":"","src":"https:\/\/i0.wp.com\/www.wallendorff.com\/belogue\/wp-content\/uploads\/2015\/04\/200807181.jpg?resize=350%2C200&ssl=1","width":350,"height":200},"classes":[]},{"id":7786,"url":"https:\/\/www.wallendorff.com\/belogue\/2010\/07\/01\/the-dead-weather-le-bataclan-paris\/","url_meta":{"origin":20553,"position":4},"title":"The Dead Weather @ le Bataclan, Paris.","author":"dpc","date":"1 juillet 2010","format":false,"excerpt":"Ahah et dire que quand j'\u00e9tais jeune et na\u00eff je m'\u00e9tais plaint du Bataclan de Pidji Harvet l'ann\u00e9e derni\u00e8re parce qu'on avait eu trop chaud. Hier c'\u00e9tait pire, bien pire, pire m\u00eame que la Cigale de l'ann\u00e9e derni\u00e8re avec des morts et tout\u00a0; mais pas des morts inutiles, hein, des\u2026","rel":"","context":"Dans &quot;Alive&quot;","block_context":{"text":"Alive","link":"https:\/\/www.wallendorff.com\/belogue\/category\/alive\/"},"img":{"alt_text":"","src":"https:\/\/i0.wp.com\/www.wallendorff.com\/belogue\/wp-content\/uploads\/2015\/04\/201007011.jpg?resize=350%2C200&ssl=1","width":350,"height":200,"srcset":"https:\/\/i0.wp.com\/www.wallendorff.com\/belogue\/wp-content\/uploads\/2015\/04\/201007011.jpg?resize=350%2C200&ssl=1 1x, https:\/\/i0.wp.com\/www.wallendorff.com\/belogue\/wp-content\/uploads\/2015\/04\/201007011.jpg?resize=525%2C300&ssl=1 1.5x, https:\/\/i0.wp.com\/www.wallendorff.com\/belogue\/wp-content\/uploads\/2015\/04\/201007011.jpg?resize=700%2C400&ssl=1 2x"},"classes":[]},{"id":131558,"url":"https:\/\/www.wallendorff.com\/belogue\/2024\/12\/31\/decembre-2024\/","url_meta":{"origin":20553,"position":5},"title":"D\u00e9cembre 2024.","author":"dpc","date":"31 d\u00e9cembre 2024","format":false,"excerpt":"Ce journal photographique aligne en images les \u00e9v\u00e8nements, petits ou grands, joyeux ou tristes, pour garder une trace du rythme du mois pr\u00e9c\u00e9dent. Je n'y adjoins jamais de texte. Les images se suffisent d'elles-m\u00eames, et quand elles laissent des ellipses dans leur r\u00e9cit, charge \u00e0 soi de les combler comme\u2026","rel":"","context":"Dans &quot;Blog-note&quot;","block_context":{"text":"Blog-note","link":"https:\/\/www.wallendorff.com\/belogue\/category\/blog-note\/"},"img":{"alt_text":"","src":"https:\/\/i0.wp.com\/www.wallendorff.com\/belogue\/wp-content\/uploads\/2025\/01\/20250122-18.jpg?resize=350%2C200&ssl=1","width":350,"height":200,"srcset":"https:\/\/i0.wp.com\/www.wallendorff.com\/belogue\/wp-content\/uploads\/2025\/01\/20250122-18.jpg?resize=350%2C200&ssl=1 1x, https:\/\/i0.wp.com\/www.wallendorff.com\/belogue\/wp-content\/uploads\/2025\/01\/20250122-18.jpg?resize=525%2C300&ssl=1 1.5x, https:\/\/i0.wp.com\/www.wallendorff.com\/belogue\/wp-content\/uploads\/2025\/01\/20250122-18.jpg?resize=700%2C400&ssl=1 2x, https:\/\/i0.wp.com\/www.wallendorff.com\/belogue\/wp-content\/uploads\/2025\/01\/20250122-18.jpg?resize=1050%2C600&ssl=1 3x"},"classes":[]}],"_links":{"self":[{"href":"https:\/\/www.wallendorff.com\/belogue\/wp-json\/wp\/v2\/posts\/20553","targetHints":{"allow":["GET"]}}],"collection":[{"href":"https:\/\/www.wallendorff.com\/belogue\/wp-json\/wp\/v2\/posts"}],"about":[{"href":"https:\/\/www.wallendorff.com\/belogue\/wp-json\/wp\/v2\/types\/post"}],"author":[{"embeddable":true,"href":"https:\/\/www.wallendorff.com\/belogue\/wp-json\/wp\/v2\/users\/1"}],"replies":[{"embeddable":true,"href":"https:\/\/www.wallendorff.com\/belogue\/wp-json\/wp\/v2\/comments?post=20553"}],"version-history":[{"count":4,"href":"https:\/\/www.wallendorff.com\/belogue\/wp-json\/wp\/v2\/posts\/20553\/revisions"}],"predecessor-version":[{"id":22234,"href":"https:\/\/www.wallendorff.com\/belogue\/wp-json\/wp\/v2\/posts\/20553\/revisions\/22234"}],"wp:featuredmedia":[{"embeddable":true,"href":"https:\/\/www.wallendorff.com\/belogue\/wp-json\/wp\/v2\/media\/26531"}],"wp:attachment":[{"href":"https:\/\/www.wallendorff.com\/belogue\/wp-json\/wp\/v2\/media?parent=20553"}],"wp:term":[{"taxonomy":"category","embeddable":true,"href":"https:\/\/www.wallendorff.com\/belogue\/wp-json\/wp\/v2\/categories?post=20553"},{"taxonomy":"post_tag","embeddable":true,"href":"https:\/\/www.wallendorff.com\/belogue\/wp-json\/wp\/v2\/tags?post=20553"}],"curies":[{"name":"wp","href":"https:\/\/api.w.org\/{rel}","templated":true}]}}