{"id":20530,"date":"2013-03-01T11:15:56","date_gmt":"2013-03-01T09:15:56","guid":{"rendered":"http:\/\/www.wallendorff.com\/?p=20530"},"modified":"2014-01-13T19:59:06","modified_gmt":"2014-01-13T17:59:06","slug":"shooting-people-101","status":"publish","type":"post","link":"https:\/\/www.wallendorff.com\/belogue\/2013\/03\/01\/shooting-people-101\/","title":{"rendered":"Shooting people #101."},"content":{"rendered":"\n<div id=\"photo\">\n<p><img decoding=\"async\" src=\"https:\/\/www.wallendorff.com\/belogue\/photo\/2013\/03\/20130301.jpg\"><br \/>\nLes D&eacute;ferlantes, Argel&egrave;s-sur-Mer, 8 juillet 2012.<\/p>\n<\/p><\/div>\n<p style=\"text-align:right\"><em>Three days, maybe longer.<\/em><\/p>\n<div id=\"bandeson\">\n<p><img decoding=\"async\" src=\"https:\/\/www.wallendorff.com\/belogue\/photo\/pochettes\/p\/pearl_jam-vitalogy.jpg\" align=\"left\" \/><a style=\"font-weight:normal\" id=\"lienmp3\" href=\"http:\/\/www.youtube.com\/watch?v=WnLLENrXspM\"><em>Last Exit<\/em><\/a><br \/><a href=\"http:\/\/www.tenclub.net\/\">Pearl Jam<\/a><\/p>\n<\/p><\/div>\n","protected":false},"excerpt":{"rendered":"<p>Les D&eacute;ferlantes, Argel&egrave;s-sur-Mer, 8 juillet 2012. Three days, maybe longer. Last ExitPearl Jam<\/p>\n","protected":false},"author":1,"featured_media":26520,"comment_status":"open","ping_status":"open","sticky":false,"template":"","format":"standard","meta":{"_acf_changed":false,"ngg_post_thumbnail":0,"jetpack_post_was_ever_published":false,"_jetpack_newsletter_access":"","_jetpack_dont_email_post_to_subs":false,"_jetpack_newsletter_tier_id":0,"_jetpack_memberships_contains_paywalled_content":false,"_jetpack_memberships_contains_paid_content":false,"footnotes":"","jetpack_publicize_message":"","jetpack_publicize_feature_enabled":true,"jetpack_social_post_already_shared":true,"jetpack_social_options":{"image_generator_settings":{"template":"highway","default_image_id":0,"font":"","enabled":false},"version":2}},"categories":[8],"tags":[11060,196,2615,11067,10136,10120,11061,7364,11062,11063,143,10165,10272,10376,8276,11064],"class_list":["post-20530","post","type-post","status-publish","format-standard","has-post-thumbnail","hentry","category-portraits","tag-argeles-sur-mer","tag-ef-28-70-mm-f28l-usm","tag-eos-5d-mark-ii","tag-daniel-darc","tag-festival","tag-france","tag-languedoc-roussillon","tag-last-exit","tag-les-deferlantes","tag-les-deferlantes-2012","tag-noir-et-blanc","tag-pearl-jam","tag-portrait","tag-promo","tag-pu","tag-pyrenees-orientales"],"acf":[],"geo":{"latitude":42.5303955,"longitude":3.0297966,"description":"Argelers, Languedoc-Roussillon, 66704 CEDEX, FR"},"jetpack_publicize_connections":[],"jetpack_featured_media_url":"https:\/\/www.wallendorff.com\/belogue\/wp-content\/uploads\/2015\/04\/20130301.jpg","jetpack_shortlink":"https:\/\/wp.me\/p3b35P-5l8","jetpack_sharing_enabled":true,"jetpack-related-posts":[{"id":18174,"url":"https:\/\/www.wallendorff.com\/belogue\/2012\/07\/12\/les-deferlantes-argeles-sur-mer-7-10-juillet\/","url_meta":{"origin":20530,"position":0},"title":"Les D\u00e9ferlantes, Argel\u00e8s-sur-Mer, 7-10 juillet.","author":"dpc","date":"12 juillet 2012","format":false,"excerpt":"J'ai tout mis p\u00e8le-m\u00eale pour vous la faire courte. Bonne ambiance, joli cadre, belles rencontres, du taureau en brochette et Cali qu'on croise partout. Il para\u00eet qu'il est super sympa en vrai, Cali. The Henry Clay People \u2013 Hide Samedi 7 juillet The Ting Tings | Camille | Metronomy |\u2026","rel":"","context":"Dans &quot;Alive&quot;","block_context":{"text":"Alive","link":"https:\/\/www.wallendorff.com\/belogue\/category\/alive\/"},"img":{"alt_text":"","src":"https:\/\/i0.wp.com\/www.wallendorff.com\/belogue\/wp-content\/uploads\/2015\/04\/201207121.jpg?resize=350%2C200&ssl=1","width":350,"height":200,"srcset":"https:\/\/i0.wp.com\/www.wallendorff.com\/belogue\/wp-content\/uploads\/2015\/04\/201207121.jpg?resize=350%2C200&ssl=1 1x, https:\/\/i0.wp.com\/www.wallendorff.com\/belogue\/wp-content\/uploads\/2015\/04\/201207121.jpg?resize=525%2C300&ssl=1 1.5x, https:\/\/i0.wp.com\/www.wallendorff.com\/belogue\/wp-content\/uploads\/2015\/04\/201207121.jpg?resize=700%2C400&ssl=1 2x"},"classes":[]},{"id":5839,"url":"https:\/\/www.wallendorff.com\/belogue\/2010\/01\/06\/another-day-you-leave-behind\/","url_meta":{"origin":20530,"position":1},"title":"Another day you leave behind.","author":"dpc","date":"6 janvier 2010","format":false,"excerpt":"Galerie Vivienne, Paris, 11 novembre 2009. \u00a0Black Rebel Motorcycle Club \u2013 Mercy","rel":"","context":"Dans &quot;DPC&quot;","block_context":{"text":"DPC","link":"https:\/\/www.wallendorff.com\/belogue\/category\/dpc\/"},"img":{"alt_text":"","src":"https:\/\/i0.wp.com\/www.wallendorff.com\/belogue\/wp-content\/uploads\/2015\/04\/201001061.jpg?resize=350%2C200&ssl=1","width":350,"height":200,"srcset":"https:\/\/i0.wp.com\/www.wallendorff.com\/belogue\/wp-content\/uploads\/2015\/04\/201001061.jpg?resize=350%2C200&ssl=1 1x, https:\/\/i0.wp.com\/www.wallendorff.com\/belogue\/wp-content\/uploads\/2015\/04\/201001061.jpg?resize=525%2C300&ssl=1 1.5x, https:\/\/i0.wp.com\/www.wallendorff.com\/belogue\/wp-content\/uploads\/2015\/04\/201001061.jpg?resize=700%2C400&ssl=1 2x"},"classes":[]},{"id":128516,"url":"https:\/\/www.wallendorff.com\/belogue\/2024\/06\/20\/cetait-2012\/","url_meta":{"origin":20530,"position":2},"title":"C&rsquo;\u00e9tait 2012.","author":"dpc","date":"20 juin 2024","format":false,"excerpt":"2012, rebonds. Gossip @ la Cigale, Paris, 14\/05\/2012 Les D\u00e9ferlantes, Argel\u00e8s-sur-Mer, 07\/07\/2012 Daniel Darc @ les D\u00e9ferlantes, Argel\u00e8s-sur-Mer, 08\/07\/2012 Dionysos @ Pal\u00e9o Festival, Nyon, 18\/07\/2012 Pal\u00e9o Festival, Nyon, 20\/07\/2012 Airnadette @ Pal\u00e9o Festival, Nyon, 21\/07\/2012 Green Day @ Rock en Seine, Domaine National de Saint-Cloud, 26\/08\/2012","rel":"","context":"Dans &quot;DPC&quot;","block_context":{"text":"DPC","link":"https:\/\/www.wallendorff.com\/belogue\/category\/dpc\/"},"img":{"alt_text":"","src":"https:\/\/i0.wp.com\/www.wallendorff.com\/belogue\/wp-content\/uploads\/2024\/06\/20240620-17.jpg?resize=350%2C200&ssl=1","width":350,"height":200,"srcset":"https:\/\/i0.wp.com\/www.wallendorff.com\/belogue\/wp-content\/uploads\/2024\/06\/20240620-17.jpg?resize=350%2C200&ssl=1 1x, https:\/\/i0.wp.com\/www.wallendorff.com\/belogue\/wp-content\/uploads\/2024\/06\/20240620-17.jpg?resize=525%2C300&ssl=1 1.5x, https:\/\/i0.wp.com\/www.wallendorff.com\/belogue\/wp-content\/uploads\/2024\/06\/20240620-17.jpg?resize=700%2C400&ssl=1 2x, https:\/\/i0.wp.com\/www.wallendorff.com\/belogue\/wp-content\/uploads\/2024\/06\/20240620-17.jpg?resize=1050%2C600&ssl=1 3x"},"classes":[]},{"id":5901,"url":"https:\/\/www.wallendorff.com\/belogue\/2010\/01\/07\/avides-meges-oints-juyette-outre\/","url_meta":{"origin":20530,"position":3},"title":"Avides m\u00e8ges oints, Juyette outre.","author":"dpc","date":"7 janvier 2010","format":false,"excerpt":"Villa de Guelma, Paris, 12 novembre 2009. \u00a0Girls in Braine-l'Alleud1 \u2013 Birthday Call [Notons que j'ai bien mieux r\u00e9ussi Juyette que la girafe montignienne. Enfin j'esp\u00e8re.] Ah et donc comme Twitter est un site de nase avec que des nases qui vont dessus et que je n'aime rien faire comme\u2026","rel":"","context":"Dans &quot;Portraits&quot;","block_context":{"text":"Portraits","link":"https:\/\/www.wallendorff.com\/belogue\/category\/portraits\/"},"img":{"alt_text":"","src":"https:\/\/i0.wp.com\/www.wallendorff.com\/belogue\/wp-content\/uploads\/2015\/04\/201001071.jpg?resize=350%2C200&ssl=1","width":350,"height":200,"srcset":"https:\/\/i0.wp.com\/www.wallendorff.com\/belogue\/wp-content\/uploads\/2015\/04\/201001071.jpg?resize=350%2C200&ssl=1 1x, https:\/\/i0.wp.com\/www.wallendorff.com\/belogue\/wp-content\/uploads\/2015\/04\/201001071.jpg?resize=525%2C300&ssl=1 1.5x, https:\/\/i0.wp.com\/www.wallendorff.com\/belogue\/wp-content\/uploads\/2015\/04\/201001071.jpg?resize=700%2C400&ssl=1 2x"},"classes":[]},{"id":21785,"url":"https:\/\/www.wallendorff.com\/belogue\/2013\/10\/17\/rafoules\/","url_meta":{"origin":20530,"position":4},"title":"Rafoules.","author":"dpc","date":"17 octobre 2013","format":false,"excerpt":"Rafoule, subst. f\u00e9m. (ang. crowdburst) \u2014 Mouvement de foule photographi\u00e9 en rafale. Mind Your Manners Pearl Jam","rel":"","context":"Dans &quot;Rafoules&quot;","block_context":{"text":"Rafoules","link":"https:\/\/www.wallendorff.com\/belogue\/category\/rafoules\/"},"img":{"alt_text":"","src":"https:\/\/i0.wp.com\/www.wallendorff.com\/belogue\/wp-content\/uploads\/2015\/04\/20131017.gif?resize=350%2C200&ssl=1","width":350,"height":200,"srcset":"https:\/\/i0.wp.com\/www.wallendorff.com\/belogue\/wp-content\/uploads\/2015\/04\/20131017.gif?resize=350%2C200&ssl=1 1x, https:\/\/i0.wp.com\/www.wallendorff.com\/belogue\/wp-content\/uploads\/2015\/04\/20131017.gif?resize=525%2C300&ssl=1 1.5x, https:\/\/i0.wp.com\/www.wallendorff.com\/belogue\/wp-content\/uploads\/2015\/04\/20131017.gif?resize=700%2C400&ssl=1 2x"},"classes":[]},{"id":22957,"url":"https:\/\/www.wallendorff.com\/belogue\/2014\/06\/13\/dix-ans-en-publics\/","url_meta":{"origin":20530,"position":5},"title":"Dix ans en publics.","author":"dpc","date":"13 juin 2014","format":false,"excerpt":"Dix ans d'yeux riv\u00e9s dans la m\u00eame direction. Dix ans de sourires, d'attente f\u00e9brile et de mains tendus. Dix ans de gens qui, pour une minute, oublient tout le reste. Previously unreleased #49. Franz Ferdinand, Cobo Arena, D\u00e9troit, 1er d\u00e9cembre 2004. \u00a0 Jah dort, s'cuve ou f\u00eate. AqME, Metiz'Art, Metz,\u2026","rel":"","context":"Dans &quot;DPC&quot;","block_context":{"text":"DPC","link":"https:\/\/www.wallendorff.com\/belogue\/category\/dpc\/"},"img":{"alt_text":"","src":"https:\/\/i0.wp.com\/www.wallendorff.com\/belogue\/wp-content\/uploads\/2015\/04\/200506022.jpg?resize=350%2C200&ssl=1","width":350,"height":200,"srcset":"https:\/\/i0.wp.com\/www.wallendorff.com\/belogue\/wp-content\/uploads\/2015\/04\/200506022.jpg?resize=350%2C200&ssl=1 1x, https:\/\/i0.wp.com\/www.wallendorff.com\/belogue\/wp-content\/uploads\/2015\/04\/200506022.jpg?resize=525%2C300&ssl=1 1.5x, https:\/\/i0.wp.com\/www.wallendorff.com\/belogue\/wp-content\/uploads\/2015\/04\/200506022.jpg?resize=700%2C400&ssl=1 2x"},"classes":[]}],"_links":{"self":[{"href":"https:\/\/www.wallendorff.com\/belogue\/wp-json\/wp\/v2\/posts\/20530","targetHints":{"allow":["GET"]}}],"collection":[{"href":"https:\/\/www.wallendorff.com\/belogue\/wp-json\/wp\/v2\/posts"}],"about":[{"href":"https:\/\/www.wallendorff.com\/belogue\/wp-json\/wp\/v2\/types\/post"}],"author":[{"embeddable":true,"href":"https:\/\/www.wallendorff.com\/belogue\/wp-json\/wp\/v2\/users\/1"}],"replies":[{"embeddable":true,"href":"https:\/\/www.wallendorff.com\/belogue\/wp-json\/wp\/v2\/comments?post=20530"}],"version-history":[{"count":5,"href":"https:\/\/www.wallendorff.com\/belogue\/wp-json\/wp\/v2\/posts\/20530\/revisions"}],"predecessor-version":[{"id":22402,"href":"https:\/\/www.wallendorff.com\/belogue\/wp-json\/wp\/v2\/posts\/20530\/revisions\/22402"}],"wp:featuredmedia":[{"embeddable":true,"href":"https:\/\/www.wallendorff.com\/belogue\/wp-json\/wp\/v2\/media\/26520"}],"wp:attachment":[{"href":"https:\/\/www.wallendorff.com\/belogue\/wp-json\/wp\/v2\/media?parent=20530"}],"wp:term":[{"taxonomy":"category","embeddable":true,"href":"https:\/\/www.wallendorff.com\/belogue\/wp-json\/wp\/v2\/categories?post=20530"},{"taxonomy":"post_tag","embeddable":true,"href":"https:\/\/www.wallendorff.com\/belogue\/wp-json\/wp\/v2\/tags?post=20530"}],"curies":[{"name":"wp","href":"https:\/\/api.w.org\/{rel}","templated":true}]}}