{"id":20519,"date":"2013-02-27T12:51:37","date_gmt":"2013-02-27T10:51:37","guid":{"rendered":"http:\/\/www.wallendorff.com\/?p=20519"},"modified":"2018-05-23T08:14:59","modified_gmt":"2018-05-23T06:14:59","slug":"shooting-meuhmeuhz-4","status":"publish","type":"post","link":"https:\/\/www.wallendorff.com\/belogue\/2013\/02\/27\/shooting-meuhmeuhz-4\/","title":{"rendered":"Shooting meuhmeuhz #4."},"content":{"rendered":"\n<div id=\"photo\">\n<p><img decoding=\"async\" src=\"https:\/\/www.wallendorff.com\/belogue\/photo\/2013\/02\/20130227.jpg\"><\/p>\n<\/p><\/div>\n<p style=\"text-align:right\">Avec, par ordre d&rsquo;apparition&nbsp;: &Eacute;ric, Gondole, P&eacute;tale, Ghislain, Bandouli&egrave;re, Joseph, Sigourney, Ramette, Ventouse, Chantal, Cafeti&egrave;re, Gis&egrave;le, Ramette, Guidon, Yves, Altim&egrave;tre, David-Bowie, Cassoulet, &Eacute;charpe, Ramette, Claudie, Trap&egrave;ze, Allan et Ramette. Merci &Eacute;ric, merci Gondole, merci P&eacute;tale, merci Ghislain, merci Bandouli&egrave;re, merci Joseph, merci Sigourney, merci Ramette, merci Ventouse, merci Chantal, merci Cafeti&egrave;re, merci Gis&egrave;le, merci Ramette, merci Guidon, merci Yves, merci Altim&egrave;tre, merci David-Bowie, merci Cassoulet, merci &Eacute;charpe, merci Ramette, merci Claudie, merci Trap&egrave;ze, merci Allan et merci Ramette.<\/p>\n<p style=\"text-align:right\">[<a href=\"http:\/\/www.wallendorff.com\/category\/shooting-meuhmeuhz\/\">Les archives des ann&eacute;es pr&eacute;c&eacute;dentes sont l&agrave;<\/a>.]<\/p>\n<div id=\"bandeson\">\n<p><img decoding=\"async\" src=\"https:\/\/www.wallendorff.com\/belogue\/photo\/pochettes\/d\/dandy_warhols_the-this_machine.jpg\" align=\"left\" \/><a style=\"font-weight:normal\" id=\"lienmp3\" href=\"http:\/\/www.youtube.com\/watch?v=tT7Di7M2Ohs\"><em>16 Tons<\/em><\/a><br \/><a href=\"http:\/\/www.thedandywarhols.com\/\">The Dandy Warhols<\/a><\/p>\n<\/p><\/div>ngg_shortcode_0_placeholder<p>&nbsp;<\/p>\n","protected":false},"excerpt":{"rendered":"<p>Avec, par ordre d&rsquo;apparition&nbsp;: &Eacute;ric, Gondole, P&eacute;tale, Ghislain, Bandouli&egrave;re, Joseph, Sigourney, Ramette, Ventouse, Chantal, Cafeti&egrave;re, Gis&egrave;le, Ramette, Guidon, Yves, Altim&egrave;tre, David-Bowie, Cassoulet, &Eacute;charpe, Ramette, Claudie, Trap&egrave;ze, Allan et Ramette. Merci &Eacute;ric, merci Gondole, merci P&eacute;tale, merci Ghislain, merci Bandouli&egrave;re, merci Joseph, merci Sigourney, merci Ramette, merci Ventouse, merci Chantal, merci Cafeti&egrave;re, merci Gis&egrave;le, merci Ramette,&hellip;<\/p>\n","protected":false},"author":1,"featured_media":26524,"comment_status":"open","ping_status":"open","sticky":false,"template":"","format":"standard","meta":{"_acf_changed":false,"ngg_post_thumbnail":0,"jetpack_post_was_ever_published":false,"_jetpack_newsletter_access":"","_jetpack_dont_email_post_to_subs":false,"_jetpack_newsletter_tier_id":0,"_jetpack_memberships_contains_paywalled_content":false,"_jetpack_memberships_contains_paid_content":false,"footnotes":"","jetpack_publicize_message":"","jetpack_publicize_feature_enabled":true,"jetpack_social_post_already_shared":true,"jetpack_social_options":{"image_generator_settings":{"template":"highway","default_image_id":0,"font":"","enabled":false},"version":2}},"categories":[7,7357],"tags":[10243,7361,3253,1016,2571,6766,5614,10106,10995,10120,10121,10752,10568,143,10098,10244,10996,7360,878,7359,7358,10858],"class_list":["post-20519","post","type-post","status-publish","format-standard","has-post-thumbnail","hentry","category-alive","category-shooting-meuhmeuhz","tag-10243","tag-agneau","tag-animal","tag-ef-15-mm-f28-fisheye","tag-ef-16-35-mm-f28l-ii-usm","tag-eos-5d-mark-iii","tag-chevre","tag-cochon","tag-coq","tag-france","tag-ile-de-france","tag-lapin","tag-mouton","tag-noir-et-blanc","tag-paris","tag-paris-expo","tag-poule","tag-poussin","tag-salon-de-lagriculture","tag-salon-international-de-lagriculture-2013","tag-sia","tag-vache"],"acf":[],"geo":{"latitude":48.8319359,"longitude":2.2854459,"description":"Rue des Sciences, 75015 Paris, France"},"jetpack_publicize_connections":[],"jetpack_featured_media_url":"https:\/\/www.wallendorff.com\/belogue\/wp-content\/uploads\/2015\/04\/20130227.jpg","jetpack_shortlink":"https:\/\/wp.me\/p3b35P-5kX","jetpack_sharing_enabled":true,"jetpack-related-posts":[{"id":16133,"url":"https:\/\/www.wallendorff.com\/belogue\/2012\/02\/29\/shooting-meuhmeuhz-3\/","url_meta":{"origin":20519,"position":0},"title":"Shooting meuhmeuhz #3.","author":"dpc","date":"29 f\u00e9vrier 2012","format":false,"excerpt":"Je tiens \u00e0 remercier publiquement Chantal le veau, mais \u00e9galement ses amis Gilles, Djayzone, Arnufle, Potence, Ringo et Paul, Sigourney, Jean-Bielle, Flatule, Ramette, Maurice, Casserole, Ramette, Xavier-Ren\u00e9, Ramette et tous ceux que j'oublie pour s'\u00eatre gentiment laiss\u00e9 approcher sans meugler, b\u00ealer, b\u00e9gu\u00e9ter, grouiner, caqueter, clapir ni broncher. Chantal le veau,\u2026","rel":"","context":"Dans &quot;Alive&quot;","block_context":{"text":"Alive","link":"https:\/\/www.wallendorff.com\/belogue\/category\/alive\/"},"img":{"alt_text":"","src":"https:\/\/i0.wp.com\/www.wallendorff.com\/belogue\/wp-content\/uploads\/2015\/04\/201202291.jpg?resize=350%2C200&ssl=1","width":350,"height":200,"srcset":"https:\/\/i0.wp.com\/www.wallendorff.com\/belogue\/wp-content\/uploads\/2015\/04\/201202291.jpg?resize=350%2C200&ssl=1 1x, https:\/\/i0.wp.com\/www.wallendorff.com\/belogue\/wp-content\/uploads\/2015\/04\/201202291.jpg?resize=525%2C300&ssl=1 1.5x, https:\/\/i0.wp.com\/www.wallendorff.com\/belogue\/wp-content\/uploads\/2015\/04\/201202291.jpg?resize=700%2C400&ssl=1 2x"},"classes":[]},{"id":22551,"url":"https:\/\/www.wallendorff.com\/belogue\/2014\/02\/27\/shooting-meuhmeuhz-5\/","url_meta":{"origin":20519,"position":1},"title":"Shooting meuhmeuhz #5.","author":"dpc","date":"27 f\u00e9vrier 2014","format":false,"excerpt":"Les gens, je vous pr\u00e9sente mes nouveaux amis Blaise, Chemise, Rajiv, Ramette, Chicon, Georges, Socquette, Ramette, Pantoufle, Enclume, Jean-Louis, Siphon, Ramette, Ampoule, Bigorneau, Sonia, Ramette, Ventoline, Tricycle, Hayon, Ramette, Staline, Ricotta, Rago\u00fbt, G\u00e9n\u00e9pi, Dan-Ackroyd, Ramette, C\u00e9novis, Claquette, Simon, Ramette, Ramette, Ouanedirection, Gla\u00efeul et Ramette. Blaise, Chemise, Rajiv, Ramette, Chicon, Georges,\u2026","rel":"","context":"Dans &quot;Alive&quot;","block_context":{"text":"Alive","link":"https:\/\/www.wallendorff.com\/belogue\/category\/alive\/"},"img":{"alt_text":"","src":"https:\/\/i0.wp.com\/www.wallendorff.com\/belogue\/wp-content\/uploads\/2015\/04\/201402271.jpg?resize=350%2C200&ssl=1","width":350,"height":200,"srcset":"https:\/\/i0.wp.com\/www.wallendorff.com\/belogue\/wp-content\/uploads\/2015\/04\/201402271.jpg?resize=350%2C200&ssl=1 1x, https:\/\/i0.wp.com\/www.wallendorff.com\/belogue\/wp-content\/uploads\/2015\/04\/201402271.jpg?resize=525%2C300&ssl=1 1.5x, https:\/\/i0.wp.com\/www.wallendorff.com\/belogue\/wp-content\/uploads\/2015\/04\/201402271.jpg?resize=700%2C400&ssl=1 2x"},"classes":[]},{"id":22886,"url":"https:\/\/www.wallendorff.com\/belogue\/2014\/06\/04\/10-ans-a-la-ferme\/","url_meta":{"origin":20519,"position":2},"title":"10 ans [\u00e0 la] ferme.","author":"dpc","date":"4 juin 2014","format":false,"excerpt":"10 ans de jappement, de meuglements, de caquettements, de b\u00ealements et de piaillement. D'abord avec des toutous, puis des chats, puis tout le reste de la ferme quand na\u00eet en 2011 notre tradition de la visite annuelle au salon de la meuh-meuh (et \u00e0 l'ap\u00e9ro des producteurs de brebis). 10\u2026","rel":"","context":"Dans &quot;DPC&quot;","block_context":{"text":"DPC","link":"https:\/\/www.wallendorff.com\/belogue\/category\/dpc\/"},"img":{"alt_text":"","src":"https:\/\/i0.wp.com\/www.wallendorff.com\/belogue\/wp-content\/uploads\/2015\/04\/201204262.jpg?resize=350%2C200&ssl=1","width":350,"height":200,"srcset":"https:\/\/i0.wp.com\/www.wallendorff.com\/belogue\/wp-content\/uploads\/2015\/04\/201204262.jpg?resize=350%2C200&ssl=1 1x, https:\/\/i0.wp.com\/www.wallendorff.com\/belogue\/wp-content\/uploads\/2015\/04\/201204262.jpg?resize=525%2C300&ssl=1 1.5x, https:\/\/i0.wp.com\/www.wallendorff.com\/belogue\/wp-content\/uploads\/2015\/04\/201204262.jpg?resize=700%2C400&ssl=1 2x"},"classes":[]},{"id":767,"url":"https:\/\/www.wallendorff.com\/belogue\/2004\/06\/17\/merci-pour-l-info\/","url_meta":{"origin":20519,"position":3},"title":"Merci pour l&rsquo;info.","author":"dpc","date":"17 juin 2004","format":false,"excerpt":"J'ai trouv\u00e9 \u00e7a dans le hall d'entr\u00e9e du Full Moon, \u00e0 Ann Arbor, en attendant qu'il arr\u00eate de pleuvoir. \u00c7a change de \u00ab\u00a0Mozart a utilis\u00e9 les toilettes de ce bar\u00a0\u00bb ou \u00ab\u00a0Maison natale de Dick Rivers\u00a0\u00bb.","rel":"","context":"Dans &quot;DPC&quot;","block_context":{"text":"DPC","link":"https:\/\/www.wallendorff.com\/belogue\/category\/dpc\/"},"img":{"alt_text":"","src":"https:\/\/i0.wp.com\/www.wallendorff.com\/belogue\/wp-content\/uploads\/2015\/04\/087.jpg?resize=350%2C200&ssl=1","width":350,"height":200},"classes":[]},{"id":13062,"url":"https:\/\/www.wallendorff.com\/belogue\/2011\/07\/27\/bord-daile-de-merle\/","url_meta":{"origin":20519,"position":4},"title":"Bord d&rsquo;aile [de merle].","author":"dpc","date":"27 juillet 2011","format":false,"excerpt":"Merci, Paris, 18 juin. \u00a0The Horrors \u2013 Still Life","rel":"","context":"Dans &quot;DPC&quot;","block_context":{"text":"DPC","link":"https:\/\/www.wallendorff.com\/belogue\/category\/dpc\/"},"img":{"alt_text":"","src":"https:\/\/i0.wp.com\/www.wallendorff.com\/belogue\/wp-content\/uploads\/2015\/04\/201107271.jpg?resize=350%2C200&ssl=1","width":350,"height":200},"classes":[]},{"id":19811,"url":"https:\/\/www.wallendorff.com\/belogue\/2012\/12\/21\/shooting-people-98\/","url_meta":{"origin":20519,"position":5},"title":"Shooting people #98.","author":"dpc","date":"21 d\u00e9cembre 2012","format":false,"excerpt":"Clichy, 10 septembre. Sylvia Hanschneckenb\u00fchl sort aujourd'hui son deuxi\u00e8me album, Absolute, Kalhua & Bailey's. Le tout est dispo \u00e0 l'\u00e9coute sur son Bandcamp (pour l'\u00e9dition physique1, qui viendra plus tard, allez voir sa page Facebouque). _____ 1 Avec ma photo au verso que merci merci de m'avoir demand\u00e9 de la\u2026","rel":"","context":"Dans &quot;Portraits&quot;","block_context":{"text":"Portraits","link":"https:\/\/www.wallendorff.com\/belogue\/category\/portraits\/"},"img":{"alt_text":"","src":"https:\/\/i0.wp.com\/www.wallendorff.com\/belogue\/wp-content\/uploads\/2015\/04\/201212211.jpg?resize=350%2C200&ssl=1","width":350,"height":200,"srcset":"https:\/\/i0.wp.com\/www.wallendorff.com\/belogue\/wp-content\/uploads\/2015\/04\/201212211.jpg?resize=350%2C200&ssl=1 1x, https:\/\/i0.wp.com\/www.wallendorff.com\/belogue\/wp-content\/uploads\/2015\/04\/201212211.jpg?resize=525%2C300&ssl=1 1.5x"},"classes":[]}],"_links":{"self":[{"href":"https:\/\/www.wallendorff.com\/belogue\/wp-json\/wp\/v2\/posts\/20519","targetHints":{"allow":["GET"]}}],"collection":[{"href":"https:\/\/www.wallendorff.com\/belogue\/wp-json\/wp\/v2\/posts"}],"about":[{"href":"https:\/\/www.wallendorff.com\/belogue\/wp-json\/wp\/v2\/types\/post"}],"author":[{"embeddable":true,"href":"https:\/\/www.wallendorff.com\/belogue\/wp-json\/wp\/v2\/users\/1"}],"replies":[{"embeddable":true,"href":"https:\/\/www.wallendorff.com\/belogue\/wp-json\/wp\/v2\/comments?post=20519"}],"version-history":[{"count":6,"href":"https:\/\/www.wallendorff.com\/belogue\/wp-json\/wp\/v2\/posts\/20519\/revisions"}],"predecessor-version":[{"id":22549,"href":"https:\/\/www.wallendorff.com\/belogue\/wp-json\/wp\/v2\/posts\/20519\/revisions\/22549"}],"wp:featuredmedia":[{"embeddable":true,"href":"https:\/\/www.wallendorff.com\/belogue\/wp-json\/wp\/v2\/media\/26524"}],"wp:attachment":[{"href":"https:\/\/www.wallendorff.com\/belogue\/wp-json\/wp\/v2\/media?parent=20519"}],"wp:term":[{"taxonomy":"category","embeddable":true,"href":"https:\/\/www.wallendorff.com\/belogue\/wp-json\/wp\/v2\/categories?post=20519"},{"taxonomy":"post_tag","embeddable":true,"href":"https:\/\/www.wallendorff.com\/belogue\/wp-json\/wp\/v2\/tags?post=20519"}],"curies":[{"name":"wp","href":"https:\/\/api.w.org\/{rel}","templated":true}]}}